{"id":905,"date":"2012-07-13T10:24:47","date_gmt":"2012-07-13T07:24:47","guid":{"rendered":"https:\/\/www.enerjigazetesi.ist\/?p=905"},"modified":"2012-07-13T10:24:47","modified_gmt":"2012-07-13T07:24:47","slug":"turkiye-avrupanin-ucuncu-buyuk-enerji-piyasasi-olmaya-aday","status":"publish","type":"post","link":"https:\/\/www.enerjigazetesi.ist\/en\/turkiye-avrupanin-ucuncu-buyuk-enerji-piyasasi-olmaya-aday\/","title":{"rendered":"(Turkish) T\u00fcrkiye, Avrupa&#8217;n\u0131n \u00dc\u00e7\u00fcnc\u00fc B\u00fcy\u00fck Enerji Piyasas\u0131 Olmaya Aday"},"content":{"rendered":"<p class=\"qtranxs-available-languages-message qtranxs-available-languages-message-en\">Sorry, this entry is only available in <a href=\"https:\/\/www.enerjigazetesi.ist\/tr\/wp-json\/wp\/v2\/posts\/905\" class=\"qtranxs-available-language-link qtranxs-available-language-link-tr\" title=\"Turkish\">Turkish<\/a>. For the sake of viewer convenience, the content is shown below in the alternative language. You may click the link to switch the active language.<\/p><p><\/p>\n<div id=\"contextual\"><strong>Reuters&#8217;de yay\u0131nlanan analiz habere g\u00f6re T\u00fcrkiye, Avrupa&#8217;n\u0131n \u00fc\u00e7\u00fcnc\u00fc b\u00fcy\u00fck enerji piyasas\u0131 haline gelmeye aday.<\/strong><\/div>\n<div>\n<img loading=\"lazy\" class=\"alignright size-medium wp-image-906\" title=\"ENERJI~1\" src=\"https:\/\/www.enerjigazetesi.ist\/wp-content\/uploads\/2012\/07\/ENERJI1-300x264.jpg\" alt=\"\" width=\"300\" height=\"264\" srcset=\"https:\/\/www.enerjigazetesi.ist\/wp-content\/uploads\/2012\/07\/ENERJI1-300x264.jpg 300w, https:\/\/www.enerjigazetesi.ist\/wp-content\/uploads\/2012\/07\/ENERJI1-56x50.jpg 56w, https:\/\/www.enerjigazetesi.ist\/wp-content\/uploads\/2012\/07\/ENERJI1.jpg 350w\" sizes=\"(max-width: 300px) 100vw, 300px\" \/>Reuters haber ajans\u0131nda, Henning Gloystein imzas\u0131yla yay\u0131nlanan analiz haberde T\u00fcrkiye&#8217;nin gelecek 10 y\u0131l i\u00e7inde \u0130ngiltere&#8217;yi geride b\u0131rakarak Avrupa&#8217;n\u0131n \u00fc\u00e7\u00fcnc\u00fc b\u00fcy\u00fck enerji piyasas\u0131 haline gelmesi ve enerji ticaretinin yap\u0131ld\u0131\u011f\u0131 ba\u015fl\u0131ca merkezlerden biri olmas\u0131n\u0131n beklendi\u011fi ifade edildi.<\/p>\n<p>H\u0131zla artan n\u00fcfusu ve ucuz do\u011falgaz kaynaklar\u0131na yak\u0131n konumunu kullanmak isteyen T\u00fcrk h\u00fck\u00fcmetinin, T\u00fcrkiye&#8217;yi G\u00fcneydo\u011fu Avrupa ve Orta Asya&#8217;n\u0131n spot ve t\u00fcrev ara\u00e7lar\u0131n\u0131n i\u015flem g\u00f6rd\u00fc\u011f\u00fc g\u00f6sterge bir piyasa haline getirmek istedi\u011fi belirtilen haberde, Enerji Bakanl\u0131\u011f\u0131 M\u00fcste\u015far\u0131 Metin Kilci&#8217;nin, &#8220;Asya ve Avrupa aras\u0131nda k\u00f6pr\u00fc olan T\u00fcrkiye, bu b\u00f6lgedeki g\u00f6sterge fiyat\u0131n belirlendi\u011fi bir yer olma potansiyeli ta\u015f\u0131yor&#8221; ifadelerine yer verildi.<\/p>\n<p>T\u00fcrkiye&#8217;nin 2011 y\u0131l\u0131 enerji t\u00fcketiminin BP taraf\u0131ndan yay\u0131mlananson verilere g\u00f6re, bir \u00f6nceki y\u0131la g\u00f6re y\u00fczde 9.2 artarak 118.8 milyon varil petrol e\u015fde\u011feri seviyeye y\u00fckseldi\u011fi belirtilen analiz haberde art\u0131\u015f oran\u0131n\u0131n Avrupa ve Avrasya co\u011frafyas\u0131nda g\u00f6r\u00fclen eny\u00fcksek seviyede ger\u00e7ekle\u015fti\u011fi,s\u00f6z konusu co\u011frafyan\u0131n b\u00fct\u00fcn\u00fcnde enerji t\u00fcketiminin ortalama y\u00fczde 0.5 geriledi\u011fi kaydedildi. Bahsedilen b\u00fcy\u00fcme rakamlar\u0131 ger\u00e7ekle\u015firse, T\u00fcrkiye&#8217;nin Almanya ve Fransa&#8217;n\u0131n ard\u0131ndan Avrupa Birli\u011fi&#8217;nin \u00fc\u00e7\u00fcnc\u00fc b\u00fcy\u00fck pazar\u0131 olan \u0130ngiltere&#8217;yi yakalayaca\u011f\u0131 belirtilen haberde, elektrik \u00fcretim kapasitesi yaratmaya ve artan talebi kar\u015f\u0131lamaya\u00e7al\u0131\u015fan h\u00fck\u00fcmetin, elektrik piyasalar\u0131n\u0131 serbestle\u015ftirerekihtiya\u00e7 duyulan yat\u0131r\u0131m\u0131 \u00fclkeye \u00e7ekmeye \u00e7al\u0131\u015ft\u0131\u011f\u0131 aktar\u0131ld\u0131.<\/p><\/div>\n<div>\u00a0<\/div>\n<div>Kaynak: Haberciniz.biz<\/div>\n<p><\/p>","protected":false},"excerpt":{"rendered":"<p>Sorry, this entry is only available in Turkish. For the sake of viewer convenience, the content is shown below in the alternative language. You may click the link to switch the active language. Reuters&#8217;de yay\u0131nlanan analiz habere g\u00f6re T\u00fcrkiye, Avrupa&#8217;n\u0131n \u00fc\u00e7\u00fcnc\u00fc b\u00fcy\u00fck enerji piyasas\u0131 haline gelmeye aday. Reuters haber ajans\u0131nda, Henning Gloystein imzas\u0131yla yay\u0131nlanan analiz [&hellip;]<\/p>\n","protected":false},"author":1,"featured_media":906,"comment_status":"open","ping_status":"open","sticky":false,"template":"","format":"standard","meta":[],"categories":[53],"tags":[67,135],"views":637,"_links":{"self":[{"href":"https:\/\/www.enerjigazetesi.ist\/en\/wp-json\/wp\/v2\/posts\/905"}],"collection":[{"href":"https:\/\/www.enerjigazetesi.ist\/en\/wp-json\/wp\/v2\/posts"}],"about":[{"href":"https:\/\/www.enerjigazetesi.ist\/en\/wp-json\/wp\/v2\/types\/post"}],"author":[{"embeddable":true,"href":"https:\/\/www.enerjigazetesi.ist\/en\/wp-json\/wp\/v2\/users\/1"}],"replies":[{"embeddable":true,"href":"https:\/\/www.enerjigazetesi.ist\/en\/wp-json\/wp\/v2\/comments?post=905"}],"version-history":[{"count":1,"href":"https:\/\/www.enerjigazetesi.ist\/en\/wp-json\/wp\/v2\/posts\/905\/revisions"}],"predecessor-version":[{"id":907,"href":"https:\/\/www.enerjigazetesi.ist\/en\/wp-json\/wp\/v2\/posts\/905\/revisions\/907"}],"wp:featuredmedia":[{"embeddable":true,"href":"https:\/\/www.enerjigazetesi.ist\/en\/wp-json\/wp\/v2\/media\/906"}],"wp:attachment":[{"href":"https:\/\/www.enerjigazetesi.ist\/en\/wp-json\/wp\/v2\/media?parent=905"}],"wp:term":[{"taxonomy":"category","embeddable":true,"href":"https:\/\/www.enerjigazetesi.ist\/en\/wp-json\/wp\/v2\/categories?post=905"},{"taxonomy":"post_tag","embeddable":true,"href":"https:\/\/www.enerjigazetesi.ist\/en\/wp-json\/wp\/v2\/tags?post=905"}],"curies":[{"name":"wp","href":"https:\/\/api.w.org\/{rel}","templated":true}]}}