{"id":90409,"date":"2019-04-03T23:47:49","date_gmt":"2019-04-03T20:47:49","guid":{"rendered":"https:\/\/www.enerjigazetesi.ist\/?p=90409"},"modified":"2019-04-03T23:51:46","modified_gmt":"2019-04-03T20:51:46","slug":"hsbc-turkiye-dunya-saati-icin-isiklarini-kapatiyor","status":"publish","type":"post","link":"https:\/\/www.enerjigazetesi.ist\/en\/hsbc-turkiye-dunya-saati-icin-isiklarini-kapatiyor\/","title":{"rendered":"(Turkish) HSBC T\u00fcrkiye, &#8216;D\u00fcnya Saati&#8217; \u0130\u00e7in I\u015f\u0131klar\u0131n\u0131 Kapat\u0131yor"},"content":{"rendered":"<p class=\"qtranxs-available-languages-message qtranxs-available-languages-message-en\">Sorry, this entry is only available in <a href=\"https:\/\/www.enerjigazetesi.ist\/tr\/wp-json\/wp\/v2\/posts\/90409\" class=\"qtranxs-available-language-link qtranxs-available-language-link-tr\" title=\"Turkish\">Turkish<\/a>. For the sake of viewer convenience, the content is shown below in the alternative language. You may click the link to switch the active language.<\/p><p><\/p>\n<h1>HSBC T\u00fcrkiye, WWF\u2019in iklim de\u011fi\u015fikli\u011fine dikkat \u00e7ekmek ve do\u011fal kaynaklar\u0131n sorumlu kullan\u0131m\u0131 ile ilgili fark\u0131ndal\u0131\u011f\u0131 artt\u0131rmak amac\u0131yla y\u00fcr\u00fctt\u00fc\u011f\u00fc \u2018D\u00fcnya Saati\u2019 uygulamas\u0131na destek vermek i\u00e7in 6 Nisan Cumartesi g\u00fcn\u00fc saat 20.30\u2019da \u0131\u015f\u0131klar\u0131n\u0131 kapatacak.<\/h1>\n<p>HSBC Grubu\u2019nun 2009 y\u0131l\u0131ndan bu yana destek verdi\u011fi \u2018D\u00fcnya Saati\u2019 uygulamas\u0131n\u0131 HSBC T\u00fcrkiye, \u0130stanbul Esentepe Genel M\u00fcd\u00fcrl\u00fc\u011f\u00fc\u2019n\u00fcn \u0131\u015f\u0131klar\u0131n\u0131 6 Nisan\u2019da saat 20.30 ile 21.30 aras\u0131nda kapatarak destekliyor.<\/p>\n<p><img loading=\"lazy\" class=\"alignright size-medium wp-image-90411\" src=\"https:\/\/www.enerjigazetesi.ist\/wp-content\/uploads\/2019\/04\/hsbc-turkiye-dunya-saati-icin-isiklarini-kapatiyor-300x199.jpg\" alt=\"\" width=\"300\" height=\"199\" srcset=\"https:\/\/www.enerjigazetesi.ist\/wp-content\/uploads\/2019\/04\/hsbc-turkiye-dunya-saati-icin-isiklarini-kapatiyor-300x199.jpg 300w, https:\/\/www.enerjigazetesi.ist\/wp-content\/uploads\/2019\/04\/hsbc-turkiye-dunya-saati-icin-isiklarini-kapatiyor-500x332.jpg 500w, https:\/\/www.enerjigazetesi.ist\/wp-content\/uploads\/2019\/04\/hsbc-turkiye-dunya-saati-icin-isiklarini-kapatiyor-75x50.jpg 75w, https:\/\/www.enerjigazetesi.ist\/wp-content\/uploads\/2019\/04\/hsbc-turkiye-dunya-saati-icin-isiklarini-kapatiyor-450x300.jpg 450w, https:\/\/www.enerjigazetesi.ist\/wp-content\/uploads\/2019\/04\/hsbc-turkiye-dunya-saati-icin-isiklarini-kapatiyor.jpg 735w\" sizes=\"(max-width: 300px) 100vw, 300px\" \/>HSBC T\u00fcrkiye Kurumsal \u0130leti\u015fim Grup Ba\u015fkan\u0131 P\u0131nar T\u00fcrker Fad\u0131ll\u0131o\u011flu, uygulama ile ilgili \u015funlar\u0131 s\u00f6yledi: \u201cBizim i\u00e7in s\u00fcrd\u00fcr\u00fclebilirlik, ald\u0131\u011f\u0131m\u0131z kararlarda sosyal, k\u00fclt\u00fcrel, \u00e7evresel ve ekonomik ko\u015fullar\u0131n dengeli bir \u015fekilde g\u00f6z \u00f6n\u00fcnde bulundurulmas\u0131 ve bu sayede ald\u0131\u011f\u0131m\u0131z kararlar\u0131n payda\u015flar\u0131m\u0131za uzun vadede de\u011fer yaratmas\u0131 anlam\u0131na geliyor. Bu nedenle, \u00e7evresel s\u00fcrd\u00fcr\u00fclebilirlik odakland\u0131\u011f\u0131m\u0131z alanlardan biri. Do\u011fal ya\u015fam\u0131n s\u00fcrd\u00fcr\u00fclebilirli\u011fi ve \u00e7evre bilincinin geli\u015ftirilmesi i\u00e7in \u00e7evre odakl\u0131 projeleri destekliyoruz. WWF i\u015f birli\u011fiyle bu sene hayata ge\u00e7irdi\u011fimiz \u2018Ya\u011fmur Suyu Hasad\u0131\u2019 projesi ile Ege\u2019de dezavantajl\u0131 bir k\u00f6yde ya\u011fmur suyu hasad\u0131 modeli olu\u015fturuyoruz. Ya\u011fmur suyu hasad\u0131yla hem bu k\u00f6y\u00fcn su ihtiyac\u0131n\u0131n giderilmesine hem de b\u00f6lgedeki ekolojik s\u00fcrd\u00fcr\u00fclebilirli\u011fe destek olaca\u011f\u0131z. Bunun yan\u0131 s\u0131ra, operasyonel s\u00fcrd\u00fcr\u00fclebilirlik program\u0131m\u0131z kapsam\u0131nda faaliyetlerimizin \u00e7evresel etkilerini y\u00f6netmek i\u00e7in karbon ayak izimizi \u00f6l\u00e7\u00fcyor ve takip ediyor, kaynak ve enerji verimlili\u011fimizi art\u0131rmak i\u00e7in \u00f6nemler al\u0131yoruz. Her sene destekledi\u011fimiz D\u00fcnya Saati uygulamas\u0131 da bu konuda kararl\u0131l\u0131\u011f\u0131m\u0131z\u0131 g\u00f6steren uygulamalardan biri.\u201d<\/p>\n<p>WWF\u2019in iklim de\u011fi\u015fikli\u011fine dikkat \u00e7ekmek ve do\u011fal kaynaklar\u0131n sorumlu kullan\u0131m\u0131 ile ilgili fark\u0131ndal\u0131\u011f\u0131 artt\u0131rmak amac\u0131yla her y\u0131l d\u00fczenledi\u011fi \u2018D\u00fcnya Saati\u2019 uygulamas\u0131 ilk kez 2007 y\u0131l\u0131nda Sidney\u2019de ba\u015flat\u0131ld\u0131. Bug\u00fcn k\u00fcresel bir harekete d\u00f6n\u00fc\u015fen \u2018D\u00fcnya Saati\u2019 uygulamas\u0131yla, uygulamaya kat\u0131lan \u015fehirlerdeki tarihi ve g\u00f6rkemli yap\u0131lar\u0131n, \u015firket binalar\u0131n\u0131n ve konutlar\u0131n \u0131\u015f\u0131klar\u0131 kapat\u0131larak, iklim de\u011fi\u015fikli\u011fine dikkat \u00e7ekiliyor.<\/p>","protected":false},"excerpt":{"rendered":"<p>Sorry, this entry is only available in Turkish. For the sake of viewer convenience, the content is shown below in the alternative language. You may click the link to switch the active language. HSBC T\u00fcrkiye, WWF\u2019in iklim de\u011fi\u015fikli\u011fine dikkat \u00e7ekmek ve do\u011fal kaynaklar\u0131n sorumlu kullan\u0131m\u0131 ile ilgili fark\u0131ndal\u0131\u011f\u0131 artt\u0131rmak amac\u0131yla y\u00fcr\u00fctt\u00fc\u011f\u00fc \u2018D\u00fcnya Saati\u2019 uygulamas\u0131na destek [&hellip;]<\/p>\n","protected":false},"author":1,"featured_media":90411,"comment_status":"open","ping_status":"open","sticky":false,"template":"","format":"standard","meta":[],"categories":[51,53,52],"tags":[29006,67,1009,48834,48832,41159,1471,48833,1298],"views":709,"_links":{"self":[{"href":"https:\/\/www.enerjigazetesi.ist\/en\/wp-json\/wp\/v2\/posts\/90409"}],"collection":[{"href":"https:\/\/www.enerjigazetesi.ist\/en\/wp-json\/wp\/v2\/posts"}],"about":[{"href":"https:\/\/www.enerjigazetesi.ist\/en\/wp-json\/wp\/v2\/types\/post"}],"author":[{"embeddable":true,"href":"https:\/\/www.enerjigazetesi.ist\/en\/wp-json\/wp\/v2\/users\/1"}],"replies":[{"embeddable":true,"href":"https:\/\/www.enerjigazetesi.ist\/en\/wp-json\/wp\/v2\/comments?post=90409"}],"version-history":[{"count":0,"href":"https:\/\/www.enerjigazetesi.ist\/en\/wp-json\/wp\/v2\/posts\/90409\/revisions"}],"wp:featuredmedia":[{"embeddable":true,"href":"https:\/\/www.enerjigazetesi.ist\/en\/wp-json\/wp\/v2\/media\/90411"}],"wp:attachment":[{"href":"https:\/\/www.enerjigazetesi.ist\/en\/wp-json\/wp\/v2\/media?parent=90409"}],"wp:term":[{"taxonomy":"category","embeddable":true,"href":"https:\/\/www.enerjigazetesi.ist\/en\/wp-json\/wp\/v2\/categories?post=90409"},{"taxonomy":"post_tag","embeddable":true,"href":"https:\/\/www.enerjigazetesi.ist\/en\/wp-json\/wp\/v2\/tags?post=90409"}],"curies":[{"name":"wp","href":"https:\/\/api.w.org\/{rel}","templated":true}]}}