{"id":90294,"date":"2019-04-02T00:06:27","date_gmt":"2019-04-01T21:06:27","guid":{"rendered":"https:\/\/www.enerjigazetesi.ist\/?p=90294"},"modified":"2019-04-02T00:09:32","modified_gmt":"2019-04-01T21:09:32","slug":"surdurulebilir-yasam-film-festivali-antalya-bodrum-eskisehir-ve-kayseride","status":"publish","type":"post","link":"https:\/\/www.enerjigazetesi.ist\/en\/surdurulebilir-yasam-film-festivali-antalya-bodrum-eskisehir-ve-kayseride\/","title":{"rendered":"(Turkish) &#8217;S\u00fcrd\u00fcr\u00fclebilir Ya\u015fam Film Festivali&#8217; Antalya, Bodrum, Eski\u015fehir ve Kayseri&#8217;de!"},"content":{"rendered":"<p class=\"qtranxs-available-languages-message qtranxs-available-languages-message-en\">Sorry, this entry is only available in <a href=\"https:\/\/www.enerjigazetesi.ist\/tr\/wp-json\/wp\/v2\/posts\/90294\" class=\"qtranxs-available-language-link qtranxs-available-language-link-tr\" title=\"Turkish\">Turkish<\/a>. For the sake of viewer convenience, the content is shown below in the alternative language. You may click the link to switch the active language.<\/p><p><\/p>\n<h1>S\u00fcrd\u00fcr\u00fclebilir Ya\u015fam Film Festivali (SYFF) 2018 se\u00e7kisiyle Nisan ve May\u0131s aylar\u0131nda Antalya, Bodrum, Eski\u015fehir ve Kayseri&#8217;de izleyicilerle bulu\u015fuyor.<\/h1>\n<p>Festival, SYFF&#8217;yi \u015fehrinde organize etmek isteyen aktivistlerin ve sivil toplum kurulu\u015flar\u0131n\u0131n <span style=\"text-decoration: underline;\">organizasyonlar\u0131yla;<\/span><\/p>\n<p>11-14 Nisan&#8217;da Antalya&#8217;da Antalya K\u00fclt\u00fcr Sanat\u2019ta,<br \/>\n16-18 Nisan&#8217;da Kayseri&#8217;de Erciyes \u00dcniversitesi 15 Temmuz Kongre ve K\u00fclt\u00fcr Merkezi\u2019nde,<br \/>\n<img loading=\"lazy\" class=\"alignright size-medium wp-image-90296\" src=\"https:\/\/www.enerjigazetesi.ist\/wp-content\/uploads\/2019\/04\/surdurulebilir-yasam-film-festivali-antalya-bodrum-eskisehir-ve-kayseride1-300x169.jpg\" alt=\"\" width=\"300\" height=\"169\" srcset=\"https:\/\/www.enerjigazetesi.ist\/wp-content\/uploads\/2019\/04\/surdurulebilir-yasam-film-festivali-antalya-bodrum-eskisehir-ve-kayseride1-300x169.jpg 300w, https:\/\/www.enerjigazetesi.ist\/wp-content\/uploads\/2019\/04\/surdurulebilir-yasam-film-festivali-antalya-bodrum-eskisehir-ve-kayseride1-768x432.jpg 768w, https:\/\/www.enerjigazetesi.ist\/wp-content\/uploads\/2019\/04\/surdurulebilir-yasam-film-festivali-antalya-bodrum-eskisehir-ve-kayseride1-500x281.jpg 500w, https:\/\/www.enerjigazetesi.ist\/wp-content\/uploads\/2019\/04\/surdurulebilir-yasam-film-festivali-antalya-bodrum-eskisehir-ve-kayseride1-80x45.jpg 80w, https:\/\/www.enerjigazetesi.ist\/wp-content\/uploads\/2019\/04\/surdurulebilir-yasam-film-festivali-antalya-bodrum-eskisehir-ve-kayseride1.jpg 868w\" sizes=\"(max-width: 300px) 100vw, 300px\" \/>24-27 Nisan&#8217;da Eski\u015fehir&#8217;de Tepeba\u015f\u0131 Belediyesi Z\u00fcbeyde Han\u0131m K\u00fclt\u00fcr Merkezi\u2019nde<br \/>\n25-27 May\u0131s tarihlerinde Bodrum&#8217;da Bodrum Belediyesi Nurol K\u00fclt\u00fcr Merkezi\u2019nde ger\u00e7ekle\u015fecek.<\/p>\n<p>Festivalde filmlerin yan\u0131 s\u0131ra film i\u00e7erikleriyle alakal\u0131 konularda yapt\u0131klar\u0131 \u00e7al\u0131\u015fmalarla ilham veren konu\u015fmac\u0131lar, m\u00fczisyenler ve performanslar yer alacak.<\/p>\n<p>Karma\u015f\u0131k k\u00fcresel sorunlar kar\u015f\u0131s\u0131nda s\u0131radan insanlar\u0131n \u00fcretti\u011fi ve hayata ge\u00e7irdi\u011fi yarat\u0131c\u0131 \u00e7\u00f6z\u00fcmler i\u00e7eren belgesellerden olu\u015fan SYFF se\u00e7kisi Kosta Rika, \u0130spanya, Haiti, Etiyopya, ABD; Hindistan, Kongo, Fransa, Almanya, Mozambik, Filistin, \u0130srail, Burkina Faso, Sri Lanka, Solomon Adalar\u0131, Banglade\u015f, Hollanda, Avusturya, \u0130talya, G\u00fcney Afrika Cumhuriyeti ve T\u00fcrkiye\u2019den ilham verici hikayeler i\u00e7eriyor. Bu hikayeler ihtiyac\u0131m\u0131z olan kahramanlar\u0131n kim oldu\u011funu g\u00f6zler \u00f6n\u00fcne seriyor: De\u011fi\u015fim yaratmak isteyen herkes!<\/p>\n<p>Artan kurakl\u0131k, sel, orman yang\u0131n\u0131, \u00e7at\u0131\u015fma, e\u015fitsizlik, g\u0131da fiyat\u0131 vb. haberlerin yan\u0131nda yer bulamayan t\u00fcm bu hikayeler kula\u011f\u0131m\u0131za f\u0131s\u0131ld\u0131yor: \u0130htiyac\u0131m\u0131z olan t\u00fcm \u00e7\u00f6z\u00fcmler halihaz\u0131rda mevcut, \u00f6l\u00e7eklenebilir ve herkes taraf\u0131ndan uygulanabilir&#8230;<\/p>\n<h2>21 \u00dclkeden G\u00fc\u00e7l\u00fc bir Se\u00e7ki<\/h2>\n<p>SYFF se\u00e7kisi T\u00fcrkiye\u2019nin dahil oldu\u011fu 21 \u00fclkeden 27 k\u0131sa ve uzun metrajl\u0131 belgeselden olu\u015fuyor. Birle\u015fmi\u015f Milletler Kalk\u0131nma Program\u0131 (UNDP) taraf\u0131ndan Ocak 2016 y\u0131l\u0131nda a\u00e7\u0131klanan 17 K\u00fcresel Hedefin daha iyi anla\u015f\u0131lmas\u0131n\u0131 sa\u011flamak amac\u0131yla ilgili hedeflerle etiketlenen filmler s\u00fcrd\u00fcr\u00fclebilir turizm, k\u0131rsal kalk\u0131nma, ula\u015f\u0131labilir sa\u011fl\u0131k hizmetleri, e\u011fitimde yenilik\u00e7i yakla\u015f\u0131mlar, d\u00f6ng\u00fcsel ekonomi, kooperatif\u00e7ilik, vatanda\u015fl\u0131k geliri, tar\u0131m ve hayvanc\u0131l\u0131k, deniz koruma alanlar\u0131 ve biyo\u00e7e\u015fitlilik, iklim de\u011fi\u015fikli\u011fi kaynakl\u0131 \u00e7at\u0131\u015fma ve g\u00f6\u00e7, iklim de\u011fi\u015fikli\u011fi adaptasyonu, sosyal etki odakl\u0131 i\u015fletmeler, sosyal giri\u015fimcilik, sosyal ve ekolojik sorunlarda i\u015fbirli\u011finin \u00f6nemi, toplumsal olaylarda kad\u0131nlar\u0131n rol\u00fc gibi \u00e7ok geni\u015f yelpazede temay\u0131 ve yakla\u015f\u0131m\u0131 bar\u0131nd\u0131r\u0131yor.<\/p>\n<p>&#8211; %2.5 Osa Yar\u0131madas\u0131 \/ 2.5% The Osa Peninsula (48&#8242;, ABD, Kosta Rika, 2015, Y\u00f6netmen: Eytan Elterman, Marco Bollinger)<\/p>\n<p>&#8211; A\u00e7\u0131k Pencere \/ The Open Window (56&#8242;, Danimarka, 2018, Y\u00f6netmen: Daniel Oxenhandler, William Sloan, Alfred Birkegaard)<\/p>\n<p>&#8211; Aday Ada \/ Ada for Mayor (88&#8242;, \u0130spanya, 2016, Y\u00f6netmen: Pau Faus)<\/p>\n<p>&#8211; Bedava \u00d6\u011fle Yeme\u011fi Cemiyeti \/ Free Lunch Society (92&#8242;, Almanya, Avusturya, 2017, Y\u00f6netmen: Christian Tod)<\/p>\n<p>&#8211; B\u00fcy\u00fckbabam\u0131n Bah\u00e7esi \/ Le Potager de mon Grand-Pere (76&#8242;, Fransa, 2016, Y\u00f6netmen: Martin Esposito)<\/p>\n<p>&#8211; Etiyopya Y\u00fckseliyor \/ Ethiopia Rising (61&#8242;, Birle\u015fik Krall\u0131k, Etiyopya, 2015,Y\u00f6netmen: Mark Dodd)<\/p>\n<p>&#8211; Ger\u00e7ek De\u011fer \/ Real Value (70&#8242;, ABD, 2013, Y\u00f6netmen: Jesse Borkowski)<\/p>\n<p>&#8211; G\u0131da Koop \/ Food Coop (97&#8242;, Fransa, 2016, Y\u00f6netmen: Tom Boothe)<\/p>\n<p>&#8211; Kapal\u0131 D\u00f6ng\u00fc \/ Closing the Loop (93&#8242;, Birle\u015fik Krall\u0131k, 2018, Y\u00f6netmen: Graham Sheldon)<\/p>\n<p>&#8211; Kongo Mahkemesi \/ The Congo Tribunal (100&#8242;, Almanya, \u0130svi\u00e7re, 2017, Y\u00f6netmen: Milo Rau)<\/p>\n<p>&#8211; Naila ve \u0130ntifada \/ Naila and the Uprising (76&#8242;, ABD, Filistin, 2017 Y\u00f6netmen: Julia Bacha)<\/p>\n<p>&#8211; S\u00fct Sistemi \/ Das System Milch (91&#8242;, Almanya, \u0130talya, 2017, Y\u00f6netmen: Andreas Pichler)<\/p>\n<p>&#8211; Vamizi: Mercan Be\u015fi\u011fi \/ Vamizi: Cradle of Coral (52&#8242;, \u0130sve\u00e7, 2016, Y\u00f6netmen: Mattias Klum)<\/p>\n<p>&#8211; Y\u00f6r\u00fcngeyi De\u011fi\u015ftirenler \/ Bending the Arc (102&#8242;, ABD, 2017, Y\u00f6netmen: Kief Davidson, Pedro Kos)<\/p>\n<p>&#8211; Adaptasyon: Banglade\u015f&#8217;te Deniz Y\u00fckselirken \/ Adaptation Bangladesh Sea Level Rise (12&#8242;, Banglade\u015f, ABD, 2017, Y\u00f6netmen: Justin DeShields)<\/p>\n<p>&#8211; Adil Ticaret: \u0130lk Ad\u0131m \/ Fair Trade: The First Step (13&#8242;, ABD, Sri Lanka, 2016, Y\u00f6netmen: Alex Lowther, Mike Malagon, Campbell Brewer)<\/p>\n<p>&#8211; Angaza \/ Angaza (5&#8242;, Kenya, Ruanda, 2017, Y\u00f6netmen: Gabriel Diamond, Matthew Beighley)<\/p>\n<p>&#8211; Arif olan Anlar \/ A Word to the Wise (27&#8242;, \u0130spanya, Solomon Adalar\u0131, Portekiz, 2017, Y\u00f6netmen: Jordi Esgleas Marroi)<\/p>\n<p>&#8211; Burkina Faso Bereketi \/ Burkinabe Bounty (36&#8242;, ABD, Burkina Faso, \u0130talya, Bulgaristan, 2018, Y\u00f6netmen: Iara Lee)<\/p>\n<p>&#8211; \u00c7at\u0131\u015fma \u0130klimi \/ A Climate for Conflict (15&#8242;, Somali, 2017, Y\u00f6netmen: Nichole Sobecki, Laura Heaton)<\/p>\n<p>&#8211; EcoPeace Orta Do\u011fu \/ EcoPeace Middle East (5&#8242;, Filistin, \u0130srail, \u00dcrd\u00fcn, 2016, Y\u00f6netmen: Gabriel Diamond)<\/p>\n<p>&#8211; De\u011fi\u015fim Tutkusu \/ A Passion for Change (13&#8242;, Hollanda, 2017, Y\u00f6netmen: Gabriel M. Bauer)<\/p>\n<p>&#8211; Kornea \u0130kilisi \/ Cornea Duo (15&#8242;, T\u00fcrkiye, 2013, Y\u00f6netmen: Eylem \u015een, Sait E\u011frilmez)<\/p>\n<p>&#8211; Senato&#8217;ya Mektup \/ A Letter to Congress (3&#8242;, ABD , 2017, Y\u00f6netmen: Chris Newman)<\/p>\n<p>&#8211; Suyun Koruyucusu Avanyu \/ Avanyu: Protection the Rio Grande (9&#8242;, ABD, 2017, Y\u00f6netmen: Dana Romanoff, Amy Marquis)<\/p>\n<p>&#8211; S\u00fcrd\u00fcr\u00fclebilir Ya\u015fam \/ Sustainable Living (4&#8242;, ABD, 2018, Y\u00f6netmen: Sacha Riviere)<\/p>\n<p>&#8211; Yedikule Bostanlar\u0131 \/ Yedikule Gardens (7&#8242;, T\u00fcrkiye , 2018 Y\u00f6netmen: Volkan I\u015f\u0131l)<\/p>\n<p><strong><em>T\u00fcm g\u00f6sterimler \u00fccretsizdir!<\/em><\/strong><\/p>\n<p><strong>Festival Destek\u00e7isi:<\/strong><\/p>\n<p>&#8211; Heinrich B\u00f6ll Stiftung Derne\u011fi T\u00fcrkiye Temsilcili\u011fi<\/p>\n<p>&#8211; Avrupa Birli\u011fi Sivil D\u00fc\u015f\u00fcn Program\u0131<\/p>\n<p><strong>Hizmet Destek\u00e7isi:<\/strong><\/p>\n<p>&#8211; Dinamo \u0130stanbul<\/p>\n<p>&#8211; Mikado S\u00fcrd\u00fcr\u00fclebilir Kalk\u0131nma Dan\u0131\u015fmanl\u0131\u011f\u0131<\/p>\n<p><strong>Yerel Organizasyonlar:<\/strong><\/p>\n<p>&#8211; Bodrum Tohum Derne\u011fi &#8211; Bodrum<\/p>\n<p>&#8211; Do\u011fadabuan \u2013 Antalya<\/p>\n<p>&#8211; ETOS (Eski\u015fehir Toplum ve Sanat Derne\u011fi) ve TMMOB IMO Eski\u015fehir \u015eubesi &#8211; Eski\u015fehir<\/p>\n<p>&#8211; Erciyes \u00dcniversitesi Sosyal Giri\u015fimcilik Kul\u00fcb\u00fc ve ER\u00c7EK (ER\u00dc \u00c7evre Kul\u00fcb\u00fc) \u2013 Kayseri<\/p>\n<p><strong><em>Festival se\u00e7kisi, program ve di\u011fer <span style=\"text-decoration: underline;\">t\u00fcm detaylar i\u00e7in<\/span><\/em><\/strong><span style=\"text-decoration: underline;\"><em>:<\/em><\/span><\/p>\n<p><strong>P\u0131nar \u00d6ncel: <\/strong><a href=\"mailto:pinar@surdurulebiliryasam.org\">pinar@surdurulebiliryasam.org<\/a>, 0533 364 9205 (Film se\u00e7kisi ve SYFF genel)<\/p>\n<p><strong>Timur Recep Y\u0131ld\u0131z: <\/strong><a href=\"mailto:timur.recep.yldz@hotmail.com\">timur.recep.yldz@hotmail.com<\/a>, 0506 272 0487(Antalya organizasyonu)<\/p>\n<p><strong>Fahir \u00dcz\u00fcmc\u00fc: <\/strong><a href=\"mailto:fahiruzumcu@gmail.com\">fahiruzumcu@gmail.com<\/a>, 0532 266 1284 (Bodrum organizasyonu)<\/p>\n<p><strong>Nihal Ba\u011fc\u0131: <\/strong><a href=\"mailto:nhlbgc@hotmail.com\">nhlbgc@hotmail.com<\/a>, 05365 677 7704 (Eski\u015fehir organizasyonu)<\/p>\n<p><strong>Ahmet Co\u015fkun: <\/strong><a href=\"mailto:coskunahm@gmail.com\">coskunahm@gmail.com<\/a>,(Kayseri organizasyonu)<\/p>\n<p>Daha Detayl\u0131 Bilgi \u0130\u00e7in\u00a0<a href=\"http:\/\/surdurulebiliryasam.org\" target=\"_blank\" rel=\"noopener\">surdurulebiliryasam.org<\/a> adresini ziyaret edebilirsiniz.<\/p>","protected":false},"excerpt":{"rendered":"<p>Sorry, this entry is only available in Turkish. For the sake of viewer convenience, the content is shown below in the alternative language. You may click the link to switch the active language. S\u00fcrd\u00fcr\u00fclebilir Ya\u015fam Film Festivali (SYFF) 2018 se\u00e7kisiyle Nisan ve May\u0131s aylar\u0131nda Antalya, Bodrum, Eski\u015fehir ve Kayseri&#8217;de izleyicilerle bulu\u015fuyor. Festival, SYFF&#8217;yi \u015fehrinde organize [&hellip;]<\/p>\n","protected":false},"author":1,"featured_media":90297,"comment_status":"open","ping_status":"open","sticky":false,"template":"","format":"standard","meta":[],"categories":[53,52],"tags":[5201,2219,34856,20870,48752,67,1009,48753,1413,48754,1999,48756,48755,1039,12313,48751,25763,48757,48758,4388,37032,32106,2218],"views":941,"_links":{"self":[{"href":"https:\/\/www.enerjigazetesi.ist\/en\/wp-json\/wp\/v2\/posts\/90294"}],"collection":[{"href":"https:\/\/www.enerjigazetesi.ist\/en\/wp-json\/wp\/v2\/posts"}],"about":[{"href":"https:\/\/www.enerjigazetesi.ist\/en\/wp-json\/wp\/v2\/types\/post"}],"author":[{"embeddable":true,"href":"https:\/\/www.enerjigazetesi.ist\/en\/wp-json\/wp\/v2\/users\/1"}],"replies":[{"embeddable":true,"href":"https:\/\/www.enerjigazetesi.ist\/en\/wp-json\/wp\/v2\/comments?post=90294"}],"version-history":[{"count":0,"href":"https:\/\/www.enerjigazetesi.ist\/en\/wp-json\/wp\/v2\/posts\/90294\/revisions"}],"wp:featuredmedia":[{"embeddable":true,"href":"https:\/\/www.enerjigazetesi.ist\/en\/wp-json\/wp\/v2\/media\/90297"}],"wp:attachment":[{"href":"https:\/\/www.enerjigazetesi.ist\/en\/wp-json\/wp\/v2\/media?parent=90294"}],"wp:term":[{"taxonomy":"category","embeddable":true,"href":"https:\/\/www.enerjigazetesi.ist\/en\/wp-json\/wp\/v2\/categories?post=90294"},{"taxonomy":"post_tag","embeddable":true,"href":"https:\/\/www.enerjigazetesi.ist\/en\/wp-json\/wp\/v2\/tags?post=90294"}],"curies":[{"name":"wp","href":"https:\/\/api.w.org\/{rel}","templated":true}]}}