{"id":90191,"date":"2019-03-30T22:03:16","date_gmt":"2019-03-30T19:03:16","guid":{"rendered":"https:\/\/www.enerjigazetesi.ist\/?p=90191"},"modified":"2019-03-30T22:05:08","modified_gmt":"2019-03-30T19:05:08","slug":"tkdk-destegi-ile-kurulan-gunes-santrali-diyarbakirda-faaliyete-basladi","status":"publish","type":"post","link":"https:\/\/www.enerjigazetesi.ist\/en\/tkdk-destegi-ile-kurulan-gunes-santrali-diyarbakirda-faaliyete-basladi\/","title":{"rendered":"(Turkish) TKDK Deste\u011fi \u0130le Kurulan G\u00fcne\u015f Santrali Diyarbak\u0131r\u2019da Faaliyete Ba\u015flad\u0131!"},"content":{"rendered":"<p class=\"qtranxs-available-languages-message qtranxs-available-languages-message-en\">Sorry, this entry is only available in <a href=\"https:\/\/www.enerjigazetesi.ist\/tr\/wp-json\/wp\/v2\/posts\/90191\" class=\"qtranxs-available-language-link qtranxs-available-language-link-tr\" title=\"Turkish\">Turkish<\/a>. For the sake of viewer convenience, the content is shown below in the alternative language. You may click the link to switch the active language.<\/p><p><\/p>\n<h1>G\u00fcneydo\u011fu Anadolu B\u00f6lgesi\u2019nin g\u00fcne\u015f \u0131\u015f\u0131n\u0131m\u0131 potansiyelini de\u011ferlendirmek isteyen baz\u0131 giri\u015fimciler Tar\u0131m ve K\u0131rsal Kalk\u0131nmay\u0131<img loading=\"lazy\" class=\"alignright size-medium wp-image-90193\" src=\"https:\/\/www.enerjigazetesi.ist\/wp-content\/uploads\/2019\/03\/tkdk-destegi-ile-kurulan-ges-diyarbakirda-faaliyete-basladi-300x167.jpg\" alt=\"\" width=\"300\" height=\"167\" srcset=\"https:\/\/www.enerjigazetesi.ist\/wp-content\/uploads\/2019\/03\/tkdk-destegi-ile-kurulan-ges-diyarbakirda-faaliyete-basladi-300x167.jpg 300w, https:\/\/www.enerjigazetesi.ist\/wp-content\/uploads\/2019\/03\/tkdk-destegi-ile-kurulan-ges-diyarbakirda-faaliyete-basladi-768x427.jpg 768w, https:\/\/www.enerjigazetesi.ist\/wp-content\/uploads\/2019\/03\/tkdk-destegi-ile-kurulan-ges-diyarbakirda-faaliyete-basladi-500x278.jpg 500w, https:\/\/www.enerjigazetesi.ist\/wp-content\/uploads\/2019\/03\/tkdk-destegi-ile-kurulan-ges-diyarbakirda-faaliyete-basladi-80x45.jpg 80w, https:\/\/www.enerjigazetesi.ist\/wp-content\/uploads\/2019\/03\/tkdk-destegi-ile-kurulan-ges-diyarbakirda-faaliyete-basladi.jpg 800w\" sizes=\"(max-width: 300px) 100vw, 300px\" \/> Destekleme Kurumu&#8217;nun (TKDK) hibe deste\u011finden faydaland\u0131.<\/h1>\n<p>Diyarbak\u0131r\u2019\u0131n Silvan il\u00e7esinde TKDK\u2019nin sundu\u011fu % 65 hibe deste\u011finden faydalanarak kullan\u0131lmayan tarlas\u0131na 4 milyon lira yat\u0131r\u0131m bedeliyle g\u00fcne\u015f enerjisi santrali kurulumu yapan giri\u015fimci, 4 ay s\u00fcredir faaliyette olan tesis ile y\u0131lda ortalama 3 milyon 600 bin kilovatsaat elektrik \u00fcretimi ger\u00e7ekle\u015fecek.<\/p>\n<p>Tar\u0131m ve Orman Bakanl\u0131\u011f\u0131 taraf\u0131ndan ise 2019 y\u0131l\u0131nda 42 il i\u00e7in 1,5 milyar lira kaynak ayr\u0131larak giri\u015fimciler g\u00fcne\u015f enerjisi yat\u0131r\u0131mlar\u0131na y\u00f6nlendirildi.<\/p>","protected":false},"excerpt":{"rendered":"<p>Sorry, this entry is only available in Turkish. For the sake of viewer convenience, the content is shown below in the alternative language. You may click the link to switch the active language. G\u00fcneydo\u011fu Anadolu B\u00f6lgesi\u2019nin g\u00fcne\u015f \u0131\u015f\u0131n\u0131m\u0131 potansiyelini de\u011ferlendirmek isteyen baz\u0131 giri\u015fimciler Tar\u0131m ve K\u0131rsal Kalk\u0131nmay\u0131 Destekleme Kurumu&#8217;nun (TKDK) hibe deste\u011finden faydaland\u0131. Diyarbak\u0131r\u2019\u0131n Silvan [&hellip;]<\/p>\n","protected":false},"author":1,"featured_media":90193,"comment_status":"open","ping_status":"open","sticky":false,"template":"","format":"standard","meta":[],"categories":[51,53,49],"tags":[671,34979,42030,67,1009,23416,21768,23133,35037,23131,48639,21620,34977,21543,26829],"views":978,"_links":{"self":[{"href":"https:\/\/www.enerjigazetesi.ist\/en\/wp-json\/wp\/v2\/posts\/90191"}],"collection":[{"href":"https:\/\/www.enerjigazetesi.ist\/en\/wp-json\/wp\/v2\/posts"}],"about":[{"href":"https:\/\/www.enerjigazetesi.ist\/en\/wp-json\/wp\/v2\/types\/post"}],"author":[{"embeddable":true,"href":"https:\/\/www.enerjigazetesi.ist\/en\/wp-json\/wp\/v2\/users\/1"}],"replies":[{"embeddable":true,"href":"https:\/\/www.enerjigazetesi.ist\/en\/wp-json\/wp\/v2\/comments?post=90191"}],"version-history":[{"count":0,"href":"https:\/\/www.enerjigazetesi.ist\/en\/wp-json\/wp\/v2\/posts\/90191\/revisions"}],"wp:featuredmedia":[{"embeddable":true,"href":"https:\/\/www.enerjigazetesi.ist\/en\/wp-json\/wp\/v2\/media\/90193"}],"wp:attachment":[{"href":"https:\/\/www.enerjigazetesi.ist\/en\/wp-json\/wp\/v2\/media?parent=90191"}],"wp:term":[{"taxonomy":"category","embeddable":true,"href":"https:\/\/www.enerjigazetesi.ist\/en\/wp-json\/wp\/v2\/categories?post=90191"},{"taxonomy":"post_tag","embeddable":true,"href":"https:\/\/www.enerjigazetesi.ist\/en\/wp-json\/wp\/v2\/tags?post=90191"}],"curies":[{"name":"wp","href":"https:\/\/api.w.org\/{rel}","templated":true}]}}