{"id":90113,"date":"2019-03-28T23:11:29","date_gmt":"2019-03-28T20:11:29","guid":{"rendered":"https:\/\/www.enerjigazetesi.ist\/?p=90113"},"modified":"2019-03-28T23:13:01","modified_gmt":"2019-03-28T20:13:01","slug":"elektrik-piyasasi-istatistiksel-analizi-28-03-2019","status":"publish","type":"post","link":"https:\/\/www.enerjigazetesi.ist\/en\/elektrik-piyasasi-istatistiksel-analizi-28-03-2019\/","title":{"rendered":"(Turkish) Elektrik Piyasas\u0131 \u0130statistiksel Analizi \u2013 ( 28.03.2019 )"},"content":{"rendered":"<p class=\"qtranxs-available-languages-message qtranxs-available-languages-message-en\">Sorry, this entry is only available in <a href=\"https:\/\/www.enerjigazetesi.ist\/tr\/wp-json\/wp\/v2\/posts\/90113\" class=\"qtranxs-available-language-link qtranxs-available-language-link-tr\" title=\"Turkish\">Turkish<\/a>. For the sake of viewer convenience, the content is shown below in the alternative language. You may click the link to switch the active language.<\/p><p><strong>\u00d6ne \u00e7\u0131kan piyasaya dair g\u00fcncel <span style=\"text-decoration: underline;\">haberler \u015fu \u015fekildedir;<\/span><\/strong><\/p>\n<p><strong>&#8211; Trump: OPEC daha fazla petrol ak\u0131\u015f\u0131 sa\u011flamal\u0131, Aksa Do\u011falgaz\u2019\u0131n lisans kapsam\u0131nda yer alan Trabzon\u2019un Arsin il\u00e7esine do\u011falgaz arz\u0131 sa\u011fland\u0131. <\/strong><\/p>\n<p><strong>&#8211; EPDK Ba\u015fkan\u0131 Mustafa Y\u0131lmaz, akaryak\u0131t bayileri ile da\u011f\u0131t\u0131m \u015firketleri aras\u0131nda kar\u0131 payla\u015famama kavgas\u0131 oldu\u011funu ve taraflar\u0131n bu kar\u0131 payla\u015fman\u0131n yolunu bulmas\u0131 gerekti\u011fini s\u00f6yledi. <\/strong><\/p>\n<p><strong>&#8211; Enerji ve Tabii Kaynaklar Bakan\u0131 Fatih D\u00f6nmez, T\u00fcrkiye\u2019nin Akdeniz&#8217;de kimsenin hakk\u0131n\u0131 yemeye \u00e7al\u0131\u015fmad\u0131\u011f\u0131n\u0131 ama kendi haklar\u0131ndan da vazge\u00e7medi\u011fini belirterek, b\u00f6lgede bir oldu bittiye izin vermeyeceklerini a\u00e7\u0131klad\u0131. <\/strong><\/p>\n<p><strong>&#8211; PETDER Ba\u015fkan\u0131 Selim \u015eiper, petrol sekt\u00f6r\u00fcn\u00fcn EPDK\u2019n\u0131n d\u00fczenleme ve denetlemesi alt\u0131nda oldu\u011funu ancak bu denetlemelerin ticari ili\u015fkileri kapsamamas\u0131 gerekti\u011fini s\u00f6yledi. <\/strong><\/p>\n<p><strong>&#8211; \u0130kinci \u00e7eyrekte elektri\u011fe zam yap\u0131lmayacak.<\/strong><\/p>\n<p>G\u00fcn \u00f6ncesi elektrik piyasas\u0131nda yar\u0131n i\u00e7in olu\u015fan megavat saat (MWh) ba\u015f\u0131na piyasa takas fiyat\u0131 ortalamas\u0131 <strong>193<\/strong>.<strong>04<\/strong> TL olarak belirlendi. Fiyatlardaki da\u011f\u0131l\u0131ma bak\u0131ld\u0131\u011f\u0131nda, g\u00fcn\u00fcn maksimum fiyat\u0131 <strong>303<\/strong>.<strong>57<\/strong> TL\/MWh olarak <strong>09<\/strong>:<strong>00<\/strong> &#8211; <strong>10<\/strong>:<strong>00<\/strong> saat aral\u0131\u011f\u0131nda, minimum fiyat\u0131 <strong>17<\/strong>.<strong>35<\/strong> TL\/MWh olarak <strong>23<\/strong>:<strong>00<\/strong> &#8211; <img loading=\"lazy\" class=\"alignright size-medium wp-image-90119\" src=\"https:\/\/www.enerjigazetesi.ist\/wp-content\/uploads\/2019\/03\/elektrik-piyasasi-istatistiksel-analizi-28-03-2019-300x200.jpg\" alt=\"\" width=\"300\" height=\"200\" srcset=\"https:\/\/www.enerjigazetesi.ist\/wp-content\/uploads\/2019\/03\/elektrik-piyasasi-istatistiksel-analizi-28-03-2019-300x200.jpg 300w, https:\/\/www.enerjigazetesi.ist\/wp-content\/uploads\/2019\/03\/elektrik-piyasasi-istatistiksel-analizi-28-03-2019-500x334.jpg 500w, https:\/\/www.enerjigazetesi.ist\/wp-content\/uploads\/2019\/03\/elektrik-piyasasi-istatistiksel-analizi-28-03-2019-75x50.jpg 75w, https:\/\/www.enerjigazetesi.ist\/wp-content\/uploads\/2019\/03\/elektrik-piyasasi-istatistiksel-analizi-28-03-2019-450x300.jpg 450w, https:\/\/www.enerjigazetesi.ist\/wp-content\/uploads\/2019\/03\/elektrik-piyasasi-istatistiksel-analizi-28-03-2019.jpg 731w\" sizes=\"(max-width: 300px) 100vw, 300px\" \/>Avg.:<strong>00<\/strong> saat aral\u0131\u011f\u0131nda ger\u00e7ekle\u015fti. Puant saatlerde (<strong>17<\/strong>:<strong>00<\/strong> &#8211; <strong>22<\/strong>:<strong>00<\/strong>) ortalama piyasa takas fiyat\u0131 ise <strong>227<\/strong>.<strong>99<\/strong> TL\/MWh olarak hesaplanabilmektedir.<\/p>\n<p>Bir \u00f6nceki g\u00fcn ile k\u0131yasland\u0131\u011f\u0131nda ortalama piyasa takas fiyat\u0131nda &#8211;<strong>71<\/strong>.<strong>72<\/strong> TL d\u00fc\u015f\u00fc\u015f g\u00f6zlemlenmektedir. Kesinle\u015fmi\u015f G\u00fcnl\u00fck \u00dcretim Plan\u0131 (KG\u00dcP) verilerine bak\u0131ld\u0131\u011f\u0131nda termik enerji dahilinde do\u011fal gaz % <strong>15<\/strong>, linyit % <strong>16<\/strong>, ithal k\u00f6m\u00fcr % <strong>13<\/strong> oran\u0131nda \u00fcretimin ger\u00e7ekle\u015fmesi beklenirken, yenilenebilir enerji dahilinde ise hidro % <strong>36<\/strong>, r\u00fczgar % <strong>16<\/strong>, jeotermal % <strong>3<\/strong> oran\u0131nda \u00fcretimin ger\u00e7ekle\u015fmesi beklenmektedir. Bununla birlikte fiyatlardaki d\u00fc\u015f\u00fc\u015f, <strong>hafta i\u00e7i olmas\u0131ndan dolay\u0131 t\u00fcketim talebindeki art\u0131\u015f ve hidro elektrik ile r\u00fczgar santrallerinde \u00fcretim art\u0131\u015f beklentisi<\/strong> ile a\u00e7\u0131klanabilmektedir. Yar\u0131n i\u00e7in planlanan \u00fcretim bazl\u0131 Kesinle\u015fmi\u015f G\u00fcnl\u00fck \u00dcretim Plan\u0131 (KG\u00dcP) a\u015fa\u011f\u0131daki grafikte yer almaktad\u0131r.<\/p>\n<p style=\"text-align: center;\"><img loading=\"lazy\" class=\"aligncenter size-full wp-image-90114\" src=\"https:\/\/www.enerjigazetesi.ist\/wp-content\/uploads\/2019\/03\/01-25.jpg\" alt=\"\" width=\"443\" height=\"225\" srcset=\"https:\/\/www.enerjigazetesi.ist\/wp-content\/uploads\/2019\/03\/01-25.jpg 443w, https:\/\/www.enerjigazetesi.ist\/wp-content\/uploads\/2019\/03\/01-25-300x152.jpg 300w, https:\/\/www.enerjigazetesi.ist\/wp-content\/uploads\/2019\/03\/01-25-80x41.jpg 80w\" sizes=\"(max-width: 443px) 100vw, 443px\" \/><\/p>\n<p>Tahminleme Modeli* analizi sonucu ortalama piyasa takas fiyat\u0131 <strong>250<\/strong>.<strong>69<\/strong> TL\/MWh ve ortalama t\u00fcketim <strong>33,108<\/strong> MWh olarak \u00f6ng\u00f6r\u00fclmektedir. Modelin piyasa takas fiyat\u0131na dair ba\u015far\u0131 oran\u0131 g\u00fcnl\u00fck % <strong>67<\/strong>, t\u00fcketime dair ba\u015far\u0131 oran\u0131** ise g\u00fcnl\u00fck % <strong>100<\/strong> olarak hesaplan\u0131rken, bug\u00fcne kadar yap\u0131lan piyasa takas fiyat\u0131na dair analizlere g\u00f6re ba\u015far\u0131 oran\u0131 % <strong>88<\/strong>, t\u00fcketime dair ba\u015far\u0131 oran\u0131 ise % <strong>95<\/strong> olarak hesaplanmaktad\u0131r. Saatlik yar\u0131n i\u00e7in olu\u015fan ve tahmin edilen piyasa takas fiyatlar\u0131 ile haftal\u0131k bazda tahmin edilen ve ger\u00e7ekle\u015ftik\u00e7e yer alacak g\u00fcnl\u00fck ortalama t\u00fcketim de\u011ferleri a\u015fa\u011f\u0131daki grafiklerde yer almaktad\u0131r.<\/p>\n<p style=\"text-align: center;\"><img loading=\"lazy\" class=\"aligncenter size-full wp-image-90115\" src=\"https:\/\/www.enerjigazetesi.ist\/wp-content\/uploads\/2019\/03\/02-26.jpg\" alt=\"\" width=\"577\" height=\"464\" srcset=\"https:\/\/www.enerjigazetesi.ist\/wp-content\/uploads\/2019\/03\/02-26.jpg 577w, https:\/\/www.enerjigazetesi.ist\/wp-content\/uploads\/2019\/03\/02-26-300x241.jpg 300w, https:\/\/www.enerjigazetesi.ist\/wp-content\/uploads\/2019\/03\/02-26-497x400.jpg 497w, https:\/\/www.enerjigazetesi.ist\/wp-content\/uploads\/2019\/03\/02-26-62x50.jpg 62w\" sizes=\"(max-width: 577px) 100vw, 577px\" \/><\/p>\n<p>Yar\u0131ndan sonraki g\u00fcn i\u00e7in olu\u015facak ortalama piyasa takas fiyat\u0131 <strong>250<\/strong>.<strong>34<\/strong> TL\/MWH olarak tahmin edilmektedir. Buna ba\u011fl\u0131 olarak g\u00fcn\u00fcn maksimum fiyat\u0131 <strong>310<\/strong>.<strong>04<\/strong> TL\/MWh olarak <strong>19<\/strong>:<strong>00<\/strong> &#8211; <strong>20<\/strong>:<strong>00<\/strong> saat aral\u0131\u011f\u0131nda, minimum fiyat\u0131 <strong>6<\/strong>.<strong>18<\/strong> TL\/MWh olarak <strong>16<\/strong>:<strong>00<\/strong> &#8211; <strong>17<\/strong>:<strong>00<\/strong> saat aral\u0131\u011f\u0131nda ger\u00e7ekle\u015fece\u011fi \u00f6ng\u00f6r\u00fclmektedir. Puant saatlerde (<strong>17<\/strong>:<strong>00<\/strong> &#8211; <strong>22<\/strong>:<strong>00<\/strong>) tahmini ortalama piyasa takas fiyat\u0131 ise <strong>276<\/strong>.<strong>38<\/strong> TL\/MWh olarak hesaplanabilmektedir. Saatlik olu\u015facak piyasa takas fiyat\u0131 tahminleri a\u015fa\u011f\u0131daki grafikte yer almaktad\u0131r.<\/p>\n<p style=\"text-align: center;\"><img loading=\"lazy\" class=\"aligncenter size-full wp-image-90116\" src=\"https:\/\/www.enerjigazetesi.ist\/wp-content\/uploads\/2019\/03\/03-24.jpg\" alt=\"\" width=\"592\" height=\"221\" srcset=\"https:\/\/www.enerjigazetesi.ist\/wp-content\/uploads\/2019\/03\/03-24.jpg 592w, https:\/\/www.enerjigazetesi.ist\/wp-content\/uploads\/2019\/03\/03-24-300x112.jpg 300w, https:\/\/www.enerjigazetesi.ist\/wp-content\/uploads\/2019\/03\/03-24-500x187.jpg 500w, https:\/\/www.enerjigazetesi.ist\/wp-content\/uploads\/2019\/03\/03-24-80x30.jpg 80w\" sizes=\"(max-width: 592px) 100vw, 592px\" \/><\/p>\n<p>Organize Toptan Do\u011fal Gaz Sat\u0131\u015f Piyasas\u0131 (OTSP) dahilinde <strong>01<\/strong>.<strong>03<\/strong>.<strong>2019<\/strong> \u2013 <strong>28<\/strong>.<strong>03<\/strong>.<strong>2019<\/strong> tarihleri aras\u0131 ortalama Gaz Referans Fiyat\u0131 (GRF) <strong>1,498<\/strong>.<strong>67<\/strong> TL\/<strong>1000<\/strong> sm<strong>3<\/strong> olarak belirlenirken, ayn\u0131 tarihler aras\u0131nda toplam ger\u00e7ekle\u015fen e\u015fle\u015fmelerin miktar\u0131 ise <strong>66,757<\/strong> x<strong>1000<\/strong> sm<strong>3<\/strong> olarak belirlendi. \u0130lgili tarihler aras\u0131nda g\u00fcnl\u00fck Gaz Referans Fiyat\u0131 (GRF) ile E\u015fle\u015fme Miktar\u0131 verileri a\u015fa\u011f\u0131daki grafikte yer almaktad\u0131r.<\/p>\n<p style=\"text-align: center;\"><img loading=\"lazy\" class=\"aligncenter size-full wp-image-90117\" src=\"https:\/\/www.enerjigazetesi.ist\/wp-content\/uploads\/2019\/03\/04-25.jpg\" alt=\"\" width=\"575\" height=\"230\" srcset=\"https:\/\/www.enerjigazetesi.ist\/wp-content\/uploads\/2019\/03\/04-25.jpg 575w, https:\/\/www.enerjigazetesi.ist\/wp-content\/uploads\/2019\/03\/04-25-300x120.jpg 300w, https:\/\/www.enerjigazetesi.ist\/wp-content\/uploads\/2019\/03\/04-25-500x200.jpg 500w, https:\/\/www.enerjigazetesi.ist\/wp-content\/uploads\/2019\/03\/04-25-80x32.jpg 80w\" sizes=\"(max-width: 575px) 100vw, 575px\" \/><\/p>\n<p><em>*Tahminleme Modeli; istatistiksel tahminleme metodu olan SARIMA (Seasonal Autoregressive Integrated Moving Average) kullan\u0131larak MATLAB yaz\u0131l\u0131m geli\u015ftirme platformunda haz\u0131rlanm\u0131\u015ft\u0131r. Model ve di\u011fer t\u00fcm kullan\u0131lan veriler dahilinde girdi verileri olarak EP\u0130A\u015e \u015eeffafl\u0131k Platformunda g\u00fcnl\u00fck yay\u0131nlanan piyasa takas fiyatlar\u0131 ve ger\u00e7ekle\u015fen t\u00fcketim verileri kullan\u0131lmaktad\u0131r. Model ile ilgili detayl\u0131 bilgi alabilmek i\u00e7in l\u00fctfen ileti\u015fime ge\u00e7iniz.<\/em><\/p>\n<p><em>**T\u00fcketime Dair Ba\u015far\u0131 Oran\u0131; t\u00fcketim baz\u0131nda yap\u0131lan haftal\u0131k tahminlerde Pazar g\u00fcnleri yay\u0131nlanan raporda hen\u00fcz ger\u00e7ekle\u015fen veri olmad\u0131\u011f\u0131 i\u00e7in Sal\u0131 g\u00fcn\u00fc itibari ile ba\u015far\u0131 oran\u0131 g\u00fcnl\u00fck olarak hesaplanarak, raporda g\u00fcncellenecektir.<\/em><\/p>\n<p>T\u00fcmay Solak \u2013 Risk Y\u00f6netimi Uzman\u0131 \u2013\u00a0<a href=\"mailto:tumay.solak@enerjigazetesi.ist\" target=\"_blank\" rel=\"noopener\">tumay.solak@enerjigazetesi.ist<\/a><\/p>","protected":false},"excerpt":{"rendered":"<p>Sorry, this entry is only available in Turkish. For the sake of viewer convenience, the content is shown below in the alternative language. You may click the link to switch the active language.\u00d6ne \u00e7\u0131kan piyasaya dair g\u00fcncel haberler \u015fu \u015fekildedir; &#8211; Trump: OPEC daha fazla petrol ak\u0131\u015f\u0131 sa\u011flamal\u0131, Aksa Do\u011falgaz\u2019\u0131n lisans kapsam\u0131nda yer alan Trabzon\u2019un [&hellip;]<\/p>\n","protected":false},"author":1,"featured_media":90119,"comment_status":"open","ping_status":"open","sticky":false,"template":"","format":"standard","meta":[],"categories":[51,53],"tags":[42483,42490,42485,42486,42484,42488,42489,34979,19638,39373,34980,39661,39426,19,25591,67,1009,750,40289,40290,1377,39932,39352,1787,39351],"views":696,"_links":{"self":[{"href":"https:\/\/www.enerjigazetesi.ist\/en\/wp-json\/wp\/v2\/posts\/90113"}],"collection":[{"href":"https:\/\/www.enerjigazetesi.ist\/en\/wp-json\/wp\/v2\/posts"}],"about":[{"href":"https:\/\/www.enerjigazetesi.ist\/en\/wp-json\/wp\/v2\/types\/post"}],"author":[{"embeddable":true,"href":"https:\/\/www.enerjigazetesi.ist\/en\/wp-json\/wp\/v2\/users\/1"}],"replies":[{"embeddable":true,"href":"https:\/\/www.enerjigazetesi.ist\/en\/wp-json\/wp\/v2\/comments?post=90113"}],"version-history":[{"count":0,"href":"https:\/\/www.enerjigazetesi.ist\/en\/wp-json\/wp\/v2\/posts\/90113\/revisions"}],"wp:featuredmedia":[{"embeddable":true,"href":"https:\/\/www.enerjigazetesi.ist\/en\/wp-json\/wp\/v2\/media\/90119"}],"wp:attachment":[{"href":"https:\/\/www.enerjigazetesi.ist\/en\/wp-json\/wp\/v2\/media?parent=90113"}],"wp:term":[{"taxonomy":"category","embeddable":true,"href":"https:\/\/www.enerjigazetesi.ist\/en\/wp-json\/wp\/v2\/categories?post=90113"},{"taxonomy":"post_tag","embeddable":true,"href":"https:\/\/www.enerjigazetesi.ist\/en\/wp-json\/wp\/v2\/tags?post=90113"}],"curies":[{"name":"wp","href":"https:\/\/api.w.org\/{rel}","templated":true}]}}