{"id":90104,"date":"2019-03-28T22:46:04","date_gmt":"2019-03-28T19:46:04","guid":{"rendered":"https:\/\/www.enerjigazetesi.ist\/?p=90104"},"modified":"2019-03-28T22:51:01","modified_gmt":"2019-03-28T19:51:01","slug":"porto-rikodan-yuzde-100-yenilenebilir-enerji-yasasi-tasarisina-onay","status":"publish","type":"post","link":"https:\/\/www.enerjigazetesi.ist\/en\/porto-rikodan-yuzde-100-yenilenebilir-enerji-yasasi-tasarisina-onay\/","title":{"rendered":"(Turkish) Porto Riko&#8217;dan Y\u00fczde 100 Yenilenebilir Enerji Yasas\u0131 Tasar\u0131s\u0131na Onay"},"content":{"rendered":"<p class=\"qtranxs-available-languages-message qtranxs-available-languages-message-en\">Sorry, this entry is only available in <a href=\"https:\/\/www.enerjigazetesi.ist\/tr\/wp-json\/wp\/v2\/posts\/90104\" class=\"qtranxs-available-language-link qtranxs-available-language-link-tr\" title=\"Turkish\">Turkish<\/a>. For the sake of viewer convenience, the content is shown below in the alternative language. You may click the link to switch the active language.<\/p><p><\/p>\n<h1>Porto Riko Senatosu taraf\u0131ndan adaya y\u00f6nelik yenilenebilir enerji standartlar\u0131n\u0131 belirleyen PS 1121 no\u2019lu yasa tasar\u0131s\u0131na onay verildi. 25 Mart\u2019ta onaylanm\u0131\u015f olan yasaya g\u00f6re, 2050 y\u0131l\u0131na kadar %100 yenilenebilir enerjiye ge\u00e7i\u015f kapsam\u0131nda da\u011f\u0131t\u0131k mikro-<img loading=\"lazy\" class=\"alignleft size-medium wp-image-90106\" src=\"https:\/\/www.enerjigazetesi.ist\/wp-content\/uploads\/2019\/03\/porto-rikodan-yuzde-100-yenilenebilir-enerji-yasasi-tasarisina-onay-300x200.jpg\" alt=\"\" width=\"300\" height=\"200\" srcset=\"https:\/\/www.enerjigazetesi.ist\/wp-content\/uploads\/2019\/03\/porto-rikodan-yuzde-100-yenilenebilir-enerji-yasasi-tasarisina-onay-300x200.jpg 300w, https:\/\/www.enerjigazetesi.ist\/wp-content\/uploads\/2019\/03\/porto-rikodan-yuzde-100-yenilenebilir-enerji-yasasi-tasarisina-onay-500x333.jpg 500w, https:\/\/www.enerjigazetesi.ist\/wp-content\/uploads\/2019\/03\/porto-rikodan-yuzde-100-yenilenebilir-enerji-yasasi-tasarisina-onay-75x50.jpg 75w, https:\/\/www.enerjigazetesi.ist\/wp-content\/uploads\/2019\/03\/porto-rikodan-yuzde-100-yenilenebilir-enerji-yasasi-tasarisina-onay-450x300.jpg 450w, https:\/\/www.enerjigazetesi.ist\/wp-content\/uploads\/2019\/03\/porto-rikodan-yuzde-100-yenilenebilir-enerji-yasasi-tasarisina-onay.jpg 732w\" sizes=\"(max-width: 300px) 100vw, 300px\" \/>\u015febeke sistemleri kurulacak ve g\u00fcne\u015f enerjisi ile elektrik \u00fcretiminden vergi al\u0131nmayacakt\u0131r.<\/h1>\n<p>Forbes\u2019ta yay\u0131nlanan haberde, yasan\u0131n adaya daha d\u00fc\u015f\u00fck maliyetli elektrik getirerek Maria Kas\u0131rgas\u0131 sonras\u0131nda uzun s\u00fcredir s\u00fcren elektrik kesintilerini \u00f6nlemeye yard\u0131mc\u0131 olaca\u011f\u0131 da dile getirilmektedir.<\/p>\n<p>Uygulanmas\u0131 planlanan tasar\u0131 ile;\u00a02050 y\u0131l\u0131nda %100 ve 2025 y\u0131l\u0131nda ise %40 yenilenebilir enerjiye ge\u00e7i\u015f \u00f6ng\u00f6r\u00fcl\u00fcrken\u00a02028 y\u0131l\u0131ndan itibaren k\u00f6m\u00fcr santralleri de yasaklanacakt\u0131r.\u00a0G\u00fcne\u015f enerjisi \u00fcretiminden al\u0131nan vergiler kald\u0131r\u0131l\u0131rken Sat\u0131\u015f ve Kullan\u0131m Vergisi muafiyetinin enerji depolama ve kiral\u0131k sistemlere y\u00f6nelikte ge\u00e7erli olacakt\u0131r.<\/p>","protected":false},"excerpt":{"rendered":"<p>Sorry, this entry is only available in Turkish. For the sake of viewer convenience, the content is shown below in the alternative language. You may click the link to switch the active language. Porto Riko Senatosu taraf\u0131ndan adaya y\u00f6nelik yenilenebilir enerji standartlar\u0131n\u0131 belirleyen PS 1121 no\u2019lu yasa tasar\u0131s\u0131na onay verildi. 25 Mart\u2019ta onaylanm\u0131\u015f olan yasaya [&hellip;]<\/p>\n","protected":false},"author":1,"featured_media":90106,"comment_status":"open","ping_status":"open","sticky":false,"template":"","format":"standard","meta":[],"categories":[51,53,49,24649],"tags":[37412,34979,19638,34980,26353,19,39464,67,1009,23416,12474,23133,34925,23131,3460,48565,48566,40840,48564,42867,34977,26829],"views":1341,"_links":{"self":[{"href":"https:\/\/www.enerjigazetesi.ist\/en\/wp-json\/wp\/v2\/posts\/90104"}],"collection":[{"href":"https:\/\/www.enerjigazetesi.ist\/en\/wp-json\/wp\/v2\/posts"}],"about":[{"href":"https:\/\/www.enerjigazetesi.ist\/en\/wp-json\/wp\/v2\/types\/post"}],"author":[{"embeddable":true,"href":"https:\/\/www.enerjigazetesi.ist\/en\/wp-json\/wp\/v2\/users\/1"}],"replies":[{"embeddable":true,"href":"https:\/\/www.enerjigazetesi.ist\/en\/wp-json\/wp\/v2\/comments?post=90104"}],"version-history":[{"count":0,"href":"https:\/\/www.enerjigazetesi.ist\/en\/wp-json\/wp\/v2\/posts\/90104\/revisions"}],"wp:featuredmedia":[{"embeddable":true,"href":"https:\/\/www.enerjigazetesi.ist\/en\/wp-json\/wp\/v2\/media\/90106"}],"wp:attachment":[{"href":"https:\/\/www.enerjigazetesi.ist\/en\/wp-json\/wp\/v2\/media?parent=90104"}],"wp:term":[{"taxonomy":"category","embeddable":true,"href":"https:\/\/www.enerjigazetesi.ist\/en\/wp-json\/wp\/v2\/categories?post=90104"},{"taxonomy":"post_tag","embeddable":true,"href":"https:\/\/www.enerjigazetesi.ist\/en\/wp-json\/wp\/v2\/tags?post=90104"}],"curies":[{"name":"wp","href":"https:\/\/api.w.org\/{rel}","templated":true}]}}