{"id":90077,"date":"2019-03-28T16:01:09","date_gmt":"2019-03-28T13:01:09","guid":{"rendered":"https:\/\/www.enerjigazetesi.ist\/?p=90077"},"modified":"2019-03-28T16:06:02","modified_gmt":"2019-03-28T13:06:02","slug":"tekfen-holdingde-bayrak-degisimi","status":"publish","type":"post","link":"https:\/\/www.enerjigazetesi.ist\/en\/tekfen-holdingde-bayrak-degisimi\/","title":{"rendered":"(Turkish) Tekfen Holding\u2019de Bayrak De\u011fi\u015fimi"},"content":{"rendered":"<p class=\"qtranxs-available-languages-message qtranxs-available-languages-message-en\">Sorry, this entry is only available in <a href=\"https:\/\/www.enerjigazetesi.ist\/tr\/wp-json\/wp\/v2\/posts\/90077\" class=\"qtranxs-available-language-link qtranxs-available-language-link-tr\" title=\"Turkish\">Turkish<\/a>. For the sake of viewer convenience, the content is shown below in the alternative language. You may click the link to switch the active language.<\/p><p><\/p>\n<h1>Tekfen Holding Ola\u011fan Genel Kurul ve Y\u00f6netim Kurulu toplant\u0131s\u0131 sonras\u0131nda, Tekfen Grup \u015eirketleri\u2019nin yeni Y\u00f6netim Kurulu ve \u00fcst d\u00fczey y\u00f6netimi belirlendi. Grup \u015eirketler Ba\u015fkan\u0131 Osman Birgili Y\u00f6netim Kurulu Ba\u015fkanvekili g\u00f6revine se\u00e7ilirken; Tekfen \u0130n\u015faat Y\u00f6netim Kurulu Ba\u015fkan\u0131 Cahit Oklap, Grup \u015eirketler Ba\u015fkan\u0131 oldu.<\/h1>\n<p>Tekfen Holding Y\u00f6netim Kurulu Ba\u015fkan\u0131 Murat Gigin, \u201c63 y\u0131ld\u0131r faaliyet g\u00f6sterdi\u011fi her alanda ba\u015far\u0131l\u0131 ve \u00f6rnek i\u015flere imza atm\u0131\u015f Tekfen Holding; \u00e7ok y\u00f6nl\u00fc, dinamik ve ayn\u0131 zamanda tecr\u00fcbeli y\u00f6netim kadrosuyla gelecek d\u00f6nem hedeflerine emin ad\u0131mlarla ilerleyecektir\u201d dedi.<\/p>\n<p><img loading=\"lazy\" class=\"alignleft size-medium wp-image-90079\" src=\"https:\/\/www.enerjigazetesi.ist\/wp-content\/uploads\/2019\/03\/tekfen-holdingde-bayrak-degisimi1-262x300.jpg\" alt=\"\" width=\"262\" height=\"300\" srcset=\"https:\/\/www.enerjigazetesi.ist\/wp-content\/uploads\/2019\/03\/tekfen-holdingde-bayrak-degisimi1-262x300.jpg 262w, https:\/\/www.enerjigazetesi.ist\/wp-content\/uploads\/2019\/03\/tekfen-holdingde-bayrak-degisimi1-349x400.jpg 349w, https:\/\/www.enerjigazetesi.ist\/wp-content\/uploads\/2019\/03\/tekfen-holdingde-bayrak-degisimi1-44x50.jpg 44w, https:\/\/www.enerjigazetesi.ist\/wp-content\/uploads\/2019\/03\/tekfen-holdingde-bayrak-degisimi1.jpg 426w\" sizes=\"(max-width: 262px) 100vw, 262px\" \/>Yirmi bin \u00e7al\u0131\u015fan\u0131yla, uluslararas\u0131 sanayi ve alt yap\u0131 m\u00fcteahhitli\u011fi, tar\u0131msal sanayi ve \u00fcretimi, gayrimenkul geli\u015ftirme ve terminal i\u015fletmecili\u011fi alanlar\u0131nda 63 y\u0131ld\u0131r faaliyet g\u00f6steren, halka a\u00e7\u0131k bir \u015firketler toplulu\u011fu olan Tekfen Holding\u2019de, 27 Mart 2019 tarihli Ola\u011fan Genel Kurul ve Y\u00f6netim Kurulu toplant\u0131lar\u0131 ger\u00e7ekle\u015fti.. Toplant\u0131larda al\u0131nan kararlar sonucunda, 1978 y\u0131l\u0131ndan itibaren Tekfen Grup \u015eirketlerinde \u00e7e\u015fitli g\u00f6revler \u00fcstlenip, 2013 y\u0131l\u0131ndan bu yana Grup \u015eirketler Ba\u015fkanl\u0131\u011f\u0131n\u0131 y\u00fcr\u00fcten Osman Birgili\u2019nin, Tekfen Holding Y\u00f6netim Kurulu Ba\u015fkan Vekilli\u011fine se\u00e7ilmesiyle, Tekfen Grup \u015eirketler Ba\u015fkanl\u0131\u011f\u0131 g\u00f6revine, 1983 y\u0131l\u0131ndan itibaren ba\u015fta Tekfen \u0130n\u015faat olmak \u00fczere Grup i\u00e7erisinde \u00e7e\u015fitli g\u00f6revler \u00fcstlenmi\u015f ve son olarak Tekfen \u0130n\u015faat Y\u00f6netim Kurulu Ba\u015fkanl\u0131\u011f\u0131 g\u00f6revini y\u00fcr\u00fctm\u00fc\u015f olan Cahit Oklap geldi. Yeni g\u00f6reviyle ilgili de\u011ferlendirmelerde bulunan<strong> Cahit Oklap<\/strong> \u201c36 y\u0131ld\u0131r \u00fclkemizde ve yurtd\u0131\u015f\u0131nda bulundu\u011fum g\u00f6revlerde temsil etti\u011fim Tekfen ailesini, \u015fimdi Grup \u015eirketler Ba\u015fkan\u0131 olarak temsil etmekten b\u00fcy\u00fck onur ve Tekfen\u2019in kurum de\u011ferlerine sahip \u00e7\u0131karak, tecr\u00fcbeli ekibimizin yan\u0131 s\u0131ra gen\u00e7 arkada\u015flar\u0131mla birlikte gelece\u011fe ta\u015f\u0131maktan heyecan duyuyorum\u201d dedi.<\/p>\n<p>Tekfen Holding \u00fcst y\u00f6netiminde yap\u0131lan <span style=\"text-decoration: underline;\">de\u011fi\u015fiklikler ise \u015f\u00f6yle:<\/span><\/p>\n<p>&#8211; Yeni olu\u015fturulan Holding Genel Sekreterli\u011fi g\u00f6revine daha \u00f6nce Taahh\u00fct Grubundan Sorumlu Ba\u015fkan Yard\u0131mc\u0131s\u0131 olan G\u00fcrb\u00fcz Alp Kire\u00e7 atand\u0131.<\/p>\n<p>&#8211; Daha \u00f6nce Kurumsal \u0130\u015flerden Sorumlu Ba\u015fkan Yard\u0131mc\u0131s\u0131 olan Do\u00e7. Dr. Osman Reha Yolalan, Mali \u0130\u015flerden Sorumlu Ba\u015fkan Yard\u0131mc\u0131s\u0131 (CFO) g\u00f6revine getirildi.<\/p>\n<p>&#8211; Daha \u00f6nce Tekfen \u0130n\u015faat Genel M\u00fcd\u00fcrl\u00fc\u011f\u00fc g\u00f6revini y\u00fcr\u00fcten Levent Kafkasl\u0131, Taahh\u00fct Grubundan Sorumlu Ba\u015fkan Yard\u0131mc\u0131s\u0131 olurken; Levent Kafkasl\u0131\u2019dan bo\u015falan Genel M\u00fcd\u00fcrl\u00fck g\u00f6revine, son olarak K\u0131demli Genel M\u00fcd\u00fcr Yard\u0131mc\u0131l\u0131\u011f\u0131 g\u00f6revini y\u00fcr\u00fcten Mustafa \u015eahin Kopuz getirildi.<\/p>\n<p>&#8211; Tar\u0131msal Sanayi Grubu\u2019ndan sorumlu Ba\u015fkan Yard\u0131mc\u0131s\u0131 Hakan G\u00f6ral ile Strateji, \u0130\u015f Geli\u015ftirme ve Yat\u0131r\u0131mlardan sorumlu Ba\u015fkan Yard\u0131mc\u0131s\u0131 Ahmet Ok\u00e7ular\u2019\u0131n g\u00f6revlerinin devam\u0131na karar verildi.<\/p>\n<p>&#8211; Finansal Kontrol ve Raporlamadan sorumlu Grup \u015eirketler Direkt\u00f6r\u00fc olarak g\u00f6rev yapan Hakan D\u00fcndar, Mali \u0130\u015flerden Sorumlu Ba\u015fkan Yard\u0131mc\u0131s\u0131 Vekili oldu.<\/p>\n<p>&#8211; \u00dcst y\u00f6netimin yap\u0131lanmas\u0131 \u00e7er\u00e7evesinde, Gayrimenkul Geli\u015ftirme Grup Ba\u015fkan Yard\u0131mc\u0131l\u0131\u011f\u0131 kald\u0131r\u0131larak, Tekfen Gayrimenkul Geli\u015ftirme Yat\u0131r\u0131m ve Ticaret A.\u015e. Genel M\u00fcd\u00fcrl\u00fc\u011f\u00fc\u2019ne vekaleten, halen ayn\u0131 \u015firkette \u0130\u015f Geli\u015ftirme, Sat\u0131\u015f ve Pazarlamadan sorumlu Genel M\u00fcd\u00fcr Yard\u0131mc\u0131s\u0131 olarak g\u00f6rev yapan Emre \u00dclger atand\u0131.<\/p>\n<p>&#8211; GATE \u0130n\u015faat Taahh\u00fct Sanayi ve Ticaret A.\u015e.\u2019de Genel M\u00fcd\u00fcr Yard\u0131mc\u0131s\u0131 olarak g\u00f6rev yapan Ferhat P\u00f6t\u00fcrgeli ayn\u0131 \u015firketin Genel M\u00fcd\u00fcrl\u00fc\u011f\u00fc\u2019ne vekaleten atand\u0131.<\/p>\n<p>Ola\u011fan Genel Kurul sonras\u0131nda, Tekfen Holding Y\u00f6netim Kurulu\u2019nda da baz\u0131 de\u011fi\u015fiklikler oldu.. Y\u00f6netim Kurulu \u00dcyesi Prof. Dr. \u00c7elik Kurto\u011flu g\u00f6revini b\u0131rak\u0131rken yerine Y\u00f6netim Kurulu Ba\u015fkan Vekili s\u0131fat\u0131yla Osman Birgili geldi. Ba\u011f\u0131ms\u0131z Y\u00f6netim Kurulu \u00dcyesi Zekeriya Y\u0131ld\u0131r\u0131m\u2019\u0131n g\u00f6rev s\u00fcresinin dolmas\u0131yla yerini \u015eevki Acuner ald\u0131.<\/p>\n<p>\u00d6n\u00fcm\u00fczdeki d\u00f6nemde g\u00f6rev yapacak Tekfen Holding Y\u00f6netim Kurulu ise \u015f\u00f6yle:<\/p>\n<p>Murat Gigin (Ba\u015fkan), Cansevil Ak\u00e7a\u011fl\u0131lar (Ba\u015fkan Vekili), Osman Birgili (Ba\u015fkan Vekili), Ali Nihat G\u00f6kyi\u011fit (Kurucu Onursal Ba\u015fkan, \u00dcye), Sinan Uzan (\u00dcye), Ahmet \u0130pek\u00e7i (\u00dcye), Mehmet Ercan Kumcu (\u00dcye), \u00c7i\u011fdem T\u00fcz\u00fcn (Ba\u011f\u0131ms\u0131z \u00dcye), Neriman \u00dclsever (Ba\u011f\u0131ms\u0131z \u00dcye), G\u00fcls\u00fcm Azeri (Ba\u011f\u0131ms\u0131z \u00dcye), \u015eevki Acuner (Ba\u011f\u0131ms\u0131z \u00dcye)<\/p>\n<p><strong>Cahit Oklap \/Tekfen Grup \u015eirketler Ba\u015fkan\u0131 \u00d6zge\u00e7mi\u015fi:<\/strong><\/p>\n<p>1950 Geylan-Kosova (eski Yugoslavya) do\u011fumlu Cahit Oklap, Denizli Lisesi\u2019nden mezun olup 1974 y\u0131l\u0131nda Orta Do\u011fu Teknik \u00dcniversitesi (ODT\u00dc) Kimya M\u00fchendisli\u011fi B\u00f6l\u00fcm\u00fc\u2019nde Lisans; 1979 y\u0131l\u0131nda ODT\u00dc End\u00fcstri M\u00fchendisli\u011fi B\u00f6l\u00fcm\u00fc\u2019nde Y\u00fcksekLisans e\u011fitimini tamamlad\u0131. \u00d6\u011frencili\u011finden itibaren ODT\u00dc&#8217;de Ara\u015ft\u0131rma Asistan\u0131 olarak \u00e7al\u0131\u015ft\u0131ktan sonra profesyonel kariyerine Eyl\u00fcl 1979\u2019da PETK\u0130M Alia\u011fa Kompleksi\u2019nin in\u015fa s\u00fcrecinde Planlama M\u00fchendisi olarak ba\u015flad\u0131.<\/p>\n<p>Cahit Oklap, Eyl\u00fcl 1983\u2019te Tekfen \u0130n\u015faat&#8217;akat\u0131ld\u0131. Tekfen \u0130n\u015faat&#8217;\u0131, boru hatlar\u0131 ve otoyol projelerinin icras\u0131 i\u00e7in yabanc\u0131 ortaklarla kurulan bir\u00e7ok ortak giri\u015fim ve konsorsiyumlarda y\u00f6netici seviyesinde temsil etti. 1995 y\u0131l\u0131nda Tekfen Holding&#8217;in Almanya&#8217;daki i\u015ftiraki olan HMB (Hallesche Mitteldeutsche Bau A.G)\u2019nin Genel M\u00fcd\u00fcrl\u00fc\u011f\u00fc&#8217;ne getirildi. bu g\u00f6revi devam ederken; Eyl\u00fcl 2008\u2019de, Tekfen \u0130n\u015faat\u2019\u0131n Kazakistan ve Almanya operasyonlar\u0131ndan sorumlu Genel M\u00fcd\u00fcr Yard\u0131mc\u0131l\u0131\u011f\u0131 g\u00f6revine atand\u0131.<\/p>\n<p>Cahit Oklap, 2016 y\u0131l\u0131nda Tekfen Holding Strateji, \u0130\u015f Geli\u015ftirme ve Yat\u0131r\u0131mlardan sorumlu Ba\u015fkan Yard\u0131mc\u0131s\u0131 oldu. 2016-Mart 2019 y\u0131llar\u0131 aras\u0131nda Tekfen \u0130n\u015faat, Tekfen M\u00fchendislik, Tekfen \u0130malat, Gate \u0130n\u015faat, Azfen ve Toros Tar\u0131m \u015firketlerinin Y\u00f6netim Kurullar\u0131nda \u00fcyelik, Ba\u015fkan Vekilli\u011fi ve Ba\u015fkanl\u0131k yapm\u0131\u015f olup, HMB Genel M\u00fcd\u00fcrl\u00fc\u011f\u00fc g\u00f6revini halen s\u00fcrd\u00fcrmekte olan Oklap, Mart 2019 itibar\u0131yla Tekfen Grup \u015eirketler Ba\u015fkan\u0131 oldu.<\/p>","protected":false},"excerpt":{"rendered":"<p>Sorry, this entry is only available in Turkish. For the sake of viewer convenience, the content is shown below in the alternative language. You may click the link to switch the active language. Tekfen Holding Ola\u011fan Genel Kurul ve Y\u00f6netim Kurulu toplant\u0131s\u0131 sonras\u0131nda, Tekfen Grup \u015eirketleri\u2019nin yeni Y\u00f6netim Kurulu ve \u00fcst d\u00fczey y\u00f6netimi belirlendi. Grup [&hellip;]<\/p>\n","protected":false},"author":1,"featured_media":90080,"comment_status":"open","ping_status":"open","sticky":false,"template":"","format":"standard","meta":[],"categories":[53],"tags":[48531,48525,48527,67,1009,48523,48526,48528,48532,48530,33902,48529,48524,48522,5748],"views":938,"_links":{"self":[{"href":"https:\/\/www.enerjigazetesi.ist\/en\/wp-json\/wp\/v2\/posts\/90077"}],"collection":[{"href":"https:\/\/www.enerjigazetesi.ist\/en\/wp-json\/wp\/v2\/posts"}],"about":[{"href":"https:\/\/www.enerjigazetesi.ist\/en\/wp-json\/wp\/v2\/types\/post"}],"author":[{"embeddable":true,"href":"https:\/\/www.enerjigazetesi.ist\/en\/wp-json\/wp\/v2\/users\/1"}],"replies":[{"embeddable":true,"href":"https:\/\/www.enerjigazetesi.ist\/en\/wp-json\/wp\/v2\/comments?post=90077"}],"version-history":[{"count":0,"href":"https:\/\/www.enerjigazetesi.ist\/en\/wp-json\/wp\/v2\/posts\/90077\/revisions"}],"wp:featuredmedia":[{"embeddable":true,"href":"https:\/\/www.enerjigazetesi.ist\/en\/wp-json\/wp\/v2\/media\/90080"}],"wp:attachment":[{"href":"https:\/\/www.enerjigazetesi.ist\/en\/wp-json\/wp\/v2\/media?parent=90077"}],"wp:term":[{"taxonomy":"category","embeddable":true,"href":"https:\/\/www.enerjigazetesi.ist\/en\/wp-json\/wp\/v2\/categories?post=90077"},{"taxonomy":"post_tag","embeddable":true,"href":"https:\/\/www.enerjigazetesi.ist\/en\/wp-json\/wp\/v2\/tags?post=90077"}],"curies":[{"name":"wp","href":"https:\/\/api.w.org\/{rel}","templated":true}]}}