{"id":90034,"date":"2019-03-27T23:10:23","date_gmt":"2019-03-27T20:10:23","guid":{"rendered":"https:\/\/www.enerjigazetesi.ist\/?p=90034"},"modified":"2019-03-27T23:12:34","modified_gmt":"2019-03-27T20:12:34","slug":"kuresel-karbondioksit-emisyonu-yuzde-1-7-artisla-tarihi-zirvesini-gordu","status":"publish","type":"post","link":"https:\/\/www.enerjigazetesi.ist\/en\/kuresel-karbondioksit-emisyonu-yuzde-1-7-artisla-tarihi-zirvesini-gordu\/","title":{"rendered":"(Turkish) K\u00fcresel Karbondioksit Emisyonu % 1,7 Art\u0131\u015fla Tarihi Zirvesini G\u00f6rd\u00fc"},"content":{"rendered":"<p class=\"qtranxs-available-languages-message qtranxs-available-languages-message-en\">Sorry, this entry is only available in <a href=\"https:\/\/www.enerjigazetesi.ist\/tr\/wp-json\/wp\/v2\/posts\/90034\" class=\"qtranxs-available-language-link qtranxs-available-language-link-tr\" title=\"Turkish\">Turkish<\/a>. For the sake of viewer convenience, the content is shown below in the alternative language. You may click the link to switch the active language.<\/p><p><\/p>\n<h1>Uluslararas\u0131 Enerji Ajans\u0131&#8217;n\u0131n (IEA) haz\u0131rlad\u0131\u011f\u0131 &#8220;K\u00fcresel Enerji ve Karbondioksit Emisyonlar\u0131 Stat\u00fc Raporu\u201dna g\u00f6re, 2018&#8217;de <img loading=\"lazy\" class=\"alignleft size-medium wp-image-90036\" src=\"https:\/\/www.enerjigazetesi.ist\/wp-content\/uploads\/2019\/03\/kuresel-karbondioksit-emisyonu-yuzde-1-7-artisla-tarihi-zirvesini-gordu-300x210.jpeg\" alt=\"\" width=\"300\" height=\"210\" srcset=\"https:\/\/www.enerjigazetesi.ist\/wp-content\/uploads\/2019\/03\/kuresel-karbondioksit-emisyonu-yuzde-1-7-artisla-tarihi-zirvesini-gordu-300x210.jpeg 300w, https:\/\/www.enerjigazetesi.ist\/wp-content\/uploads\/2019\/03\/kuresel-karbondioksit-emisyonu-yuzde-1-7-artisla-tarihi-zirvesini-gordu-500x350.jpeg 500w, https:\/\/www.enerjigazetesi.ist\/wp-content\/uploads\/2019\/03\/kuresel-karbondioksit-emisyonu-yuzde-1-7-artisla-tarihi-zirvesini-gordu-71x50.jpeg 71w, https:\/\/www.enerjigazetesi.ist\/wp-content\/uploads\/2019\/03\/kuresel-karbondioksit-emisyonu-yuzde-1-7-artisla-tarihi-zirvesini-gordu.jpeg 635w\" sizes=\"(max-width: 300px) 100vw, 300px\" \/>k\u00fcresel enerji talebi y\u00fczde 2,3 oran\u0131nda art\u0131\u015f ile 2010 y\u0131l\u0131ndan g\u00fcn\u00fcm\u00fcze en y\u00fcksek seviyesine \u00e7\u0131kt\u0131.<\/h1>\n<p>2018&#8217;de k\u00fcresel elektrik talebi % 4 oran\u0131nda art\u0131\u015f g\u00f6sterirken d\u00fcnyada toplam do\u011falgaz talebi ise % 4,6 oran\u0131nda b\u00fcy\u00fcd\u00fc. K\u00fcresel petrol talebi ise 2018&#8217;de 2017&#8217;ye g\u00f6re % 1,3 oran\u0131nda artt\u0131. Bu art\u0131\u015fta Amerika Birle\u015fik Devletleri (ABD), \u00c7in ve Hindistan\u2019da ya\u015fanan talep b\u00fcy\u00fcmeside etkili olmu\u015ftur.<\/p>\n<p>D\u00fcnya&#8217;n\u0131n enerji sekt\u00f6r\u00fc kaynakl\u0131 karbondioksit emisyonu 2018&#8217;de 2017&#8217;ye g\u00f6re % 1,7 oran\u0131nda art\u0131\u015f ile 33 gigatona y\u00fckselirken k\u00fcresel karbondioksit emisyonu de\u011ferleri tarihi zirvesini g\u00f6rd\u00fc.<\/p>","protected":false},"excerpt":{"rendered":"<p>Sorry, this entry is only available in Turkish. For the sake of viewer convenience, the content is shown below in the alternative language. You may click the link to switch the active language. Uluslararas\u0131 Enerji Ajans\u0131&#8217;n\u0131n (IEA) haz\u0131rlad\u0131\u011f\u0131 &#8220;K\u00fcresel Enerji ve Karbondioksit Emisyonlar\u0131 Stat\u00fc Raporu\u201dna g\u00f6re, 2018&#8217;de k\u00fcresel enerji talebi y\u00fczde 2,3 oran\u0131nda art\u0131\u015f ile [&hellip;]<\/p>\n","protected":false},"author":1,"featured_media":90036,"comment_status":"open","ping_status":"open","sticky":false,"template":"","format":"standard","meta":[],"categories":[53,52],"tags":[67,1009,26559,1023,48457,1775,19400,48456,48458,1022,793],"views":760,"_links":{"self":[{"href":"https:\/\/www.enerjigazetesi.ist\/en\/wp-json\/wp\/v2\/posts\/90034"}],"collection":[{"href":"https:\/\/www.enerjigazetesi.ist\/en\/wp-json\/wp\/v2\/posts"}],"about":[{"href":"https:\/\/www.enerjigazetesi.ist\/en\/wp-json\/wp\/v2\/types\/post"}],"author":[{"embeddable":true,"href":"https:\/\/www.enerjigazetesi.ist\/en\/wp-json\/wp\/v2\/users\/1"}],"replies":[{"embeddable":true,"href":"https:\/\/www.enerjigazetesi.ist\/en\/wp-json\/wp\/v2\/comments?post=90034"}],"version-history":[{"count":0,"href":"https:\/\/www.enerjigazetesi.ist\/en\/wp-json\/wp\/v2\/posts\/90034\/revisions"}],"wp:featuredmedia":[{"embeddable":true,"href":"https:\/\/www.enerjigazetesi.ist\/en\/wp-json\/wp\/v2\/media\/90036"}],"wp:attachment":[{"href":"https:\/\/www.enerjigazetesi.ist\/en\/wp-json\/wp\/v2\/media?parent=90034"}],"wp:term":[{"taxonomy":"category","embeddable":true,"href":"https:\/\/www.enerjigazetesi.ist\/en\/wp-json\/wp\/v2\/categories?post=90034"},{"taxonomy":"post_tag","embeddable":true,"href":"https:\/\/www.enerjigazetesi.ist\/en\/wp-json\/wp\/v2\/tags?post=90034"}],"curies":[{"name":"wp","href":"https:\/\/api.w.org\/{rel}","templated":true}]}}