{"id":89992,"date":"2019-03-27T14:42:55","date_gmt":"2019-03-27T11:42:55","guid":{"rendered":"https:\/\/www.enerjigazetesi.ist\/?p=89992"},"modified":"2019-03-27T14:48:07","modified_gmt":"2019-03-27T11:48:07","slug":"gundem-disi-yolsuzlugun-tum-dunyaya-maliyeti-2-6-trilyon-dolar","status":"publish","type":"post","link":"https:\/\/www.enerjigazetesi.ist\/en\/gundem-disi-yolsuzlugun-tum-dunyaya-maliyeti-2-6-trilyon-dolar\/","title":{"rendered":"(Turkish) G\u00fcndem D\u0131\u015f\u0131: &#8220;Yolsuzlu\u011fun T\u00fcm D\u00fcnyaya Maliyeti 2.6 Trilyon Dolar&#8221;"},"content":{"rendered":"<p class=\"qtranxs-available-languages-message qtranxs-available-languages-message-en\">Sorry, this entry is only available in <a href=\"https:\/\/www.enerjigazetesi.ist\/tr\/wp-json\/wp\/v2\/posts\/89992\" class=\"qtranxs-available-language-link qtranxs-available-language-link-tr\" title=\"Turkish\">Turkish<\/a>. For the sake of viewer convenience, the content is shown below in the alternative language. You may click the link to switch the active language.<\/p><p><\/p>\n<h1>Etik ve \u0130tibar Derne\u011fi (TE\u0130D) 7&#8217;inci Ola\u011fan Genel Kurul Toplant\u0131s\u0131, Y\u00f6netim Kurulu ve \u00fcyelerinin kat\u0131l\u0131m\u0131yla 26 Mart Sal\u0131 g\u00fcn\u00fc TOFA\u015e T\u00fcrk Otomobil Fabrikalar\u0131 A.\u015e. Genel M\u00fcd\u00fcrl\u00fck binas\u0131nda ger\u00e7ekle\u015ftirildi.<\/h1>\n<p>Genel kurul akabinde yap\u0131lan y\u00f6netim kurulu toplant\u0131s\u0131nda Etik ve \u0130tibar Derne\u011fi&#8217;nin <strong>7. D\u00f6nem Y\u00f6netim Kurulu Ba\u015fkan\u0131<\/strong> <strong>Avukat Ertu\u011frul Onur<\/strong> oldu.<\/p>\n<p><img loading=\"lazy\" class=\"alignright size-medium wp-image-89997\" src=\"https:\/\/www.enerjigazetesi.ist\/wp-content\/uploads\/2019\/03\/gundem-disi-yolsuzlugun-tum-dunyaya-maliyeti-2-6-trilyon-dolar1-1-300x139.jpg\" alt=\"\" width=\"300\" height=\"139\" srcset=\"https:\/\/www.enerjigazetesi.ist\/wp-content\/uploads\/2019\/03\/gundem-disi-yolsuzlugun-tum-dunyaya-maliyeti-2-6-trilyon-dolar1-1-300x139.jpg 300w, https:\/\/www.enerjigazetesi.ist\/wp-content\/uploads\/2019\/03\/gundem-disi-yolsuzlugun-tum-dunyaya-maliyeti-2-6-trilyon-dolar1-1-768x356.jpg 768w, https:\/\/www.enerjigazetesi.ist\/wp-content\/uploads\/2019\/03\/gundem-disi-yolsuzlugun-tum-dunyaya-maliyeti-2-6-trilyon-dolar1-1-1024x475.jpg 1024w, https:\/\/www.enerjigazetesi.ist\/wp-content\/uploads\/2019\/03\/gundem-disi-yolsuzlugun-tum-dunyaya-maliyeti-2-6-trilyon-dolar1-1-500x232.jpg 500w, https:\/\/www.enerjigazetesi.ist\/wp-content\/uploads\/2019\/03\/gundem-disi-yolsuzlugun-tum-dunyaya-maliyeti-2-6-trilyon-dolar1-1-80x37.jpg 80w, https:\/\/www.enerjigazetesi.ist\/wp-content\/uploads\/2019\/03\/gundem-disi-yolsuzlugun-tum-dunyaya-maliyeti-2-6-trilyon-dolar1-1.jpg 1052w\" sizes=\"(max-width: 300px) 100vw, 300px\" \/>Avukat Ertu\u011frul Onur, 2010 y\u0131l\u0131ndan bu yana i\u015f eti\u011fi ilke ve politikalar\u0131n\u0131n anla\u015f\u0131lmas\u0131, benimsenmesi ve \u015firketlerin yaz\u0131l\u0131 k\u00fclt\u00fcr\u00fcn\u00fcn temel ta\u015f\u0131 haline gelmesi i\u00e7in k\u0131lavuzluk etmek misyonuyla faaliyet g\u00f6steren Etik ve \u0130tibar Derne\u011fi\u2019nin 2019 y\u0131l\u0131 itibari ile 140\u2019dan fazla kurumsal \u00fcyeye ula\u015ft\u0131\u011f\u0131n\u0131 belirtti. Onur, TE\u0130D\u2019in, gerek ulusal gerekse uluslararas\u0131 ticaretin vazge\u00e7ilmez \u015fart\u0131 haline gelen i\u015f eti\u011fi alan\u0131ndaki en g\u00fcncel veri ve bilgileri, uluslararas\u0131 ili\u015fki ve ba\u011flar\u0131 \u00fclkemize getirmeyi ve \u00fcyeleri aras\u0131nda payla\u015f\u0131m toplant\u0131lar\u0131 d\u00fczenleyerek iyi \u00f6rneklerin uygulamas\u0131n\u0131n artt\u0131r\u0131lmas\u0131n\u0131 ama\u00e7lad\u0131klar\u0131n\u0131 s\u00f6zlerine ekledi.<\/p>\n<p>TE\u0130D olarak etik d\u0131\u015f\u0131 davran\u0131\u015flar hakk\u0131nda b\u00fct\u00fcn kurumlar\u0131n, hatta toplumun daha ayr\u0131nt\u0131l\u0131 olarak d\u00fc\u015f\u00fcnmesini ama\u00e7lad\u0131klar\u0131n\u0131 belirten Avukat Ertu\u011frul Onur \u201cFark\u0131ndal\u0131\u011f\u0131n artmas\u0131 ile gerek \u00f6zel sekt\u00f6r, gerek toplumun di\u011fer kesimlerinin etik ilke ve de\u011ferlere sahip \u00e7\u0131kaca\u011f\u0131n\u0131 biliyoruz. Etik ilkeleri bir sistem dahilinde destekler ve korursak, gelecek nesillere daha ya\u015fan\u0131r bir du\u0308nya b\u0131rakma \u015fans\u0131m\u0131z oldu\u011funu d\u00fc\u015f\u00fcn\u00fcyoruz.\u201d dedi.<\/p>\n<h2>\u201cYolsuzlu\u011fun T\u00fcm D\u00fcnyaya Maliyeti 2.6 Trilyon Dolar\u201d<\/h2>\n<p>Onur, Faaliyet Raporunda, D\u00fcnya ve T\u00fcrkiye\u2019deki geli\u015fmelere ili\u015fkin de\u011ferlendirmelerde bulunarak, D\u00fcnya Ekonomik Forumu taraf\u0131ndan yap\u0131lan ara\u015ft\u0131rmaya g\u00f6re t\u00fcm d\u00fcnyada yolsuzlu\u011fun maliyetinin y\u0131ll\u0131k 2,6 trilyon dolar olarak tahmin edildi\u011fini, bu rakam\u0131n K\u00fcresel Gayri Safi Milli Has\u0131lan\u0131n (GSMH) y\u00fczde %5\u2019i oldu\u011funu ve yolsuzlu\u011fun d\u00fcnya genelinde i\u015f yapma maliyetini %10 artt\u0131rd\u0131\u011f\u0131n\u0131 belirtti.<\/p>\n<h2>\u201cSadece en fazla kar etme hedefinin \u00f6zel sekt\u00f6r\u00fcn tek amac\u0131 oldu\u011fu i\u015f y\u00f6netimi sisteminin tarihe kar\u0131\u015ft\u0131\u201d<\/h2>\n<p>Onur , Genel Kurul sonras\u0131 yapt\u0131\u011f\u0131 a\u00e7\u0131klamada; <em>\u201cSadece en fazla kar etme hedefinin, \u00f6zel sekt\u00f6r\u00fcn tek amac\u0131 oldu\u011fu i\u015f y\u00f6netimi sistemi art\u0131k tarihe kar\u0131\u015ft\u0131. Ara\u015ft\u0131rmalar, t\u00fcketicilerin %50\u2019sinin, \u015firketlerin \u00fcru\u0308n ve hizmetlerini se\u00e7erken etik davran\u0131\u015f ve faaliyetlerine \u00f6zel olarak dikkat g\u00f6sterdiklerini ve bu y\u00f6nde tercihlerini de\u011fi\u015ftirdiklerini ortaya koyuyor. Bu veriler, art\u0131k \u015firketlerin bir s\u00fcredir toplum ve t\u00fcketicileri taraf\u0131ndan etik davranmaya itildi\u011fini g\u00f6steriyor. \u0130\u015fte tam da bu do\u011frultuda Etik ve \u0130tibar Derne\u011fi\u2019nin (TE\u0130D) \u00e7al\u0131\u015fmalar\u0131 daha da anlaml\u0131 bir hale geliyor. 2010 y\u0131l\u0131nda 11 \u00f6nc\u00fc \u015firket taraf\u0131ndan kurulan Etik ve \u0130tibar Derne\u011fi, 2019 y\u0131l\u0131na geldi\u011finde 140\u2019dan fazla kurumsal \u00fcyeye ula\u015farak, etik ilke ve de\u011ferlerin \u015firketlerin t\u00fcm idari ve ticari fonksiyonlar\u0131 taraf\u0131ndan benimsenmesi, bir i\u015f yapma bi\u00e7imi haline getirilmesi i\u00e7in \u00e7al\u0131\u015fmalar\u0131n\u0131 s\u00fcrd\u00fcr\u00fcyor. 27 Mart 2019 tarihinde yap\u0131lan Genel Kurul sonras\u0131 Y\u00f6netim Kurulu Ba\u015fkan\u0131 olarak g\u00f6rev ald\u0131\u011f\u0131m TE\u0130D, gerek kurumsal gerek bireysel \u00fcyelerinin katk\u0131lar\u0131 ile etik, uyum ve itibar konular\u0131nda bir bilgi \u00fcretim ve payla\u015f\u0131m platform olu\u015fturmak b\u00f6ylelikle bir referans noktas\u0131 olabilme hedefine ula\u015fmak i\u00e7in t\u00fcm g\u00fcc\u00fc ile \u00e7al\u0131\u015fmaya devam edecektir.\u201d<\/em> ifadelerine yer verdi.<\/p>\n<p>Y\u00f6netim Kurulu Ba\u015fkan Yard\u0131mc\u0131s\u0131 <strong>Emre \u00c7olak<\/strong>, Y\u00f6netim Kurulu Sekreteri <strong>\u0130dil G\u00fcrdil<\/strong>, Sayman <strong>Mente\u015f Albayrak<\/strong> (AG Anadolu Grubu Holding A.\u015e.) oldu. TE\u0130D Y\u00f6netim Kurulu \u00dcyeleri ise <strong>Ahu G\u00fcn Akkal Ek\u015fi<\/strong> (Allianz Sigorta A.\u015e.), <strong>Ali Murat Vural<\/strong> (Bersay \u0130leti\u015fim Dan\u0131\u015fmanl\u0131\u011f\u0131 A.\u015e.), <strong>As\u0131m Barl\u0131n<\/strong> (Solmaz G\u00fcmr\u00fck M\u00fc\u015favirli\u011fi A.\u015e.), <strong>G\u00fcray Karacar, K.Altu\u011f \u00d6zg\u00fcn, M.Fevzi Toksoy<\/strong> (Actecon Dan\u0131\u015fmanl\u0131k A.\u015e.), <strong>M.Fikret<\/strong> <strong>Sebilcio\u011flu<\/strong> (Cerebra Ba\u011f\u0131ms\u0131z Denetim SMMM A.\u015e.), <strong>Okan Demirkan<\/strong> (Kolcuo\u011flu Demirkan Ko\u00e7akl\u0131 Hukuk B\u00fcrosu), <strong>Tayfun Zaman<\/strong> (Reanda Turkey) \u00fcstlendi.<\/p>\n<p>TE\u0130D Y\u00f6netim Kurulu Yedek \u00dcyeliklerine ise <strong>Ece \u00dcrkmez Elbirlik<\/strong> (\u0130nci Holding A.\u015e.), <strong>Filiz Toprak Esin <\/strong>(Mehmet G\u00fcn &amp; G\u00fcn Partners), <strong>Kayra \u00dc\u00e7er<\/strong> (Herg\u00fcner Bilgen \u00d6zeke Avukatl\u0131k Ortakl\u0131\u011f\u0131), <strong>Meltem Azbazdar <\/strong>(Mey \u0130\u00e7ki San. ve Tic. A.\u015e.), <strong>Se\u00e7kin Sava\u015fer<\/strong> (Goodyear Lastikleri T.A.\u015e.) oldu.<\/p>\n<p>TE\u0130D\u2019in 7. D\u00f6nem Denetim Kurulu As\u0131l \u00dcyeleri ise <strong>Asl\u0131 Ertekin<\/strong> (BP Exploration (Caspian Sea) Ltd. Turkiye \u015eubesi), <strong>Do\u011fu \u00d6zden<\/strong> (TOFA\u015e T\u00fcrk Otomobil Fabrikas\u0131 A.\u015e.), <strong>Ersun Bayraktaro\u011flu<\/strong> (PwC Ba\u011f\u0131ms\u0131z Denetim ve SMMM A.\u015e.) olurken, yedek \u00fcyeliklere ise <strong>Emine Akad G\u00fcrp\u0131nar<\/strong> (L\u2019Or\u00e9al T\u00fcrkiye Kozmetik Sanayi ve Ticaret A.\u015e.), <strong>Michael Kuckein<\/strong> (Sandoz \u0130la\u00e7 Sanayi ve Ticaret A.\u015e.), <strong>U\u011fur De\u011firmenci<\/strong> (Keskin &#8211; De\u011firmenci Partners Avukatl\u0131k Ortakl\u0131\u011f\u0131) oldu.<\/p>","protected":false},"excerpt":{"rendered":"<p>Sorry, this entry is only available in Turkish. For the sake of viewer convenience, the content is shown below in the alternative language. You may click the link to switch the active language. Etik ve \u0130tibar Derne\u011fi (TE\u0130D) 7&#8217;inci Ola\u011fan Genel Kurul Toplant\u0131s\u0131, Y\u00f6netim Kurulu ve \u00fcyelerinin kat\u0131l\u0131m\u0131yla 26 Mart Sal\u0131 g\u00fcn\u00fc TOFA\u015e T\u00fcrk Otomobil [&hellip;]<\/p>\n","protected":false},"author":1,"featured_media":89994,"comment_status":"open","ping_status":"open","sticky":false,"template":"","format":"standard","meta":[],"categories":[53],"tags":[48403,48405,67,1009,47456,23861,47457,48406,48404],"views":801,"_links":{"self":[{"href":"https:\/\/www.enerjigazetesi.ist\/en\/wp-json\/wp\/v2\/posts\/89992"}],"collection":[{"href":"https:\/\/www.enerjigazetesi.ist\/en\/wp-json\/wp\/v2\/posts"}],"about":[{"href":"https:\/\/www.enerjigazetesi.ist\/en\/wp-json\/wp\/v2\/types\/post"}],"author":[{"embeddable":true,"href":"https:\/\/www.enerjigazetesi.ist\/en\/wp-json\/wp\/v2\/users\/1"}],"replies":[{"embeddable":true,"href":"https:\/\/www.enerjigazetesi.ist\/en\/wp-json\/wp\/v2\/comments?post=89992"}],"version-history":[{"count":0,"href":"https:\/\/www.enerjigazetesi.ist\/en\/wp-json\/wp\/v2\/posts\/89992\/revisions"}],"wp:featuredmedia":[{"embeddable":true,"href":"https:\/\/www.enerjigazetesi.ist\/en\/wp-json\/wp\/v2\/media\/89994"}],"wp:attachment":[{"href":"https:\/\/www.enerjigazetesi.ist\/en\/wp-json\/wp\/v2\/media?parent=89992"}],"wp:term":[{"taxonomy":"category","embeddable":true,"href":"https:\/\/www.enerjigazetesi.ist\/en\/wp-json\/wp\/v2\/categories?post=89992"},{"taxonomy":"post_tag","embeddable":true,"href":"https:\/\/www.enerjigazetesi.ist\/en\/wp-json\/wp\/v2\/tags?post=89992"}],"curies":[{"name":"wp","href":"https:\/\/api.w.org\/{rel}","templated":true}]}}