{"id":89943,"date":"2019-03-26T14:41:10","date_gmt":"2019-03-26T11:41:10","guid":{"rendered":"https:\/\/www.enerjigazetesi.ist\/?p=89943"},"modified":"2019-03-26T15:06:48","modified_gmt":"2019-03-26T12:06:48","slug":"inform-yeni-nesil-cozumleriyle-solarex-fuarinda-ziyaretcilerini-agirlayacak","status":"publish","type":"post","link":"https:\/\/www.enerjigazetesi.ist\/en\/inform-yeni-nesil-cozumleriyle-solarex-fuarinda-ziyaretcilerini-agirlayacak\/","title":{"rendered":"(Turkish) \u0130nform Yeni Nesil \u00c7\u00f6z\u00fcmleriyle Solarex Fuar\u0131\u2019nda!"},"content":{"rendered":"<p class=\"qtranxs-available-languages-message qtranxs-available-languages-message-en\">Sorry, this entry is only available in <a href=\"https:\/\/www.enerjigazetesi.ist\/tr\/wp-json\/wp\/v2\/posts\/89943\" class=\"qtranxs-available-language-link qtranxs-available-language-link-tr\" title=\"Turkish\">Turkish<\/a>. For the sake of viewer convenience, the content is shown below in the alternative language. You may click the link to switch the active language.<\/p><p><\/p>\n<h1>T\u00fcrkiye\u2019de g\u00fcne\u015f enerjisinden elektrik \u00fcretimine y\u00f6nelik projeleriyle sekt\u00f6re \u00f6nc\u00fcl\u00fck eden \u0130nform, u\u00e7tan uca GES \u00e7\u00f6z\u00fcmleriyle bu y\u0131l Solarex Fuar\u0131\u2019na damgas\u0131n\u0131 vuracak.<strong><img loading=\"lazy\" class=\"alignright size-medium wp-image-89945\" src=\"https:\/\/www.enerjigazetesi.ist\/wp-content\/uploads\/2019\/03\/inform-yeni-nesil-cozumleriyle-solarex-fuarinda-ziyaretcilerini-agirlayacak2-300x214.jpg\" alt=\"\" width=\"300\" height=\"214\" srcset=\"https:\/\/www.enerjigazetesi.ist\/wp-content\/uploads\/2019\/03\/inform-yeni-nesil-cozumleriyle-solarex-fuarinda-ziyaretcilerini-agirlayacak2-300x214.jpg 300w, https:\/\/www.enerjigazetesi.ist\/wp-content\/uploads\/2019\/03\/inform-yeni-nesil-cozumleriyle-solarex-fuarinda-ziyaretcilerini-agirlayacak2-500x357.jpg 500w, https:\/\/www.enerjigazetesi.ist\/wp-content\/uploads\/2019\/03\/inform-yeni-nesil-cozumleriyle-solarex-fuarinda-ziyaretcilerini-agirlayacak2-70x50.jpg 70w, https:\/\/www.enerjigazetesi.ist\/wp-content\/uploads\/2019\/03\/inform-yeni-nesil-cozumleriyle-solarex-fuarinda-ziyaretcilerini-agirlayacak2.jpg 683w\" sizes=\"(max-width: 300px) 100vw, 300px\" \/><\/strong><\/h1>\n<p>T\u00fcrkiye\u2019de g\u00fcne\u015f enerjisinden elektrik \u00fcretimine y\u00f6nelik projeleriyle sekt\u00f6re \u00f6nc\u00fcl\u00fck eden \u0130nform, bu y\u0131l 4-6 Nisan tarihleri aras\u0131nda d\u00fczenlenecek <strong>Solarex Fuar\u0131<\/strong>\u2019na <strong>u\u00e7tan uca \u00e7at\u0131 \u00fcst\u00fc \/ cephe ve tarla GES<\/strong>&#8216;e y\u00f6nelik \u00e7\u00f6z\u00fcmleri i\u00e7in haz\u0131rl\u0131klar\u0131n\u0131 s\u00fcrd\u00fcr\u00fcyor.<\/p>\n<p>Fuar kapsam\u0131nda \u0130nform, en son teknolojiyle tasarlad\u0131\u011f\u0131 GES \u00e7\u00f6z\u00fcmlerinin yan\u0131 s\u0131ra Legrand marka elektrikli ara\u00e7 \u015farj istasyonu, 3,7 KW-7,4KW Monofaze ve 22KW trifaze g\u00fcc\u00fcndeki \u00fcr\u00fcnleri de sekt\u00f6r payda\u015flar\u0131yla bulu\u015fturacak. Di\u011fer yandan \u0130nform Ar-Ge Merkezinin tasarlad\u0131\u011f\u0131 500kVA g\u00fcc\u00fcnde enerji depolama cihaz\u0131yla da fuara damga vurmay\u0131 hedefliyor.<\/p>\n<p><strong>4-6 Nisan 2019<\/strong> tarihlerinde <strong>Solarex \u0130stanbul G\u00fcne\u015f Enerjileri ve Teknolojileri Fuar\u0131<\/strong>\u2019na kat\u0131lacak olan <strong>\u0130nform<\/strong>, u\u00e7tan uca \u00e7\u00f6z\u00fcmleriyle <strong>Hall-10 A02<\/strong>\u2019deki stand\u0131nda ziyaret\u00e7ilerini a\u011f\u0131rlayacak.<\/p>\n<p>Daha Ayr\u0131nt\u0131l\u0131 Bilgi \u0130\u00e7in <a href=\"http:\/\/www.inform.com.tr\"><strong>www.inform.com.tr<\/strong><\/a>\u00a0Adresini Ziyaret Edebilirsiniz.<\/p>","protected":false},"excerpt":{"rendered":"<p>Sorry, this entry is only available in Turkish. For the sake of viewer convenience, the content is shown below in the alternative language. You may click the link to switch the active language. T\u00fcrkiye\u2019de g\u00fcne\u015f enerjisinden elektrik \u00fcretimine y\u00f6nelik projeleriyle sekt\u00f6re \u00f6nc\u00fcl\u00fck eden \u0130nform, u\u00e7tan uca GES \u00e7\u00f6z\u00fcmleriyle bu y\u0131l Solarex Fuar\u0131\u2019na damgas\u0131n\u0131 vuracak. T\u00fcrkiye\u2019de [&hellip;]<\/p>\n","protected":false},"author":1,"featured_media":89950,"comment_status":"open","ping_status":"open","sticky":false,"template":"","format":"standard","meta":[],"categories":[51,53,49],"tags":[48356,34981,34979,19638,34980,26353,17750,48353,2625,67,1009,48357,35038,45003,23416,12474,34925,23131,48355,18366,27989,14189,48354,48358,34977,48360,48359,26829],"views":890,"_links":{"self":[{"href":"https:\/\/www.enerjigazetesi.ist\/en\/wp-json\/wp\/v2\/posts\/89943"}],"collection":[{"href":"https:\/\/www.enerjigazetesi.ist\/en\/wp-json\/wp\/v2\/posts"}],"about":[{"href":"https:\/\/www.enerjigazetesi.ist\/en\/wp-json\/wp\/v2\/types\/post"}],"author":[{"embeddable":true,"href":"https:\/\/www.enerjigazetesi.ist\/en\/wp-json\/wp\/v2\/users\/1"}],"replies":[{"embeddable":true,"href":"https:\/\/www.enerjigazetesi.ist\/en\/wp-json\/wp\/v2\/comments?post=89943"}],"version-history":[{"count":0,"href":"https:\/\/www.enerjigazetesi.ist\/en\/wp-json\/wp\/v2\/posts\/89943\/revisions"}],"wp:featuredmedia":[{"embeddable":true,"href":"https:\/\/www.enerjigazetesi.ist\/en\/wp-json\/wp\/v2\/media\/89950"}],"wp:attachment":[{"href":"https:\/\/www.enerjigazetesi.ist\/en\/wp-json\/wp\/v2\/media?parent=89943"}],"wp:term":[{"taxonomy":"category","embeddable":true,"href":"https:\/\/www.enerjigazetesi.ist\/en\/wp-json\/wp\/v2\/categories?post=89943"},{"taxonomy":"post_tag","embeddable":true,"href":"https:\/\/www.enerjigazetesi.ist\/en\/wp-json\/wp\/v2\/tags?post=89943"}],"curies":[{"name":"wp","href":"https:\/\/api.w.org\/{rel}","templated":true}]}}