{"id":89884,"date":"2019-03-25T16:11:04","date_gmt":"2019-03-25T13:11:04","guid":{"rendered":"https:\/\/www.enerjigazetesi.ist\/?p=89884"},"modified":"2019-03-25T16:12:57","modified_gmt":"2019-03-25T13:12:57","slug":"isaf-exclusive-katilimci-ve-ziyaretcilerin-yogun-ilgisiyle-sona-erdi","status":"publish","type":"post","link":"https:\/\/www.enerjigazetesi.ist\/en\/isaf-exclusive-katilimci-ve-ziyaretcilerin-yogun-ilgisiyle-sona-erdi\/","title":{"rendered":"(Turkish) &#8217;ISAF EXCLUSIVE&#8217;, Kat\u0131l\u0131mc\u0131 ve Ziyaret\u00e7ilerin Yo\u011fun \u0130lgisiyle Sona Erdi"},"content":{"rendered":"<p class=\"qtranxs-available-languages-message qtranxs-available-languages-message-en\">Sorry, this entry is only available in <a href=\"https:\/\/www.enerjigazetesi.ist\/tr\/wp-json\/wp\/v2\/posts\/89884\" class=\"qtranxs-available-language-link qtranxs-available-language-link-tr\" title=\"Turkish\">Turkish<\/a>. For the sake of viewer convenience, the content is shown below in the alternative language. You may click the link to switch the active language.<\/p><p><\/p>\n<h1>G\u00fcvenlik sekt\u00f6r\u00fcn\u00fcn en se\u00e7kin etkinli\u011fi ISAF Exclusive Konferans\u0131 ve Fuar\u0131 3&#8217;\u00fcnc\u00fc y\u0131l\u0131nda yine sekt\u00f6r\u00fcn t\u00fcm payda\u015flar\u0131n\u0131 biraraya getiren ba\u015far\u0131l\u0131 bir organizasyon olarak d\u00fczenlendi.<\/h1>\n<p>Sekt\u00f6r\u00fcn her kesiminden temsilcileri en \u00fcst seviyede biraraya getiren ISAF Exclusive gerek konferans gerekse de fuar b\u00f6l\u00fcm\u00fcnde kat\u0131l\u0131mc\u0131, konu\u015fmac\u0131, dinleyici ve ziyaret\u00e7ilerin b\u00fcy\u00fck oranda memnuniyet <img loading=\"lazy\" class=\"alignright size-medium wp-image-89886\" src=\"https:\/\/www.enerjigazetesi.ist\/wp-content\/uploads\/2019\/03\/isaf-exclusive-katilimci-ve-ziyaretcilerin-yogun-ilgisiyle-sona-erdi1-300x200.jpg\" alt=\"\" width=\"300\" height=\"200\" srcset=\"https:\/\/www.enerjigazetesi.ist\/wp-content\/uploads\/2019\/03\/isaf-exclusive-katilimci-ve-ziyaretcilerin-yogun-ilgisiyle-sona-erdi1-300x200.jpg 300w, https:\/\/www.enerjigazetesi.ist\/wp-content\/uploads\/2019\/03\/isaf-exclusive-katilimci-ve-ziyaretcilerin-yogun-ilgisiyle-sona-erdi1-500x333.jpg 500w, https:\/\/www.enerjigazetesi.ist\/wp-content\/uploads\/2019\/03\/isaf-exclusive-katilimci-ve-ziyaretcilerin-yogun-ilgisiyle-sona-erdi1-75x50.jpg 75w, https:\/\/www.enerjigazetesi.ist\/wp-content\/uploads\/2019\/03\/isaf-exclusive-katilimci-ve-ziyaretcilerin-yogun-ilgisiyle-sona-erdi1-450x300.jpg 450w, https:\/\/www.enerjigazetesi.ist\/wp-content\/uploads\/2019\/03\/isaf-exclusive-katilimci-ve-ziyaretcilerin-yogun-ilgisiyle-sona-erdi1.jpg 732w\" sizes=\"(max-width: 300px) 100vw, 300px\" \/>ile ayr\u0131ld\u0131\u011f\u0131 bir bulu\u015fma oldu.<\/p>\n<p>Confex (Konferans-Fuar) \u00f6zelli\u011finde planlanm\u0131\u015f olan ISAF Exclusive, g\u00fcvenlik sekt\u00f6r\u00fcnde \u00f6nemli bir<br \/>\nihtiyac\u0131 kar\u015f\u0131layan, sekt\u00f6r\u00fcn farkl\u0131 kesimlerinin bilgi, deneyim ve g\u00f6zlemlerini payla\u015ft\u0131klar\u0131 bir<br \/>\nplatform olmu\u015ftur.<\/p>\n<p>D\u00fczenlenme amac\u0131 ve hedefi, sekt\u00f6r\u00fc en \u00fcst seviyede biraraya getirmek olan ve d\u00fczenledi\u011fi<br \/>\nilk g\u00fcnden itibaren bu yolda geli\u015fme kaydeden ISAF Exclusive, 3&#8217;\u00fcnc\u00fc kez ger\u00e7ekle\u015fti\u011fi bu etkinlikte<br \/>\nbu amaca ve hedefe ula\u015ft\u0131\u011f\u0131n\u0131 g\u00f6stermi\u015ftir.<\/p>\n<h2>ISAF Exclusive Konferans\u0131<\/h2>\n<p>13-14-15 Mart tarihlerinde 3 g\u00fcn boyunca devam eden ISAF Exclusive Konferans\u0131, t\u00fcm oturumlar\u0131nda alan\u0131nda uzman konu\u015fmac\u0131lar ile profesyonel dinleyiciler aras\u0131nda ola\u011fan\u00fcst\u00fc sinerji ile ger\u00e7ekle\u015fti.<\/p>\n<h2>Konferansta 1.g\u00fcn ger\u00e7eklesen sunum ve oturumlar<\/h2>\n<p>\u2022 Protokol a\u00e7\u0131l\u0131\u015f konu\u015fmalar\u0131<br \/>\n\u2022 Yerli milli teknolojiler ile yeniden planlama<br \/>\n\u2022 Yeni dijital d\u00fcnyada risk y\u00f6netimi<br \/>\n\u2022 Ak\u0131ll\u0131 devlet i\u00e7in siber g\u00fcvenlik<br \/>\n\u2022 AR ve VR\u2019da kurumsal kullan\u0131mlar<br \/>\n\u2022 Dijitalde yolculuk<br \/>\n\u2022 Milli kalk\u0131nma i\u00e7in yerli \u00fcretim ve gelecek planlama; end\u00fcstri, g\u00fcvenlik ve savunma<br \/>\n\u2022 Sekt\u00f6r konu\u015fuyor paneli<\/p>\n<h2>Konferansta 2. g\u00fcn ger\u00e7eklesen sunum ve oturumlar<\/h2>\n<p>\u2022 Yerli milli teknolojiler ile ak\u0131ll\u0131 \u015fehircilikte bir ba\u015far\u0131 \u00f6yk\u00fcs\u00fc<br \/>\n\u2022 Iot ile dijital d\u00f6n\u00fc\u015f\u00fcm<br \/>\n\u2022 Belediyelerin at\u0131ksu ve temiz su tesislerinde kullan\u0131lan yerli online \u00f6l\u00e7\u00fcm cihazlar\u0131<br \/>\n\u2022 Teknoloji devrinde yenilenen \u015fehirler ve yenilenen i\u015f modelleri; IoT ve yapay zeka ile ak\u0131ll\u0131 \u015fehirlerin mimarisi<br \/>\n\u2022 Yerli, milli teknolojiler ile b\u00fcy\u00fcyen \u015fehirler b\u00fcy\u00fcyen ekonomiler<br \/>\n\u2022 Bilgiyle y\u00f6netim; veri ve IoT<br \/>\n\u2022 Bozuk ve yava\u015f analitik s\u00fcre\u00e7leri de\u011fi\u015ftirelim; matematik modelleri nas\u0131l canl\u0131 \u00e7al\u0131\u015ft\u0131rabilir ve zekaya \u00e7evirebiliriz\u2026<br \/>\n\u2022 G\u00fcvenlikte ak\u0131ll\u0131 video analiz \u00e7\u00f6z\u00fcmleri<\/p>\n<h2>Konferansta 3. g\u00fcn ger\u00e7eklesen sunum ve oturumlar<\/h2>\n<p>\u2022 Yerli ve rekabet\u00e7i siber g\u00fcvenlik \u00fcr\u00fcnleri olu\u015fturma s\u00fcrecinde stratejiler<br \/>\n\u2022 Acil durum y\u00f6netimi (kalabal\u0131k simulasyonu) ve kriz y\u00f6netimi<br \/>\n\u2022 Kamuda ve \u00f6zel sekt\u00f6rlerde siber g\u00fcvenlik<br \/>\n\u2022 Yang\u0131n ve i\u015f sa\u011fl\u0131\u011f\u0131nda yeni g\u00fcndemler<\/p>\n<p><strong>Daha Detayl\u0131 Bilgi \u0130\u00e7in:<\/strong>\u00a0<a href=\"https:\/\/www.isafexclusive.com\/\" target=\"_blank\" rel=\"noopener\">https:\/\/www.isafexclusive.com\/<\/a> adresini ziyaret edebilirsiniz.<\/p>","protected":false},"excerpt":{"rendered":"<p>Sorry, this entry is only available in Turkish. For the sake of viewer convenience, the content is shown below in the alternative language. You may click the link to switch the active language. G\u00fcvenlik sekt\u00f6r\u00fcn\u00fcn en se\u00e7kin etkinli\u011fi ISAF Exclusive Konferans\u0131 ve Fuar\u0131 3&#8217;\u00fcnc\u00fc y\u0131l\u0131nda yine sekt\u00f6r\u00fcn t\u00fcm payda\u015flar\u0131n\u0131 biraraya getiren ba\u015far\u0131l\u0131 bir organizasyon olarak [&hellip;]<\/p>\n","protected":false},"author":1,"featured_media":89887,"comment_status":"open","ping_status":"open","sticky":false,"template":"","format":"standard","meta":[],"categories":[53],"tags":[48303,46750,48305,48306,48304],"views":529,"_links":{"self":[{"href":"https:\/\/www.enerjigazetesi.ist\/en\/wp-json\/wp\/v2\/posts\/89884"}],"collection":[{"href":"https:\/\/www.enerjigazetesi.ist\/en\/wp-json\/wp\/v2\/posts"}],"about":[{"href":"https:\/\/www.enerjigazetesi.ist\/en\/wp-json\/wp\/v2\/types\/post"}],"author":[{"embeddable":true,"href":"https:\/\/www.enerjigazetesi.ist\/en\/wp-json\/wp\/v2\/users\/1"}],"replies":[{"embeddable":true,"href":"https:\/\/www.enerjigazetesi.ist\/en\/wp-json\/wp\/v2\/comments?post=89884"}],"version-history":[{"count":0,"href":"https:\/\/www.enerjigazetesi.ist\/en\/wp-json\/wp\/v2\/posts\/89884\/revisions"}],"wp:featuredmedia":[{"embeddable":true,"href":"https:\/\/www.enerjigazetesi.ist\/en\/wp-json\/wp\/v2\/media\/89887"}],"wp:attachment":[{"href":"https:\/\/www.enerjigazetesi.ist\/en\/wp-json\/wp\/v2\/media?parent=89884"}],"wp:term":[{"taxonomy":"category","embeddable":true,"href":"https:\/\/www.enerjigazetesi.ist\/en\/wp-json\/wp\/v2\/categories?post=89884"},{"taxonomy":"post_tag","embeddable":true,"href":"https:\/\/www.enerjigazetesi.ist\/en\/wp-json\/wp\/v2\/tags?post=89884"}],"curies":[{"name":"wp","href":"https:\/\/api.w.org\/{rel}","templated":true}]}}