{"id":89836,"date":"2019-03-24T17:18:03","date_gmt":"2019-03-24T14:18:03","guid":{"rendered":"https:\/\/www.enerjigazetesi.ist\/?p=89836"},"modified":"2019-03-24T17:22:17","modified_gmt":"2019-03-24T14:22:17","slug":"turkiyenin-cati-ve-cephe-de-ges-uygulama-potansiyeli-oldukca-yuksek","status":"publish","type":"post","link":"https:\/\/www.enerjigazetesi.ist\/en\/turkiyenin-cati-ve-cephe-de-ges-uygulama-potansiyeli-oldukca-yuksek\/","title":{"rendered":"(Turkish) T\u00fcrkiye&#8217;nin \u00c7at\u0131 ve Cephede GES Uygulama Potansiyeli Olduk\u00e7a Y\u00fcksek!"},"content":{"rendered":"<p class=\"qtranxs-available-languages-message qtranxs-available-languages-message-en\">Sorry, this entry is only available in <a href=\"https:\/\/www.enerjigazetesi.ist\/tr\/wp-json\/wp\/v2\/posts\/89836\" class=\"qtranxs-available-language-link qtranxs-available-language-link-tr\" title=\"Turkish\">Turkish<\/a>. For the sake of viewer convenience, the content is shown below in the alternative language. You may click the link to switch the active language.<\/p><p><\/p>\n<h1>T\u00fcrkiye&#8217;de \u015fu anda faaliyette olan 5000 MW kurulu g\u00fcce sahip lisanss\u0131z g\u00fcne\u015f enerjisi santralinin yer ald\u0131\u011f\u0131n\u0131 dile getiren Enerji ve Tabii Kaynaklar Bakan\u0131 Fatih D\u00f6nmez, &#8220;\u015eu anda b\u00fcrokrasi, har\u00e7, vergi ve di\u011fer masraflar\u0131n\u0131 azaltarak g\u00fcne\u015f panelinin \u00e7at\u0131 uygulamalar\u0131n\u0131n \u00f6n\u00fcn\u00fc a\u00e7mak istemekteyiz. <img loading=\"lazy\" class=\"alignleft size-medium wp-image-89839\" src=\"https:\/\/www.enerjigazetesi.ist\/wp-content\/uploads\/2019\/03\/turkiyenin-cati-ve-cephe-tipi-ges-uygulama-potansiyeli-oldukca-yuksektir-300x225.jpg\" alt=\"\" width=\"300\" height=\"225\" srcset=\"https:\/\/www.enerjigazetesi.ist\/wp-content\/uploads\/2019\/03\/turkiyenin-cati-ve-cephe-tipi-ges-uygulama-potansiyeli-oldukca-yuksektir-300x225.jpg 300w, https:\/\/www.enerjigazetesi.ist\/wp-content\/uploads\/2019\/03\/turkiyenin-cati-ve-cephe-tipi-ges-uygulama-potansiyeli-oldukca-yuksektir-500x375.jpg 500w, https:\/\/www.enerjigazetesi.ist\/wp-content\/uploads\/2019\/03\/turkiyenin-cati-ve-cephe-tipi-ges-uygulama-potansiyeli-oldukca-yuksektir-67x50.jpg 67w, https:\/\/www.enerjigazetesi.ist\/wp-content\/uploads\/2019\/03\/turkiyenin-cati-ve-cephe-tipi-ges-uygulama-potansiyeli-oldukca-yuksektir.jpg 651w\" sizes=\"(max-width: 300px) 100vw, 300px\" \/>T\u00fcrkiye\u2019de 20 milyon konut mevcuttur ve potansiyel olduk\u00e7a y\u00fcksektir.&#8221; dedi.<\/h1>\n<p>D\u00f6nmez yapt\u0131\u011f\u0131 a\u00e7\u0131klamada; &#8220;Lisanss\u0131z g\u00fcne\u015f enerjisinden elektrik \u00fcretimi a\u00e7\u0131s\u0131ndan ciddi bir potansiyelimiz mevcut, \u00fcretim noktas\u0131yla t\u00fcketim noktas\u0131n\u0131n ayn\u0131 olmas\u0131 ko\u015fuluyla bu i\u015fin \u00f6n\u00fcn\u00fc a\u00e7aca\u011f\u0131z. \u00dcreticiler ihtiyac\u0131 olan enerjiyi \u00fcretirken, ihtiya\u00e7 fazlas\u0131 elektri\u011fi de sisteme satabilecek. Mevcut sistemde saatlik mahsupla\u015fma mevcut, \u00fcretti\u011finiz saat itibar\u0131yla \u00fcretim-t\u00fcketim dengesi dikkate al\u0131n\u0131yordu, \u015fimdi EPDK bir \u00e7al\u0131\u015fma ger\u00e7ekle\u015fti. Yak\u0131nda a\u00e7\u0131klanacak ve ayl\u0131k mahsupla\u015fma olacak.&#8221; ifadelerini kulland\u0131.<\/p>\n<p>Ayr\u0131ca D\u00f6nmez, &#8220;Ayn\u0131 ayda g\u00fcnd\u00fcz \u00fcretti\u011fini gece de t\u00fcketme imkan\u0131 sa\u011flanacak. Bu ise sistem verimlili\u011fini art\u0131racak daha sa\u011fl\u0131kl\u0131 bir sisteme sahip olunarak \u00e7at\u0131 kurulumu, mahsupla\u015fma gibi s\u00fcre\u00e7leri de h\u0131zland\u0131racakt\u0131r. Bu s\u00fcrecin \u00f6n\u00fcn\u00fc a\u00e7t\u0131\u011f\u0131m\u0131zda bir elektrik tedarik\u00e7isi ile anla\u015f\u0131p \u00e7at\u0131n\u0131za bunu kurdurabilirsiniz.&#8221; dedi.<\/p>","protected":false},"excerpt":{"rendered":"<p>Sorry, this entry is only available in Turkish. For the sake of viewer convenience, the content is shown below in the alternative language. You may click the link to switch the active language. T\u00fcrkiye&#8217;de \u015fu anda faaliyette olan 5000 MW kurulu g\u00fcce sahip lisanss\u0131z g\u00fcne\u015f enerjisi santralinin yer ald\u0131\u011f\u0131n\u0131 dile getiren Enerji ve Tabii Kaynaklar [&hellip;]<\/p>\n","protected":false},"author":1,"featured_media":89839,"comment_status":"open","ping_status":"open","sticky":false,"template":"","format":"standard","meta":[],"categories":[51,53,49],"tags":[24218,45405,26659,38802,35224,48277,48276,34979,19638,26353,19,67,1009,1389,27530,23416,12474,23133,34925,23131,33326,21597],"views":1456,"_links":{"self":[{"href":"https:\/\/www.enerjigazetesi.ist\/en\/wp-json\/wp\/v2\/posts\/89836"}],"collection":[{"href":"https:\/\/www.enerjigazetesi.ist\/en\/wp-json\/wp\/v2\/posts"}],"about":[{"href":"https:\/\/www.enerjigazetesi.ist\/en\/wp-json\/wp\/v2\/types\/post"}],"author":[{"embeddable":true,"href":"https:\/\/www.enerjigazetesi.ist\/en\/wp-json\/wp\/v2\/users\/1"}],"replies":[{"embeddable":true,"href":"https:\/\/www.enerjigazetesi.ist\/en\/wp-json\/wp\/v2\/comments?post=89836"}],"version-history":[{"count":0,"href":"https:\/\/www.enerjigazetesi.ist\/en\/wp-json\/wp\/v2\/posts\/89836\/revisions"}],"wp:featuredmedia":[{"embeddable":true,"href":"https:\/\/www.enerjigazetesi.ist\/en\/wp-json\/wp\/v2\/media\/89839"}],"wp:attachment":[{"href":"https:\/\/www.enerjigazetesi.ist\/en\/wp-json\/wp\/v2\/media?parent=89836"}],"wp:term":[{"taxonomy":"category","embeddable":true,"href":"https:\/\/www.enerjigazetesi.ist\/en\/wp-json\/wp\/v2\/categories?post=89836"},{"taxonomy":"post_tag","embeddable":true,"href":"https:\/\/www.enerjigazetesi.ist\/en\/wp-json\/wp\/v2\/tags?post=89836"}],"curies":[{"name":"wp","href":"https:\/\/api.w.org\/{rel}","templated":true}]}}