{"id":89785,"date":"2019-03-23T22:17:33","date_gmt":"2019-03-23T19:17:33","guid":{"rendered":"https:\/\/www.enerjigazetesi.ist\/?p=89785"},"modified":"2019-03-23T22:20:42","modified_gmt":"2019-03-23T19:20:42","slug":"gunder-gunes-mevzuatindaki-sorunlar-ve-cozumleri-icin-gorusleri-aliyor","status":"publish","type":"post","link":"https:\/\/www.enerjigazetesi.ist\/en\/gunder-gunes-mevzuatindaki-sorunlar-ve-cozumleri-icin-gorusleri-aliyor\/","title":{"rendered":"(Turkish) G\u00dcNDER, G\u00fcne\u015f Mevzuat\u0131 Sorunlar\u0131 ve \u00c7\u00f6z\u00fcmlerine Y\u00f6nelik G\u00f6r\u00fc\u015fleri Al\u0131yor"},"content":{"rendered":"<p class=\"qtranxs-available-languages-message qtranxs-available-languages-message-en\">Sorry, this entry is only available in <a href=\"https:\/\/www.enerjigazetesi.ist\/tr\/wp-json\/wp\/v2\/posts\/89785\" class=\"qtranxs-available-language-link qtranxs-available-language-link-tr\" title=\"Turkish\">Turkish<\/a>. For the sake of viewer convenience, the content is shown below in the alternative language. You may click the link to switch the active language.<\/p><p><\/p>\n<h1>Uluslararas\u0131 G\u00fcne\u015f Enerjisi Toplulu\u011fu T\u00fcrkiye B\u00f6l\u00fcm\u00fc G\u00dcNDER taraf\u0131ndan 10 kW ve alt\u0131 tesisler i\u00e7in kabul i\u015flemleri ve \u00f6ncesinde ya\u015fanan sorunlar\u0131 ve \u00e7\u00f6z\u00fcm \u00f6nerilerini belirlemeye y\u00f6nelik sekt\u00f6r g\u00f6r\u00fc\u015fleri toplanmaktad\u0131r.<strong><img loading=\"lazy\" class=\"alignright size-medium wp-image-89787\" src=\"https:\/\/www.enerjigazetesi.ist\/wp-content\/uploads\/2019\/03\/gunder-gunes-mevzuatindaki-sorunlar-ve-cozumleri-icin-gorusleri-aliyor-300x203.jpg\" alt=\"\" width=\"300\" height=\"203\" srcset=\"https:\/\/www.enerjigazetesi.ist\/wp-content\/uploads\/2019\/03\/gunder-gunes-mevzuatindaki-sorunlar-ve-cozumleri-icin-gorusleri-aliyor-300x203.jpg 300w, https:\/\/www.enerjigazetesi.ist\/wp-content\/uploads\/2019\/03\/gunder-gunes-mevzuatindaki-sorunlar-ve-cozumleri-icin-gorusleri-aliyor-500x338.jpg 500w, https:\/\/www.enerjigazetesi.ist\/wp-content\/uploads\/2019\/03\/gunder-gunes-mevzuatindaki-sorunlar-ve-cozumleri-icin-gorusleri-aliyor-74x50.jpg 74w, https:\/\/www.enerjigazetesi.ist\/wp-content\/uploads\/2019\/03\/gunder-gunes-mevzuatindaki-sorunlar-ve-cozumleri-icin-gorusleri-aliyor.jpg 721w\" sizes=\"(max-width: 300px) 100vw, 300px\" \/><\/strong><\/h1>\n<p>G\u00dcNDER\u2019in yapt\u0131\u011f\u0131 a\u00e7\u0131klamada, Ge\u00e7ici Kabullerden sorumlu olan <strong>T.C. Enerji ve Tabii Kaynaklar Bakanl\u0131\u011f\u0131, Enerji \u0130\u015fleri Genel M\u00fcd\u00fcrl\u00fc\u011f\u00fc \u2013 Enerji Yat\u0131r\u0131mlar\u0131 Dairesi Ba\u015fkanl\u0131\u011f\u0131<\/strong> ile mevzuattaki sorunlar ve \u00e7\u00f6z\u00fcm \u00f6nerileri konulu bir toplant\u0131 ger\u00e7ekle\u015ftirilece\u011fi a\u00e7\u0131kland\u0131.<\/p>\n<p>Bu \u00e7er\u00e7evede 10 kW ve alt\u0131 tesislere y\u00f6nelik kabul i\u015flemleri ve \u00f6ncesinde ya\u015fanan sorunlar ve bu sorunlara ili\u015fkin varsa mevzuat de\u011fi\u015fikli\u011fi ile ilgili \u00e7\u00f6z\u00fcm \u00f6nerileri\u00a0<strong>27.03.2019<\/strong> tarihine kadar\u00a0<a href=\"mailto:mevzuat@gunder.org.tr\" target=\"_blank\" rel=\"noopener\"><strong>mevzuat@gunder.org.tr<\/strong><\/a>\u00a0adresine g\u00f6nderilecektir.<\/p>\n<p>Ger\u00e7ekle\u015ftirilecek <strong>toplant\u0131 tarihi, saati ve yeri<\/strong> ise <span style=\"text-decoration: underline;\">daha sonra<\/span> <strong>G\u00dcNDER<\/strong> taraf\u0131ndan duyurulacakt\u0131r.<\/p>","protected":false},"excerpt":{"rendered":"<p>Sorry, this entry is only available in Turkish. For the sake of viewer convenience, the content is shown below in the alternative language. You may click the link to switch the active language. Uluslararas\u0131 G\u00fcne\u015f Enerjisi Toplulu\u011fu T\u00fcrkiye B\u00f6l\u00fcm\u00fc G\u00dcNDER taraf\u0131ndan 10 kW ve alt\u0131 tesisler i\u00e7in kabul i\u015flemleri ve \u00f6ncesinde ya\u015fanan sorunlar\u0131 ve \u00e7\u00f6z\u00fcm [&hellip;]<\/p>\n","protected":false},"author":1,"featured_media":89787,"comment_status":"open","ping_status":"open","sticky":false,"template":"","format":"standard","meta":[],"categories":[51,53,49],"tags":[24218,37412,26659,34979,26353,42030,67,1009,19689,48222,1382,23416,23133,34925,23131,39590,1383],"views":802,"_links":{"self":[{"href":"https:\/\/www.enerjigazetesi.ist\/en\/wp-json\/wp\/v2\/posts\/89785"}],"collection":[{"href":"https:\/\/www.enerjigazetesi.ist\/en\/wp-json\/wp\/v2\/posts"}],"about":[{"href":"https:\/\/www.enerjigazetesi.ist\/en\/wp-json\/wp\/v2\/types\/post"}],"author":[{"embeddable":true,"href":"https:\/\/www.enerjigazetesi.ist\/en\/wp-json\/wp\/v2\/users\/1"}],"replies":[{"embeddable":true,"href":"https:\/\/www.enerjigazetesi.ist\/en\/wp-json\/wp\/v2\/comments?post=89785"}],"version-history":[{"count":0,"href":"https:\/\/www.enerjigazetesi.ist\/en\/wp-json\/wp\/v2\/posts\/89785\/revisions"}],"wp:featuredmedia":[{"embeddable":true,"href":"https:\/\/www.enerjigazetesi.ist\/en\/wp-json\/wp\/v2\/media\/89787"}],"wp:attachment":[{"href":"https:\/\/www.enerjigazetesi.ist\/en\/wp-json\/wp\/v2\/media?parent=89785"}],"wp:term":[{"taxonomy":"category","embeddable":true,"href":"https:\/\/www.enerjigazetesi.ist\/en\/wp-json\/wp\/v2\/categories?post=89785"},{"taxonomy":"post_tag","embeddable":true,"href":"https:\/\/www.enerjigazetesi.ist\/en\/wp-json\/wp\/v2\/tags?post=89785"}],"curies":[{"name":"wp","href":"https:\/\/api.w.org\/{rel}","templated":true}]}}