{"id":89726,"date":"2019-03-22T22:34:44","date_gmt":"2019-03-22T19:34:44","guid":{"rendered":"https:\/\/www.enerjigazetesi.ist\/?p=89726"},"modified":"2019-03-22T22:36:47","modified_gmt":"2019-03-22T19:36:47","slug":"8-uludag-ekonomi-zirvesinde-surdurulebilirlik-ve-amacli-sirketler-tartisildi","status":"publish","type":"post","link":"https:\/\/www.enerjigazetesi.ist\/en\/8-uludag-ekonomi-zirvesinde-surdurulebilirlik-ve-amacli-sirketler-tartisildi\/","title":{"rendered":"(Turkish) 8. Uluda\u011f Ekonomi Zirvesi\u2019nde S\u00fcrd\u00fcr\u00fclebilirlik ve Ama\u00e7l\u0131 \u015eirketler Tart\u0131\u015f\u0131ld\u0131"},"content":{"rendered":"<p class=\"qtranxs-available-languages-message qtranxs-available-languages-message-en\">Sorry, this entry is only available in <a href=\"https:\/\/www.enerjigazetesi.ist\/tr\/wp-json\/wp\/v2\/posts\/89726\" class=\"qtranxs-available-language-link qtranxs-available-language-link-tr\" title=\"Turkish\">Turkish<\/a>. For the sake of viewer convenience, the content is shown below in the alternative language. You may click the link to switch the active language.<\/p><p><\/p>\n<h1>BASF T\u00fcrkiye\u2019nin sponsorlu\u011funda ger\u00e7ekle\u015fen \u201cS\u00fcrd\u00fcr\u00fclebilirlik\/ Ama\u00e7l\u0131 \u015eirketler\u201d oturumunda, ekonomiye y\u00f6n veren \u015firketlerin \u00e7evre ve toplum konular\u0131ndaki tutumlar\u0131 masaya yat\u0131r\u0131ld\u0131.<\/h1>\n<p>Moderat\u00f6rl\u00fc\u011f\u00fcn\u00fc Alternatif Bank CEO\u2019su Kaan G\u00fcr\u2019\u00fcn yapt\u0131\u011f\u0131 panele S\u00fcta\u015f Y\u00f6netim Kurulu Ba\u015fkan\u0131 Muharrem Y\u0131lmaz, Purpose kitab\u0131 yazar\u0131 Nikos Mourkogiannis, BASF T\u00fcrk Genel M\u00fcd\u00fcr\u00fc Rami Atiko\u011flu, KESK Kurucusu ve CEO\u2019su Basima Abdulrahman ve P&amp;G T\u00fcrkiye CEO\u2019su Tankut Turnao\u011flu kat\u0131ld\u0131.<\/p>\n<h2>Misyon, de\u011ferlerimiz ve marka \u00f6z\u00fcm\u00fcz\u00fc birle\u015ftirdik<\/h2>\n<p><img loading=\"lazy\" class=\"alignleft size-medium wp-image-89728\" src=\"https:\/\/www.enerjigazetesi.ist\/wp-content\/uploads\/2019\/03\/8-uludag-ekonomi-zirvesinde-surdurulebilirlik-ve-amacli-sirketler-tartisildi2-300x200.jpg\" alt=\"\" width=\"300\" height=\"200\" srcset=\"https:\/\/www.enerjigazetesi.ist\/wp-content\/uploads\/2019\/03\/8-uludag-ekonomi-zirvesinde-surdurulebilirlik-ve-amacli-sirketler-tartisildi2-300x200.jpg 300w, https:\/\/www.enerjigazetesi.ist\/wp-content\/uploads\/2019\/03\/8-uludag-ekonomi-zirvesinde-surdurulebilirlik-ve-amacli-sirketler-tartisildi2-500x333.jpg 500w, https:\/\/www.enerjigazetesi.ist\/wp-content\/uploads\/2019\/03\/8-uludag-ekonomi-zirvesinde-surdurulebilirlik-ve-amacli-sirketler-tartisildi2-75x50.jpg 75w, https:\/\/www.enerjigazetesi.ist\/wp-content\/uploads\/2019\/03\/8-uludag-ekonomi-zirvesinde-surdurulebilirlik-ve-amacli-sirketler-tartisildi2-450x300.jpg 450w, https:\/\/www.enerjigazetesi.ist\/wp-content\/uploads\/2019\/03\/8-uludag-ekonomi-zirvesinde-surdurulebilirlik-ve-amacli-sirketler-tartisildi2.jpg 732w\" sizes=\"(max-width: 300px) 100vw, 300px\" \/>Panelde ilk konu\u015fmay\u0131 yapan S\u00fcta\u015f Y\u00f6netim Kurulu Ba\u015fkan\u0131 Muharrem Y\u0131lmaz, S\u00fcta\u015f\u2019\u0131n kuruldu\u011fu g\u00fcnden bu yana misyon, de\u011ferler ve marka \u00f6z\u00fcn\u00fc birle\u015ftirmi\u015f bir \u015firket oldu\u011funu belirterek, bunun i\u00e7inde \u00e7evresel s\u00fcrd\u00fcr\u00fclebilirli\u011fin hissedilebildi\u011fini s\u00f6yledi. \u201cToprak, g\u00fcne\u015f, su ve hava gibi do\u011fal kaynaklar kullan\u0131larak yeni bir de\u011fer yaratan, canl\u0131 makineler olan ineklerdir bizim velinimetimiz\u201d diyen Y\u0131lmaz, sosyal s\u00fcrd\u00fcr\u00fclebilirlik a\u00e7\u0131s\u0131ndan bak\u0131ld\u0131\u011f\u0131nda da toplumun en defavorize kesimleriyle birlikte i\u015f yaparak kalite, hijyen ve verimlilik gibi \u00e7a\u011fda\u015f kavramlar\u0131 bu kesimlerle tan\u0131\u015ft\u0131rd\u0131\u011f\u0131n\u0131 belirtti. Tar\u0131m\u0131 k\u00f6yl\u00fckten kurtar\u0131p, sanayiye girdi olu\u015fturan bir kesim haline getirmek gibi bir g\u00f6revi yerine getirdiklerini s\u00f6yleyen Y\u0131lmaz, 44&#8217;\u00fcnc\u00fc y\u0131l\u0131nda S\u00fcta\u015f\u2019\u0131n kurumsall\u0131k alan\u0131nda \u00e7ok yol kat etti\u011fini ifade etti.<\/p>\n<h2>Merkezdeki de\u011ferlerin ihlal edilmemesi gerekir<\/h2>\n<p>\u201cPurpose\u201d kitab\u0131n\u0131n yazar\u0131 Nikos Mourkogiannis ise, her \u00fclkenin, \u015fehrin ve \u015firketin en \u00f6nemli de\u011ferlerinden birinin \u201cAma\u00e7\u201d oldu\u011funu s\u00f6yledi. Mourkogiannis \u201cHer g\u00fcn bir \u015feyi iyi yapmak ve iyi \u015fekilde yapmak i\u00e7in merkezde bir de\u011fer olmas\u0131 gerekir ve bu de\u011ferin hi\u00e7bir zaman ihlal edilmemesi gerekir. \u2018\u0130yi\u2019, m\u00fckemmellik olabilir, insanlara yard\u0131m etmek olabilir ya da iyi dedi\u011fimiz \u015fey verimlilik olabilir\u201d \u015feklinde konu\u015ftu. Mourkogiannis, \u201cDe\u011fer odakl\u0131 y\u00f6netim, ekoloji gibi konular temel olarak bir noktada birle\u015fiyor. Kendi yarar\u0131m\u0131za nas\u0131l \u00e7al\u0131\u015fabiliriz? Uzun d\u00f6nemli yat\u0131r\u0131mlarla kazan\u00e7 olu\u015fturulabilece\u011fini kan\u0131tlamak \u00e7ok zor. S\u00fcrd\u00fcr\u00fclebilirlik konusunda herkes hem fikir ancak bunun nas\u0131l finanse edilece\u011fi belirsiz\u201d diye konu\u015ftu.<\/p>\n<h2>2050\u2019de d\u00fcnya n\u00fcfusu iki milyar dolar artacak<\/h2>\n<p>BASF T\u00fcrk Genel M\u00fcd\u00fcr\u00fc Rami Atiko\u011flu ise, 150 y\u0131ld\u0131r hayat\u0131 kolayla\u015ft\u0131ran \u00e7\u00f6z\u00fcmler bulmaya \u00e7al\u0131\u015ft\u0131klar\u0131n\u0131 s\u00f6yledi. Atiko\u011flu \u201c\u00dc\u00e7 temel ilkeye dikkat ediyoruz. Birincisi ekonomik ba\u015far\u0131, ikincisi \u00e7evre duyarl\u0131\u011f\u0131, \u00fc\u00e7\u00fcnc\u00fcs\u00fc ise bulundu\u011fumuz topluma de\u011fer katmak\u201d dedi ve 2050 y\u0131l\u0131nda d\u00fcnya n\u00fcfusunun iki milyar daha artm\u0131\u015f olaca\u011f\u0131n\u0131 ve bu oranda enerji ve g\u0131da ihtiyac\u0131n\u0131n olu\u015faca\u011f\u0131n\u0131 aktard\u0131. Geli\u015ftirilen yeni giyilebilir teknolojilerle v\u00fccutta klimatik etkiler yapan \u00e7\u00f6z\u00fcmler sayesinde, ileride \u00e7\u00f6llerde bile ya\u015faman\u0131n m\u00fcmk\u00fcn olaca\u011f\u0131n\u0131 ifade eden Atiko\u011flu, a\u00e7\u0131k ofis, okullar vb\u2019de olu\u015fan g\u00fcr\u00fclt\u00fc kirlili\u011fini engelleyen teknolojiler geli\u015ftirdiklerini, \u00e7evre kirlili\u011fi olu\u015fturan plastik at\u0131klara kar\u015f\u0131 do\u011fada \u00e7\u00f6z\u00fcnebilir plastik \u00fcrettiklerini belirtti. Nitelikli e\u011fitim ihtiyac\u0131n\u0131n \u00f6zellikle T\u00fcrkiye\u2019de \u00f6nemli oldu\u011funu s\u00f6yleyen Atiko\u011flu, \u201c81 ilde 81 kimya laboratuar\u0131\u201d projesi yaratt\u0131klar\u0131n\u0131 belirtti.<\/p>\n<h2>Ye\u015fil binalar bir \u00e7ok alanda tasarruf sa\u011fl\u0131yor<\/h2>\n<p>KESK Kurucusu ve CEO\u2019su Basima Abdulrahman ise, Irak\u2019ta \u00e7evre dostu bina \u00e7al\u0131\u015fmalar\u0131yla ilgili bilgi vererek ye\u015fil binalar\u0131n in\u015faat\u0131 s\u0131ras\u0131nda kullan\u0131lan enerji, su ve do\u011fal kaynaklardaki tasarrufun kendileri i\u00e7in \u00f6nemini anlatt\u0131. Bu tasarrufun ekonomik gelir de olu\u015fturdu\u011funu s\u00f6yleyen Abdulrahman, \u00e7evre kalitesinin art\u0131r\u0131lmas\u0131yla bu binalarda \u00e7al\u0131\u015fan insanlar\u0131n sa\u011fl\u0131\u011f\u0131n\u0131n da geli\u015fti\u011fini ve bu sayede de verimli \u00e7al\u0131\u015fmayla ekonomik gelir kazan\u0131ld\u0131\u011f\u0131n\u0131 belirtti. Uzun vadeli \u00e7\u00f6z\u00fcmlere ula\u015fmak i\u00e7in do\u011fru politikalar\u0131n \u00fcretilmesi amac\u0131yla h\u00fck\u00fcmetle de yak\u0131ndan \u00e7al\u0131\u015ft\u0131klar\u0131n\u0131 belirten Abdulrahman, Irak\u2019taki g\u00fcvenlik ve \u015feffafl\u0131k konusunun da ye\u015fil binalar\u0131n in\u015fa edilmesinde \u00f6nemli oldu\u011funu aktard\u0131.<\/p>\n<h2>10 y\u0131lda y\u00fczde 20\u2019den fazla enerji su ve sera gaz\u0131 tasarrufu yapt\u0131k<\/h2>\n<p>P&amp;G T\u00fcrkiye CEO\u2019su Tankut Turnao\u011flu ise \u00fcniversite ziyaretlerinde gen\u00e7lerin s\u00fcrd\u00fcr\u00fclebilirlik konusunda \u00e7ok ciddi uyar\u0131lar\u0131yla kar\u015f\u0131la\u015ft\u0131\u011f\u0131n\u0131 belirterek, 2010 y\u0131l\u0131ndan ba\u015flayarak kendilerine enerji, su ve sera gazlar\u0131n\u0131 y\u00fczde 20 oran\u0131nda azaltmak gibi on y\u0131ll\u0131k \u00f6nemli hedefler koyduklar\u0131n\u0131 ve bu hedefleri \u015fimdiden tutturduklar\u0131n\u0131 s\u00f6yledi. Okyanuslardaki plastiklere kar\u015f\u0131 kurulan bir ortakl\u0131k kuruldu\u011funu ve P&amp;G\u2019nin bu konuda \u00f6nemli \u00e7al\u0131\u015fmalar y\u00fcr\u00fctt\u00fc\u011f\u00fcn\u00fc belirtti. Turnao\u011flu, \u00e7al\u0131\u015fanlarla da birlikte hareket ettiklerini ve yakla\u015f\u0131k be\u015f y\u0131ld\u0131r su i\u00e7mek i\u00e7in t\u00fcm \u00e7al\u0131\u015fanlar\u0131n cam \u015fi\u015feler kulland\u0131\u011f\u0131n\u0131 ifade etti. Turnao\u011flu iki hafta \u00f6nce babal\u0131k iznini sekiz haftaya \u00e7\u0131kard\u0131klar\u0131n\u0131 da s\u00f6zlerine ekledi.<\/p>\n<p>Garenta\u2019n\u0131n ana sponsor; Dow, T\u00fcrkiye \u0130\u015f Bankas\u0131 ve Vodafone\u2019un alt\u0131n sponsor oldu\u011fu etkinlikte oturumlar, BASF T\u00fcrkiye, Citibank, Ernst&amp;Young, Facebook, Google, Halavet G\u0131da, Hepsiburada, HSBC, Netlog, Qatar Financial Centre, SOCAR T\u00fcrkiye, THY, TBWA, TEB, UiPath, Ziraat Teknoloji taraf\u0131ndan destekleniyor. Zirve\u2019nin di\u011fer sponsorlar\u0131 ise Akta\u015f, Global Ports Holding, P&amp;G, Sanko, Uluda\u011f \u0130\u00e7ecek, DenizBank, Pegasus, Sistem9, TAV ve Do\u011fan Enerji olarak s\u0131ralan\u0131yor.<\/p>\n<p>Uluda\u011f Ekonomi Zirvesi ile ilgili en g\u00fcncel bilgileri <a href=\"http:\/\/www.uludagekonomizirvesi.org\" target=\"_blank\" rel=\"noopener\">http:\/\/www.uludagekonomizirvesi.org<\/a>\u00a0adresinden takip edebilirsiniz.<\/p>","protected":false},"excerpt":{"rendered":"<p>Sorry, this entry is only available in Turkish. For the sake of viewer convenience, the content is shown below in the alternative language. You may click the link to switch the active language. BASF T\u00fcrkiye\u2019nin sponsorlu\u011funda ger\u00e7ekle\u015fen \u201cS\u00fcrd\u00fcr\u00fclebilirlik\/ Ama\u00e7l\u0131 \u015eirketler\u201d oturumunda, ekonomiye y\u00f6n veren \u015firketlerin \u00e7evre ve toplum konular\u0131ndaki tutumlar\u0131 masaya yat\u0131r\u0131ld\u0131. Moderat\u00f6rl\u00fc\u011f\u00fcn\u00fc Alternatif Bank [&hellip;]<\/p>\n","protected":false},"author":1,"featured_media":89729,"comment_status":"open","ping_status":"open","sticky":false,"template":"","format":"standard","meta":[],"categories":[53,52],"tags":[48197,18354,48195,48200,67,1009,26559,48199,48192,48198,4830,48196,8082,48194,19341,1296,30279,48193,34977,8813,793,3803,55],"views":824,"_links":{"self":[{"href":"https:\/\/www.enerjigazetesi.ist\/en\/wp-json\/wp\/v2\/posts\/89726"}],"collection":[{"href":"https:\/\/www.enerjigazetesi.ist\/en\/wp-json\/wp\/v2\/posts"}],"about":[{"href":"https:\/\/www.enerjigazetesi.ist\/en\/wp-json\/wp\/v2\/types\/post"}],"author":[{"embeddable":true,"href":"https:\/\/www.enerjigazetesi.ist\/en\/wp-json\/wp\/v2\/users\/1"}],"replies":[{"embeddable":true,"href":"https:\/\/www.enerjigazetesi.ist\/en\/wp-json\/wp\/v2\/comments?post=89726"}],"version-history":[{"count":0,"href":"https:\/\/www.enerjigazetesi.ist\/en\/wp-json\/wp\/v2\/posts\/89726\/revisions"}],"wp:featuredmedia":[{"embeddable":true,"href":"https:\/\/www.enerjigazetesi.ist\/en\/wp-json\/wp\/v2\/media\/89729"}],"wp:attachment":[{"href":"https:\/\/www.enerjigazetesi.ist\/en\/wp-json\/wp\/v2\/media?parent=89726"}],"wp:term":[{"taxonomy":"category","embeddable":true,"href":"https:\/\/www.enerjigazetesi.ist\/en\/wp-json\/wp\/v2\/categories?post=89726"},{"taxonomy":"post_tag","embeddable":true,"href":"https:\/\/www.enerjigazetesi.ist\/en\/wp-json\/wp\/v2\/tags?post=89726"}],"curies":[{"name":"wp","href":"https:\/\/api.w.org\/{rel}","templated":true}]}}