{"id":89685,"date":"2019-03-22T12:31:36","date_gmt":"2019-03-22T09:31:36","guid":{"rendered":"https:\/\/www.enerjigazetesi.ist\/?p=89685"},"modified":"2019-03-22T12:55:54","modified_gmt":"2019-03-22T09:55:54","slug":"acik-hava-ve-sahalar-icin-en-mukemmel-sicakligi-ayarlayan-mont-artik-piyasada","status":"publish","type":"post","link":"https:\/\/www.enerjigazetesi.ist\/en\/acik-hava-ve-sahalar-icin-en-mukemmel-sicakligi-ayarlayan-mont-artik-piyasada\/","title":{"rendered":"(Turkish) A\u00e7\u0131k Hava ve Sahalar \u0130\u00e7in &#8220;En M\u00fckemmel&#8221; S\u0131cakl\u0131\u011f\u0131 Ayarlayan Mont!"},"content":{"rendered":"<p class=\"qtranxs-available-languages-message qtranxs-available-languages-message-en\">Sorry, this entry is only available in <a href=\"https:\/\/www.enerjigazetesi.ist\/tr\/wp-json\/wp\/v2\/posts\/89685\" class=\"qtranxs-available-language-link qtranxs-available-language-link-tr\" title=\"Turkish\">Turkish<\/a>. For the sake of viewer convenience, the content is shown below in the alternative language. You may click the link to switch the active language.<\/p><p><\/p>\n<h1>Teknoloji art\u0131k k\u0131yafetlerimize de girdi. T\u00fcketicilerin g\u00fcn\u00fcm\u00fczde hem kullan\u0131m kolayl\u0131\u011f\u0131 hem de k\u0131yafetlerinde fonksiyonellik arad\u0131\u011f\u0131 bu g\u00fcnlerde Giovane Gentile hava s\u0131cakl\u0131\u011f\u0131n\u0131 \u00f6l\u00e7en mont geli\u015ftirdi. Teknolojiyi arkas\u0131na alarak tasarlad\u0131\u011f\u0131 termometreli mont ve kaban modelleriyle Giovane Gentile, bulunulan ortamdaki hava derecesine g\u00f6re mont i\u00e7indeki s\u0131cakl\u0131\u011f\u0131 \u00f6l\u00e7erek kullan\u0131c\u0131s\u0131na her ortamda ayn\u0131 s\u0131cakl\u0131\u011f\u0131 vaat ediyor.<\/h1>\n<p>H\u0131zla de\u011fi\u015fen teknoloji gibi hava s\u0131cakl\u0131klar\u0131 da g\u00fcn i\u00e7inde h\u0131zla de\u011fi\u015fiyor ve sabah d\u0131\u015far\u0131ya \u00e7\u0131karken giyilen k\u0131yafet ak\u015fam saatlerinde v\u00fccudumuzu s\u0131cak tutmak i\u00e7in yetersiz kalabiliyor. Bu sorunun \u00f6n\u00fcne ge\u00e7mek i\u00e7in teknolojiyi arkas\u0131na alan <strong>Giovane Gentile, <\/strong>tasarlad\u0131\u011f\u0131 termometreli mont ve kaban <img loading=\"lazy\" class=\"alignright size-medium wp-image-89687\" src=\"https:\/\/www.enerjigazetesi.ist\/wp-content\/uploads\/2019\/03\/en-mukemmel-sicakligi-ayarlayan-mont-artik-piyasada-298x300.jpg\" alt=\"\" width=\"298\" height=\"300\" srcset=\"https:\/\/www.enerjigazetesi.ist\/wp-content\/uploads\/2019\/03\/en-mukemmel-sicakligi-ayarlayan-mont-artik-piyasada-298x300.jpg 298w, https:\/\/www.enerjigazetesi.ist\/wp-content\/uploads\/2019\/03\/en-mukemmel-sicakligi-ayarlayan-mont-artik-piyasada-150x150.jpg 150w, https:\/\/www.enerjigazetesi.ist\/wp-content\/uploads\/2019\/03\/en-mukemmel-sicakligi-ayarlayan-mont-artik-piyasada-397x400.jpg 397w, https:\/\/www.enerjigazetesi.ist\/wp-content\/uploads\/2019\/03\/en-mukemmel-sicakligi-ayarlayan-mont-artik-piyasada-50x50.jpg 50w, https:\/\/www.enerjigazetesi.ist\/wp-content\/uploads\/2019\/03\/en-mukemmel-sicakligi-ayarlayan-mont-artik-piyasada-100x100.jpg 100w, https:\/\/www.enerjigazetesi.ist\/wp-content\/uploads\/2019\/03\/en-mukemmel-sicakligi-ayarlayan-mont-artik-piyasada.jpg 484w\" sizes=\"(max-width: 298px) 100vw, 298px\" \/>modelleriyle k\u0131\u015f aylar\u0131n\u0131n kurtar\u0131c\u0131 olmaya devam ediyor.<\/p>\n<p><strong>\u201cAr-Ge \u00e7al\u0131\u015fmalar\u0131m\u0131z devam ediyor\u201d<\/strong><\/p>\n<p><strong>Giovane Gentile<\/strong> tasar\u0131mc\u0131lar\u0131 taraf\u0131ndan mont ve kabanlar\u0131n i\u00e7 taraf\u0131na yerle\u015ftiren termometreler, kullan\u0131c\u0131s\u0131n\u0131n d\u0131\u015farda bulundu\u011fu ortama g\u00f6re mont i\u00e7indeki v\u00fccut \u0131s\u0131s\u0131n\u0131 \u00f6l\u00e7erek g\u00fcn\u00fcn her saatini daha rahat ge\u00e7irmesinin yolunu a\u00e7\u0131yor. Yeni d\u00fcnya d\u00fczenine teknolojik montlar\u0131yla kar\u015f\u0131l\u0131k veren <strong>Giovane Gentile, <\/strong>gelecek y\u0131llarda teknolojiyi belirli \u00fcr\u00fcnlerine entegre etmek i\u00e7in \u00e7al\u0131\u015f\u0131yor. Gelecek 10 y\u0131l i\u00e7inde teknolojik \u00fcr\u00fcnlerin ya\u015fam\u0131m\u0131z\u0131n her alan\u0131na dokunaca\u011f\u0131n\u0131n alt\u0131n\u0131 \u00e7izen <strong>Giovane Gentile Genel M\u00fcd\u00fcr\u00fc Zaur Samedov,<\/strong> Nano par\u00e7ac\u0131klar\u0131yla \u00fcretilen k\u0131yafetler sayesinde bamba\u015fka bir d\u00fcnyaya g\u00f6zlerimizi a\u00e7aca\u011f\u0131m\u0131z\u0131 s\u00f6yledi. <strong>Samedov, \u201c<\/strong><em>Her sekt\u00f6rde rastlad\u0131\u011f\u0131m\u0131z robotla\u015fma art\u0131k tekstil sekt\u00f6r\u00fcnde de g\u00f6r\u00fclmeye ba\u015fland\u0131. Ak\u0131ll\u0131 \u00fcretim olduk\u00e7a \u00f6nemli. Teknolojiyi giysiye adapte etmeye \u00e7al\u0131\u015f\u0131yoruz. \u015eu anda test a\u015famalar\u0131nda olan planlad\u0131\u011f\u0131m\u0131z ve \u00e7al\u0131\u015ft\u0131\u011f\u0131m\u0131z baz\u0131 yeni sistemler var. \u00d6rne\u011fin sanal ortamda \u00fcr\u00fcn se\u00e7imi yap\u0131lmas\u0131, ma\u011fazalara giri\u015fte kar\u015f\u0131lama teknolojisi, kemerden \u00e7\u0131kacak \u015farj kablosu gibi. Yak\u0131n zamanda bu \u00e7al\u0131\u015fmalar\u0131m\u0131z\u0131n meyvelerini almay\u0131 ama\u00e7l\u0131yoruz. En k\u0131sa zamanda takip\u00e7ilerimizi teknolojik \u00fcr\u00fcnlerle bulu\u015fturmay\u0131 hedefliyoruz\u201d dedi.<\/em><\/p>","protected":false},"excerpt":{"rendered":"<p>Sorry, this entry is only available in Turkish. For the sake of viewer convenience, the content is shown below in the alternative language. You may click the link to switch the active language. Teknoloji art\u0131k k\u0131yafetlerimize de girdi. T\u00fcketicilerin g\u00fcn\u00fcm\u00fczde hem kullan\u0131m kolayl\u0131\u011f\u0131 hem de k\u0131yafetlerinde fonksiyonellik arad\u0131\u011f\u0131 bu g\u00fcnlerde Giovane Gentile hava s\u0131cakl\u0131\u011f\u0131n\u0131 \u00f6l\u00e7en [&hellip;]<\/p>\n","protected":false},"author":1,"featured_media":89688,"comment_status":"open","ping_status":"open","sticky":false,"template":"","format":"standard","meta":[],"categories":[53,157],"tags":[67,1009,48155,48154,48159,48157,48162,48161,48156,48160,48158],"views":1823,"_links":{"self":[{"href":"https:\/\/www.enerjigazetesi.ist\/en\/wp-json\/wp\/v2\/posts\/89685"}],"collection":[{"href":"https:\/\/www.enerjigazetesi.ist\/en\/wp-json\/wp\/v2\/posts"}],"about":[{"href":"https:\/\/www.enerjigazetesi.ist\/en\/wp-json\/wp\/v2\/types\/post"}],"author":[{"embeddable":true,"href":"https:\/\/www.enerjigazetesi.ist\/en\/wp-json\/wp\/v2\/users\/1"}],"replies":[{"embeddable":true,"href":"https:\/\/www.enerjigazetesi.ist\/en\/wp-json\/wp\/v2\/comments?post=89685"}],"version-history":[{"count":0,"href":"https:\/\/www.enerjigazetesi.ist\/en\/wp-json\/wp\/v2\/posts\/89685\/revisions"}],"wp:featuredmedia":[{"embeddable":true,"href":"https:\/\/www.enerjigazetesi.ist\/en\/wp-json\/wp\/v2\/media\/89688"}],"wp:attachment":[{"href":"https:\/\/www.enerjigazetesi.ist\/en\/wp-json\/wp\/v2\/media?parent=89685"}],"wp:term":[{"taxonomy":"category","embeddable":true,"href":"https:\/\/www.enerjigazetesi.ist\/en\/wp-json\/wp\/v2\/categories?post=89685"},{"taxonomy":"post_tag","embeddable":true,"href":"https:\/\/www.enerjigazetesi.ist\/en\/wp-json\/wp\/v2\/tags?post=89685"}],"curies":[{"name":"wp","href":"https:\/\/api.w.org\/{rel}","templated":true}]}}