{"id":89667,"date":"2019-03-21T18:21:18","date_gmt":"2019-03-21T15:21:18","guid":{"rendered":"https:\/\/www.enerjigazetesi.ist\/?p=89667"},"modified":"2019-03-21T18:22:53","modified_gmt":"2019-03-21T15:22:53","slug":"erzincanin-cop-gazindan-elektrik-uretimi-yapacak-tesisi-hizmete-girdi","status":"publish","type":"post","link":"https:\/\/www.enerjigazetesi.ist\/en\/erzincanin-cop-gazindan-elektrik-uretimi-yapacak-tesisi-hizmete-girdi\/","title":{"rendered":"(Turkish) Erzincan\u2019\u0131n \u00c7\u00f6p Gaz\u0131ndan Elektrik \u00dcretimi Yapacak Tesisi Hizmete Girdi"},"content":{"rendered":"<p class=\"qtranxs-available-languages-message qtranxs-available-languages-message-en\">Sorry, this entry is only available in <a href=\"https:\/\/www.enerjigazetesi.ist\/tr\/wp-json\/wp\/v2\/posts\/89667\" class=\"qtranxs-available-language-link qtranxs-available-language-link-tr\" title=\"Turkish\">Turkish<\/a>. For the sake of viewer convenience, the content is shown below in the alternative language. You may click the link to switch the active language.<\/p><p><\/p>\n<h1>Erzincan\u2019da \u00e7\u00f6p gaz\u0131ndan, elektrik enerjisi \u00fcretecek olan kat\u0131 at\u0131k tesisi Erzincan Belediyesi taraf\u0131ndan Erzincan Merkez il\u00e7esi \u00c7a\u011flayan yolu \u00fczeri Beyba\u011f\u0131 mahallesinde 367 ada 18 parsel \u00fczerinde bulunan 6500 m2&#8217;lik alan \u00fczerine kurulan enerji \u00fcretim tesisi yap\u0131lan t\u00f6renle hizmete al\u0131nd\u0131.<\/h1>\n<p><img loading=\"lazy\" class=\"alignleft size-medium wp-image-89670\" src=\"https:\/\/www.enerjigazetesi.ist\/wp-content\/uploads\/2019\/03\/erzincanin-cop-gazindan-elektrik-uretimi-yapacak-tesisi-hizmete-girdi-300x180.jpg\" alt=\"\" width=\"300\" height=\"180\" srcset=\"https:\/\/www.enerjigazetesi.ist\/wp-content\/uploads\/2019\/03\/erzincanin-cop-gazindan-elektrik-uretimi-yapacak-tesisi-hizmete-girdi-300x180.jpg 300w, https:\/\/www.enerjigazetesi.ist\/wp-content\/uploads\/2019\/03\/erzincanin-cop-gazindan-elektrik-uretimi-yapacak-tesisi-hizmete-girdi-500x301.jpg 500w, https:\/\/www.enerjigazetesi.ist\/wp-content\/uploads\/2019\/03\/erzincanin-cop-gazindan-elektrik-uretimi-yapacak-tesisi-hizmete-girdi-80x48.jpg 80w, https:\/\/www.enerjigazetesi.ist\/wp-content\/uploads\/2019\/03\/erzincanin-cop-gazindan-elektrik-uretimi-yapacak-tesisi-hizmete-girdi.jpg 640w\" sizes=\"(max-width: 300px) 100vw, 300px\" \/>Erzincan Belediye Ba\u015fkan\u0131 Cemalettin Ba\u015fsoy yapt\u0131\u011f\u0131 a\u00e7\u0131klamada; &#8220;Yap\u0130\u015fletDevret&#8221; modeli ile Erzincan Belediyemizin kasas\u0131ndan bir kuru\u015f harcanmadan \u00e7ok k\u0131sa bir s\u00fcrede saatte 1,5 mw elektrik, g\u00fcnl\u00fck 36 mw elektrik \u00fcretimi ile \u015fehrimize katk\u0131 sa\u011flayaca\u011f\u0131z. Ayr\u0131ca 100 bin m2 alan\u0131n tamaman \u0131slah\u0131, a\u011fa\u00e7land\u0131r\u0131lmas\u0131, otomatik sulama sistemi, \u00e7evre d\u00fczenlemesiyle bu b\u00f6lge bir ay sonra yem ye\u015fil bir alan olacakt\u0131r&#8221; dedi.<\/p>\n<p>Erzincan Valisi Ali Arslanta\u015f ise; &#8220;Erzincan \u0130l \u00d6zel \u0130daresi ve Erzincan Belediyesi ba\u015fta olmak \u00fczere\u00a0eme\u011fi ge\u00e7en t\u00fcm ba\u015fkanlar\u0131m\u0131za te\u015fekk\u00fcrlerimi iletiyorum.\u00a04,5 Milyon lira maliyet ile \u00e7\u00f6p depolama alanlar\u0131n\u0131 ve \u00e7\u00f6p toplama makinelerini tedarik ederek haz\u0131r hale getirdik.\u00a0Erzincan\u2019da yakla\u015f\u0131k 6000 konutun enerji ihtiyac\u0131n\u0131 kar\u015f\u0131layacak kat\u0131 at\u0131k tesisi\u00a0bir y\u0131ldan daha k\u0131sa bir s\u00fcre olan 6 ayda tamamland\u0131.&#8221; ifadelerini kulland\u0131.<\/p>","protected":false},"excerpt":{"rendered":"<p>Sorry, this entry is only available in Turkish. For the sake of viewer convenience, the content is shown below in the alternative language. You may click the link to switch the active language. Erzincan\u2019da \u00e7\u00f6p gaz\u0131ndan, elektrik enerjisi \u00fcretecek olan kat\u0131 at\u0131k tesisi Erzincan Belediyesi taraf\u0131ndan Erzincan Merkez il\u00e7esi \u00c7a\u011flayan yolu \u00fczeri Beyba\u011f\u0131 mahallesinde 367 [&hellip;]<\/p>\n","protected":false},"author":1,"featured_media":89670,"comment_status":"open","ping_status":"open","sticky":false,"template":"","format":"standard","meta":[],"categories":[51,53],"tags":[1676,35866,5220,34979,19638,26353,19,67,1009,8131,48129,48131,48130,33066,48128],"views":1686,"_links":{"self":[{"href":"https:\/\/www.enerjigazetesi.ist\/en\/wp-json\/wp\/v2\/posts\/89667"}],"collection":[{"href":"https:\/\/www.enerjigazetesi.ist\/en\/wp-json\/wp\/v2\/posts"}],"about":[{"href":"https:\/\/www.enerjigazetesi.ist\/en\/wp-json\/wp\/v2\/types\/post"}],"author":[{"embeddable":true,"href":"https:\/\/www.enerjigazetesi.ist\/en\/wp-json\/wp\/v2\/users\/1"}],"replies":[{"embeddable":true,"href":"https:\/\/www.enerjigazetesi.ist\/en\/wp-json\/wp\/v2\/comments?post=89667"}],"version-history":[{"count":0,"href":"https:\/\/www.enerjigazetesi.ist\/en\/wp-json\/wp\/v2\/posts\/89667\/revisions"}],"wp:featuredmedia":[{"embeddable":true,"href":"https:\/\/www.enerjigazetesi.ist\/en\/wp-json\/wp\/v2\/media\/89670"}],"wp:attachment":[{"href":"https:\/\/www.enerjigazetesi.ist\/en\/wp-json\/wp\/v2\/media?parent=89667"}],"wp:term":[{"taxonomy":"category","embeddable":true,"href":"https:\/\/www.enerjigazetesi.ist\/en\/wp-json\/wp\/v2\/categories?post=89667"},{"taxonomy":"post_tag","embeddable":true,"href":"https:\/\/www.enerjigazetesi.ist\/en\/wp-json\/wp\/v2\/tags?post=89667"}],"curies":[{"name":"wp","href":"https:\/\/api.w.org\/{rel}","templated":true}]}}