{"id":8965,"date":"2013-03-29T10:20:16","date_gmt":"2013-03-29T07:20:16","guid":{"rendered":"https:\/\/www.enerjigazetesi.ist\/?p=8965"},"modified":"2013-03-29T10:20:43","modified_gmt":"2013-03-29T07:20:43","slug":"trabzon-ve-rize-cop-enerji-tesisi-15-yil-icinde-kurulacak","status":"publish","type":"post","link":"https:\/\/www.enerjigazetesi.ist\/en\/trabzon-ve-rize-cop-enerji-tesisi-15-yil-icinde-kurulacak\/","title":{"rendered":"(Turkish) Trabzon Ve Rize&#8217;ye \u00c7\u00f6p Enerji Tesisi 1,5 Y\u0131l \u0130\u00e7inde Kurulacak"},"content":{"rendered":"<p class=\"qtranxs-available-languages-message qtranxs-available-languages-message-en\">Sorry, this entry is only available in <a href=\"https:\/\/www.enerjigazetesi.ist\/tr\/wp-json\/wp\/v2\/posts\/8965\" class=\"qtranxs-available-language-link qtranxs-available-language-link-tr\" title=\"Turkish\">Turkish<\/a>. For the sake of viewer convenience, the content is shown below in the alternative language. You may click the link to switch the active language.<\/p><p><strong>Trabzon-Rize \u0130lleri Yerel Y\u00f6netimleri Kat\u0131 At\u0131k Tesisleri Yapma ve \u0130\u015fletme Birli\u011fi (TRABR\u0130KAB) meclis toplant\u0131s\u0131 Trabzon Valisi Dr. Recep K\u0131z\u0131l\u00e7\u0131k ba\u015fkanl\u0131\u011f\u0131nda yap\u0131ld\u0131.<\/strong><\/p>\n<p>2012 y\u0131l\u0131n\u0131n faaliyet raporu ve kesin hesab\u0131n\u0131n g\u00f6r\u00fc\u015f\u00fcld\u00fc\u011f\u00fc toplant\u0131da konu\u015fan Vali K\u0131z\u0131lc\u0131k, &#8220;Bir an \u00f6nce bu enerji \u00fcretim tesisini de kurmam\u0131z gerekiyor. Zaman daral\u0131yor. Karar\u0131m\u0131z\u0131 alarak b\u00f6ylece Trabzon&#8217;umuzun ve Rize&#8217;nin kat\u0131 at\u0131k sorununu k\u00f6kten \u00e7\u00f6zece\u011fiz&#8221; dedi.<\/p>\n<p>K\u0131z\u0131lc\u0131k, &#8220;Art\u0131k d\u00fcnyada kat\u0131 at\u0131\u011f\u0131n de\u011ferlendirilmesi alan\u0131ndaki teknolojik geli\u015fmelere bakt\u0131\u011f\u0131m\u0131zda kat\u0131 at\u0131klar\u0131n bir enerji hammaddesi olarak de\u011ferlendirildi\u011fini g\u00f6r\u00fcyoruz. Bizde Trabzon olarak d\u00fcnyan\u0131n \u00e7e\u015fitli yerlerinde bu kayna\u011f\u0131n enerji \u00fcretmede en etkin ve verimli kullanan firmalar\u0131, \u015fehirleri g\u00f6rerek bizzat tecr\u00fcbe ediyoruz. D\u00fcnyadaki en geli\u015fmi\u015f teknolojiye sahip uygulay\u0131c\u0131 firmalarla g\u00f6r\u00fc\u015f\u00fcyoruz. Kanada&#8217;dan gelen bir firma var. Bize gelerek teknolojide geldikleri noktay\u0131 bizimle payla\u015ft\u0131lar. Biz de bu kat\u0131 at\u0131\u011f\u0131 yakarak veya eriterek de\u011ferlendirmek istiyoruz. \u00c7\u00f6p\u00fc yakarak ya da eriterek enerji \u00fcretmenin ve bu sayede sahip oldu\u011fumuz g\u00fcnl\u00fck 600-650 ton civar\u0131ndaki kapasite ile 10-12 megavatl\u0131k enerji \u00fcretimi yapacak enerji santralini kurman\u0131n a\u015famas\u0131nday\u0131z.<\/p>\n<p><a href=\"https:\/\/www.enerjigazetesi.ist\/wp-content\/uploads\/2013\/03\/cop-enerji-tesisi-1.5-yil-icinde-yapilacak.jpg\"><img loading=\"lazy\" class=\"alignright size-medium wp-image-8966\" title=\"cop-enerji-tesisi-1.5-yil-icinde-yapilacak\" src=\"https:\/\/www.enerjigazetesi.ist\/wp-content\/uploads\/2013\/03\/cop-enerji-tesisi-1.5-yil-icinde-yapilacak-300x181.jpg\" alt=\"\" width=\"300\" height=\"181\" srcset=\"https:\/\/www.enerjigazetesi.ist\/wp-content\/uploads\/2013\/03\/cop-enerji-tesisi-1.5-yil-icinde-yapilacak-300x181.jpg 300w, https:\/\/www.enerjigazetesi.ist\/wp-content\/uploads\/2013\/03\/cop-enerji-tesisi-1.5-yil-icinde-yapilacak-80x48.jpg 80w, https:\/\/www.enerjigazetesi.ist\/wp-content\/uploads\/2013\/03\/cop-enerji-tesisi-1.5-yil-icinde-yapilacak.jpg 480w\" sizes=\"(max-width: 300px) 100vw, 300px\" \/><\/a>En k\u0131za zamanda \u00c7evre ve \u015eehircilik Bakan\u0131m\u0131zla bir araya gelerek hangi teknolojiyi uygulayaca\u011f\u0131m\u0131z\u0131 ve ne zaman ba\u015flayabilece\u011fimizi g\u00f6r\u00fc\u015fece\u011fiz. Kesin karar\u0131 verip \u00fclkemizde ilk uygulamay\u0131 yapaca\u011f\u0131z. Bu teknolojinin vah\u015fi depolama veya d\u00fczenli depolama \u00f6rneklerinde ya\u015fand\u0131\u011f\u0131 gibi \u00e7evreyi kirletme ve koku yapma gibi bir riski yoktur. Yakma veya eritme olaca\u011f\u0131 i\u00e7in hammaddenin sadece y\u00fczde 20&#8217;si at\u0131k olarak \u00e7\u0131kacak. Bu at\u0131k hem asfalt yol yap\u0131m\u0131nda kullan\u0131lacak, hem de g\u00fcbre olarak de\u011ferlendirilmesi m\u00fcmk\u00fcn olacak. Elde edilen g\u00fcbre ise patates \u00fcretiminde kullan\u0131lacak. Hangi teknolojiyi kullanaca\u011f\u0131m\u0131z\u0131n karar\u0131n\u0131 verme a\u015famas\u0131nday\u0131z. 1,5 y\u0131l i\u00e7inde bu in\u015faat ger\u00e7ekle\u015ftirilecek. Yakman\u0131n eritmeye oranla daha ucuz oldu\u011funu s\u00f6yleyebiliriz. Biz de birlik olarak buna nas\u0131l bir katk\u0131 verebilece\u011fimizi ortaya koyaca\u011f\u0131z. \u00dclke olarak enerji ihtiyac\u0131nda oldu\u011fumuz bu d\u00f6nemlerde enerji ihtiya\u00e7lar\u0131n\u0131 da giderip kalk\u0131nmam\u0131za ve geli\u015fmemize y\u00f6nelik \u00f6nemli ad\u0131m atm\u0131\u015f olaca\u011f\u0131z. \u00dclkemizi bu t\u00fcr \u00e7al\u0131\u015fmalarla 2023 hedeflerine daha kolay ula\u015ft\u0131rm\u0131\u015f olaca\u011f\u0131z&#8221; dedi.<\/p>\n<p>Belediye Ba\u015fkan\u0131 G\u00fcmr\u00fck\u00e7\u00fco\u011flu, kurulacak olan tesisle ilgili olarak yapt\u0131\u011f\u0131 a\u00e7\u0131klamas\u0131nda, &#8220;Bu filtrelemesiyle, ar\u0131tmas\u0131yla tabiat\u0131 koruyan, \u00e7evreye sahip bir enerji tesisi olacak. Asfaltla ilgili \u00e7al\u0131\u015fmalarda da yararlan\u0131lacak olan g\u00fczel bir tesis olacak&#8221; dedi.<\/p>\n<p>B\u00fcy\u00fck\u015fehir yasas\u0131ndan sonra il\u00e7e belediyelerinin bir k\u0131s\u0131m g\u00f6revlerini s\u00fcrd\u00fcrece\u011fine i\u015faret eden ba\u015fkan G\u00fcmr\u00fck\u00e7\u00fco\u011flu, &#8220;\u00c7\u00f6p\u00fcn toplanmas\u0131nda il\u00e7e belediyelerimiz katk\u0131 vermeye devam edecek. B\u00fct\u00e7eleriyle buna destek olacaklar. \u0130l\u00e7elerimiz genel b\u00fct\u00e7e vergi gelirlerinden ald\u0131\u011f\u0131 2,5 oran\u0131nda pay 4,5 oran\u0131na \u00e7\u0131kar\u0131lacak. Bu da onlar\u0131 g\u00fc\u00e7lendirecek&#8221; diye konu\u015ftu.<\/p>\n<p>G\u00fcmr\u00fck\u00e7\u00fco\u011flu ayr\u0131ca il\u00e7e belediyelerinden \u00e7\u00f6p depolama tesisini y\u00fcr\u00fcten firmaya olan bor\u00e7lar\u0131n \u00f6denmesini isteyerek, &#8220;Y\u00fcklenici firma zor durumda kalmamas\u0131 i\u00e7in biraz b\u00fct\u00e7elerimizi zorlamal\u0131y\u0131z. \u00c7evre ve \u015eehircilik Bakanl\u0131\u011f\u0131m\u0131z\u0131 zorlay\u0131n. Bakan\u0131m\u0131z \u00f6zellikle \u00e7evre konusunda hassas ve yard\u0131mseverdir. Mutlaka yard\u0131mc\u0131 olacakt\u0131r&#8221; dedi.<\/p>\n<p>Kaynak: <a href=\"http:\/\/www.energyworld.com.tr\/root.vol?title=cop-enerji-tesisi-15-yil-icinde-kurulacak&amp;exec=page&amp;nid=521096\" target=\"_blank\">Energy World<\/a><\/p>","protected":false},"excerpt":{"rendered":"<p>Sorry, this entry is only available in Turkish. For the sake of viewer convenience, the content is shown below in the alternative language. You may click the link to switch the active language.Trabzon-Rize \u0130lleri Yerel Y\u00f6netimleri Kat\u0131 At\u0131k Tesisleri Yapma ve \u0130\u015fletme Birli\u011fi (TRABR\u0130KAB) meclis toplant\u0131s\u0131 Trabzon Valisi Dr. Recep K\u0131z\u0131l\u00e7\u0131k ba\u015fkanl\u0131\u011f\u0131nda yap\u0131ld\u0131. 2012 y\u0131l\u0131n\u0131n [&hellip;]<\/p>\n","protected":false},"author":1,"featured_media":8966,"comment_status":"open","ping_status":"open","sticky":false,"template":"","format":"standard","meta":[],"categories":[53],"tags":[3999,1901,3998,63,67,4003,2765,18,4002,3446,4001,4000],"views":1059,"_links":{"self":[{"href":"https:\/\/www.enerjigazetesi.ist\/en\/wp-json\/wp\/v2\/posts\/8965"}],"collection":[{"href":"https:\/\/www.enerjigazetesi.ist\/en\/wp-json\/wp\/v2\/posts"}],"about":[{"href":"https:\/\/www.enerjigazetesi.ist\/en\/wp-json\/wp\/v2\/types\/post"}],"author":[{"embeddable":true,"href":"https:\/\/www.enerjigazetesi.ist\/en\/wp-json\/wp\/v2\/users\/1"}],"replies":[{"embeddable":true,"href":"https:\/\/www.enerjigazetesi.ist\/en\/wp-json\/wp\/v2\/comments?post=8965"}],"version-history":[{"count":2,"href":"https:\/\/www.enerjigazetesi.ist\/en\/wp-json\/wp\/v2\/posts\/8965\/revisions"}],"predecessor-version":[{"id":8968,"href":"https:\/\/www.enerjigazetesi.ist\/en\/wp-json\/wp\/v2\/posts\/8965\/revisions\/8968"}],"wp:featuredmedia":[{"embeddable":true,"href":"https:\/\/www.enerjigazetesi.ist\/en\/wp-json\/wp\/v2\/media\/8966"}],"wp:attachment":[{"href":"https:\/\/www.enerjigazetesi.ist\/en\/wp-json\/wp\/v2\/media?parent=8965"}],"wp:term":[{"taxonomy":"category","embeddable":true,"href":"https:\/\/www.enerjigazetesi.ist\/en\/wp-json\/wp\/v2\/categories?post=8965"},{"taxonomy":"post_tag","embeddable":true,"href":"https:\/\/www.enerjigazetesi.ist\/en\/wp-json\/wp\/v2\/tags?post=8965"}],"curies":[{"name":"wp","href":"https:\/\/api.w.org\/{rel}","templated":true}]}}