{"id":89647,"date":"2019-03-21T14:32:01","date_gmt":"2019-03-21T11:32:01","guid":{"rendered":"https:\/\/www.enerjigazetesi.ist\/?p=89647"},"modified":"2019-03-21T14:35:14","modified_gmt":"2019-03-21T11:35:14","slug":"elon-musk-2019-yili-solar-roofun-olacak","status":"publish","type":"post","link":"https:\/\/www.enerjigazetesi.ist\/en\/elon-musk-2019-yili-solar-roofun-olacak\/","title":{"rendered":"(Turkish) Elon Musk: 2019 Y\u0131l\u0131 Solar Roof\u2019un Olacak"},"content":{"rendered":"<p class=\"qtranxs-available-languages-message qtranxs-available-languages-message-en\">Sorry, this entry is only available in <a href=\"https:\/\/www.enerjigazetesi.ist\/tr\/wp-json\/wp\/v2\/posts\/89647\" class=\"qtranxs-available-language-link qtranxs-available-language-link-tr\" title=\"Turkish\">Turkish<\/a>. For the sake of viewer convenience, the content is shown below in the alternative language. You may click the link to switch the active language.<\/p><p><\/p>\n<h1>Tesla&#8217;n\u0131n yak\u0131n gelece\u011fi vizyonuna y\u00f6nelik a\u00e7\u0131klamalarda bulunan Elon Musk&#8217;un 2019 y\u0131l\u0131 i\u00e7in rotas\u0131n\u0131 s\u00fcrd\u00fcr\u00fclebilir gelece\u011fe do\u011fru \u00e7evirdi\u011fi g\u00f6zlemlendi\u011fi g\u00f6r\u00fcn\u00fcrken bu da Solar Roof ve Powerwall \u015firketleri <img loading=\"lazy\" class=\"alignleft size-medium wp-image-89649\" src=\"https:\/\/www.enerjigazetesi.ist\/wp-content\/uploads\/2019\/03\/elon-musk-2019-yili-solar-roofun-olacak-300x158.jpg\" alt=\"\" width=\"300\" height=\"158\" srcset=\"https:\/\/www.enerjigazetesi.ist\/wp-content\/uploads\/2019\/03\/elon-musk-2019-yili-solar-roofun-olacak-300x158.jpg 300w, https:\/\/www.enerjigazetesi.ist\/wp-content\/uploads\/2019\/03\/elon-musk-2019-yili-solar-roofun-olacak-500x263.jpg 500w, https:\/\/www.enerjigazetesi.ist\/wp-content\/uploads\/2019\/03\/elon-musk-2019-yili-solar-roofun-olacak-80x42.jpg 80w, https:\/\/www.enerjigazetesi.ist\/wp-content\/uploads\/2019\/03\/elon-musk-2019-yili-solar-roofun-olacak.jpg 720w\" sizes=\"(max-width: 300px) 100vw, 300px\" \/>\u00fczerinde bir odaklanma durumu meydana getirecektir.<\/h1>\n<p>Musk a\u00e7\u0131klamas\u0131nda &#8220;Bu y\u0131l kesinlikle <strong>Solar Roof<\/strong>\u2019un ve <strong>Powerwall<\/strong>\u2019un olacakt\u0131r&#8221; s\u00f6yleminde bulunurken bu da s\u00fcrd\u00fcr\u00fclebilir gelecek hedefi do\u011frultusunda, s\u00f6z konusu ifadelerden Tesla\u2019n\u0131n y\u00f6n\u00fcn\u00fc yollardan evlere \u00e7evirdi\u011fi yorumlar\u0131na neden olmu\u015ftur. Ayr\u0131ca Musk, &#8220;G\u00fcne\u015f enerjisi art\u0131 pil art\u0131 elektrikli ara\u00e7lar t\u00fcm\u00fcyle s\u00fcrd\u00fcr\u00fclebilir bir gelece\u011fe e\u015fittir.&#8221; ifadeleriyle de seslendi.<\/p>\n<p>2017&#8217;nin A\u011fustos&#8217;unda Tesla, ilk Solar Roof kurulumu yap\u0131lm\u0131\u015f ev g\u00f6r\u00fcnt\u00fclerini payla\u015farak di\u011fer g\u00fcne\u015f panellerine sahip \u00e7at\u0131lar\u0131n aksine Tesla\u2019n\u0131n g\u00fcne\u015f panelleri rahats\u0131z edici g\u00f6r\u00fcnt\u00fcler olu\u015fturmad\u0131\u011f\u0131 g\u00f6zler \u00f6n\u00fcne serilirken g\u00fcne\u015f panelleri ise normal bir evin \u00e7at\u0131s\u0131na benzemektedir. Sonsuz garanti sunularak sat\u0131n almaya y\u00f6nelik ise her an ula\u015f\u0131labilir olan panellerine y\u00f6nelik ise g\u00fcne\u015f enerjisi uzman\u0131 olan Senthil Balasubramanian ise &#8220;ezber bozacak&#8221; iddialar\u0131na yer vermi\u015fti.<\/p>\n<p>Sarp ALTINEL &#8211; <a href=\"mailto:sarp.altinel@enerjigazetesi.ist\" target=\"_blank\" rel=\"noopener\">sarp.altinel@enerjigazetesi.ist<\/a><\/p>\n<p>Kaynak:<\/p>","protected":false},"excerpt":{"rendered":"<p>Sorry, this entry is only available in Turkish. For the sake of viewer convenience, the content is shown below in the alternative language. You may click the link to switch the active language. Tesla&#8217;n\u0131n yak\u0131n gelece\u011fi vizyonuna y\u00f6nelik a\u00e7\u0131klamalarda bulunan Elon Musk&#8217;un 2019 y\u0131l\u0131 i\u00e7in rotas\u0131n\u0131 s\u00fcrd\u00fcr\u00fclebilir gelece\u011fe do\u011fru \u00e7evirdi\u011fi g\u00f6zlemlendi\u011fi g\u00f6r\u00fcn\u00fcrken bu da Solar [&hellip;]<\/p>\n","protected":false},"author":1,"featured_media":89649,"comment_status":"open","ping_status":"open","sticky":false,"template":"","format":"standard","meta":[],"categories":[51,53,49],"tags":[45408,34979,19638,34980,26353,42030,1311,35236,19436,2625,67,1009,23416,1876,48107,23133,23131,25741,30503,48108,34880,48109,37032,34977,19437,26829],"views":588,"_links":{"self":[{"href":"https:\/\/www.enerjigazetesi.ist\/en\/wp-json\/wp\/v2\/posts\/89647"}],"collection":[{"href":"https:\/\/www.enerjigazetesi.ist\/en\/wp-json\/wp\/v2\/posts"}],"about":[{"href":"https:\/\/www.enerjigazetesi.ist\/en\/wp-json\/wp\/v2\/types\/post"}],"author":[{"embeddable":true,"href":"https:\/\/www.enerjigazetesi.ist\/en\/wp-json\/wp\/v2\/users\/1"}],"replies":[{"embeddable":true,"href":"https:\/\/www.enerjigazetesi.ist\/en\/wp-json\/wp\/v2\/comments?post=89647"}],"version-history":[{"count":0,"href":"https:\/\/www.enerjigazetesi.ist\/en\/wp-json\/wp\/v2\/posts\/89647\/revisions"}],"wp:featuredmedia":[{"embeddable":true,"href":"https:\/\/www.enerjigazetesi.ist\/en\/wp-json\/wp\/v2\/media\/89649"}],"wp:attachment":[{"href":"https:\/\/www.enerjigazetesi.ist\/en\/wp-json\/wp\/v2\/media?parent=89647"}],"wp:term":[{"taxonomy":"category","embeddable":true,"href":"https:\/\/www.enerjigazetesi.ist\/en\/wp-json\/wp\/v2\/categories?post=89647"},{"taxonomy":"post_tag","embeddable":true,"href":"https:\/\/www.enerjigazetesi.ist\/en\/wp-json\/wp\/v2\/tags?post=89647"}],"curies":[{"name":"wp","href":"https:\/\/api.w.org\/{rel}","templated":true}]}}