{"id":89635,"date":"2019-03-21T11:49:42","date_gmt":"2019-03-21T08:49:42","guid":{"rendered":"https:\/\/www.enerjigazetesi.ist\/?p=89635"},"modified":"2019-03-21T11:51:37","modified_gmt":"2019-03-21T08:51:37","slug":"itu-ve-tredastan-elektrik-arizalarina-karsi-yapay-zekali-onlem","status":"publish","type":"post","link":"https:\/\/www.enerjigazetesi.ist\/en\/itu-ve-tredastan-elektrik-arizalarina-karsi-yapay-zekali-onlem\/","title":{"rendered":"(Turkish) \u0130T\u00dc ve TREDA\u015e\u2019tan Elektrik Ar\u0131zalar\u0131na Kar\u015f\u0131 Yapay Zekal\u0131 \u00d6nlem!"},"content":{"rendered":"<p class=\"qtranxs-available-languages-message qtranxs-available-languages-message-en\">Sorry, this entry is only available in <a href=\"https:\/\/www.enerjigazetesi.ist\/tr\/wp-json\/wp\/v2\/posts\/89635\" class=\"qtranxs-available-language-link qtranxs-available-language-link-tr\" title=\"Turkish\">Turkish<\/a>. For the sake of viewer convenience, the content is shown below in the alternative language. You may click the link to switch the active language.<\/p><p><\/p>\n<h1>\u0130stanbul Teknik \u00dcniversitesi (\u0130T\u00dc) Elektrik Elektronik Fak\u00fcltesi Dekan\u0131 Prof. Dr. Serhat \u015eeker taraf\u0131ndan elektrik da\u011f\u0131t\u0131m alan\u0131nda yeni bir projeye ba\u015fland\u0131\u011f\u0131 belirtilerek &#8220;B\u00fcy\u00fck veri ve yapay zekay\u0131 kullan\u0131m\u0131 ger\u00e7ekle\u015ftirerek \u00f6ng\u00f6r\u00fcl\u00fc bak\u0131m teknolojisi geli\u015ftirece\u011fiz. B\u00f6ylece elektrik da\u011f\u0131t\u0131m <img loading=\"lazy\" class=\"alignleft size-medium wp-image-89638\" src=\"https:\/\/www.enerjigazetesi.ist\/wp-content\/uploads\/2019\/03\/itu-ve-tredastan-elektrik-arizalarina-karsi-yapay-zekali-onlem-300x199.jpg\" alt=\"\" width=\"300\" height=\"199\" srcset=\"https:\/\/www.enerjigazetesi.ist\/wp-content\/uploads\/2019\/03\/itu-ve-tredastan-elektrik-arizalarina-karsi-yapay-zekali-onlem-300x199.jpg 300w, https:\/\/www.enerjigazetesi.ist\/wp-content\/uploads\/2019\/03\/itu-ve-tredastan-elektrik-arizalarina-karsi-yapay-zekali-onlem-500x332.jpg 500w, https:\/\/www.enerjigazetesi.ist\/wp-content\/uploads\/2019\/03\/itu-ve-tredastan-elektrik-arizalarina-karsi-yapay-zekali-onlem-75x50.jpg 75w, https:\/\/www.enerjigazetesi.ist\/wp-content\/uploads\/2019\/03\/itu-ve-tredastan-elektrik-arizalarina-karsi-yapay-zekali-onlem-450x300.jpg 450w, https:\/\/www.enerjigazetesi.ist\/wp-content\/uploads\/2019\/03\/itu-ve-tredastan-elektrik-arizalarina-karsi-yapay-zekali-onlem.jpg 650w\" sizes=\"(max-width: 300px) 100vw, 300px\" \/>\u015febekesinde ar\u0131za olu\u015fmadan tespit edilerek \u00f6nlem al\u0131nabilecek.&#8221; ifadeleri kullan\u0131ld\u0131.<\/h1>\n<p>\u0130T\u00dc Rekt\u00f6rl\u00fc\u011f\u00fc&#8217;n\u00fcn Trakya Elektrik Da\u011f\u0131t\u0131m A\u015e (TREDA\u015e) ile bir protokol imzaland\u0131\u011f\u0131n\u0131 belirten \u015eeker <span style=\"text-decoration: underline;\">yapt\u0131\u011f\u0131 a\u00e7\u0131klamada;<\/span><\/p>\n<p>&#8220;Proje, TREDA\u015e&#8217;\u0131n elektrik da\u011f\u0131t\u0131m hizmeti sundu\u011fu Trakya b\u00f6lgesinden ba\u015flayacak olup daha sonra proje T\u00fcrkiye \u00e7ap\u0131nda uygulanacakt\u0131r. Da\u011f\u0131t\u0131m \u015firketinin hat, trafo ve cihazlar\u0131n\u0131n en optimal ve g\u00fcvenilir olarak \u00e7al\u0131\u015fmas\u0131n\u0131 sa\u011flayacak \u00f6ng\u00f6r\u00fcl\u00fc bak\u0131m teknolojisi geli\u015ftirilecektir. B\u00fcy\u00fck veri ve yapay zek\u00e2y\u0131 kullanarak bir \u00f6ng\u00f6r\u00fcl\u00fc bak\u0131m teknolojisi geli\u015ftirece\u011fiz. B\u00f6ylece elektrik da\u011f\u0131t\u0131m \u015febekesinde ar\u0131za olu\u015fmadan tespit edilip, \u00f6nlem al\u0131nabilecek. Enerjinin kesintisizli\u011fi ve verimlili\u011fi de sa\u011flanabilecek. Sistemlere zaman\u0131nda bak\u0131m yaparak sistemin hi\u00e7bir kesintiye u\u011framadan \u00e7al\u0131\u015fabilmesini sa\u011flamaya y\u00f6nelik yaz\u0131l\u0131msal ve donan\u0131msal bir yap\u0131ya sahip olacakt\u0131r.&#8221; dedi.<\/p>","protected":false},"excerpt":{"rendered":"<p>Sorry, this entry is only available in Turkish. For the sake of viewer convenience, the content is shown below in the alternative language. You may click the link to switch the active language. \u0130stanbul Teknik \u00dcniversitesi (\u0130T\u00dc) Elektrik Elektronik Fak\u00fcltesi Dekan\u0131 Prof. Dr. Serhat \u015eeker taraf\u0131ndan elektrik da\u011f\u0131t\u0131m alan\u0131nda yeni bir projeye ba\u015fland\u0131\u011f\u0131 belirtilerek &#8220;B\u00fcy\u00fck [&hellip;]<\/p>\n","protected":false},"author":1,"featured_media":89638,"comment_status":"open","ping_status":"open","sticky":false,"template":"","format":"standard","meta":[],"categories":[51,53],"tags":[48094,36818,18342,48097,42024,34979,19638,34980,26353,67,1009,26559,48093,48096,41773,9874,27763,12370,48095,793,30764],"views":882,"_links":{"self":[{"href":"https:\/\/www.enerjigazetesi.ist\/en\/wp-json\/wp\/v2\/posts\/89635"}],"collection":[{"href":"https:\/\/www.enerjigazetesi.ist\/en\/wp-json\/wp\/v2\/posts"}],"about":[{"href":"https:\/\/www.enerjigazetesi.ist\/en\/wp-json\/wp\/v2\/types\/post"}],"author":[{"embeddable":true,"href":"https:\/\/www.enerjigazetesi.ist\/en\/wp-json\/wp\/v2\/users\/1"}],"replies":[{"embeddable":true,"href":"https:\/\/www.enerjigazetesi.ist\/en\/wp-json\/wp\/v2\/comments?post=89635"}],"version-history":[{"count":0,"href":"https:\/\/www.enerjigazetesi.ist\/en\/wp-json\/wp\/v2\/posts\/89635\/revisions"}],"wp:featuredmedia":[{"embeddable":true,"href":"https:\/\/www.enerjigazetesi.ist\/en\/wp-json\/wp\/v2\/media\/89638"}],"wp:attachment":[{"href":"https:\/\/www.enerjigazetesi.ist\/en\/wp-json\/wp\/v2\/media?parent=89635"}],"wp:term":[{"taxonomy":"category","embeddable":true,"href":"https:\/\/www.enerjigazetesi.ist\/en\/wp-json\/wp\/v2\/categories?post=89635"},{"taxonomy":"post_tag","embeddable":true,"href":"https:\/\/www.enerjigazetesi.ist\/en\/wp-json\/wp\/v2\/tags?post=89635"}],"curies":[{"name":"wp","href":"https:\/\/api.w.org\/{rel}","templated":true}]}}