{"id":896,"date":"2012-07-13T09:57:43","date_gmt":"2012-07-13T06:57:43","guid":{"rendered":"https:\/\/www.enerjigazetesi.ist\/?p=896"},"modified":"2012-07-13T09:58:33","modified_gmt":"2012-07-13T06:58:33","slug":"enerji-donusumunde-hukuk-savasi","status":"publish","type":"post","link":"https:\/\/www.enerjigazetesi.ist\/en\/enerji-donusumunde-hukuk-savasi\/","title":{"rendered":"(Turkish) Enerji D\u00f6n\u00fc\u015f\u00fcm\u00fcnde Hukuk Sava\u015f\u0131"},"content":{"rendered":"<p class=\"qtranxs-available-languages-message qtranxs-available-languages-message-en\">Sorry, this entry is only available in <a href=\"https:\/\/www.enerjigazetesi.ist\/tr\/wp-json\/wp\/v2\/posts\/896\" class=\"qtranxs-available-language-link qtranxs-available-language-link-tr\" title=\"Turkish\">Turkish<\/a>. For the sake of viewer convenience, the content is shown below in the alternative language. You may click the link to switch the active language.<\/p><p><strong>Alman h\u00fck\u00fcmeti n\u00fckleer santralleri kapatma karar\u0131na elektrik \u015firketleri tepki g\u00f6steriyor. Almanya&#8217;da faaliyet g\u00f6steren b\u00fcy\u00fck elektrik \u015firketleri h\u00fck\u00fcmete tazminat davas\u0131 a\u00e7t\u0131.<\/strong><\/p>\n<div id=\"artHead\">\n<div><img src=\"http:\/\/www.dw.de\/image\/0,,15886392_401,00.jpg\" alt=\"\" \/><\/div>\n<div>\n<h2>Enerji d\u00f6n\u00fc\u015f\u00fcm\u00fcnde hukuk sava\u015f\u0131<\/h2>\n<\/div>\n<\/div>\n<div>\n<p>Alman h\u00fck\u00fcmeti n\u00fckleer santralleri kapatma karar\u0131na elektrik \u015firketleri tepki g\u00f6steriyor. Almanya&#8217;da faaliyet g\u00f6steren b\u00fcy\u00fck elektrik \u015firketleri h\u00fck\u00fcmete tazminat davas\u0131 a\u00e7t\u0131.<\/p>\n<div>\n<p>Japonya&#8217;daki Fukushima n\u00fckleer felaketinden sonra Berlin, n\u00fckleer santralleri kapatma karar\u0131 ald\u0131. H\u00fck\u00fcmet bir yandan enerji reakt\u00f6rlerini kapatmaya \u00e7al\u0131\u015f\u0131rken di\u011fer taraftan da kapat\u0131lmayan reakt\u00f6rlerin kulland\u0131\u011f\u0131 yak\u0131ta vergi koydu.<\/p>\n<p>Alman enerji firmalar\u0131ndan E.ON ve RWE&#8217;den sonra \u0130sve\u00e7li enerji grubu Vattenfall da Berlin&#8217;in n\u00fckleer santralleri kapatma karar\u0131na kar\u015f\u0131 Federal Anayasa Mahkemesi\u2019ne tazminat davas\u0131 a\u00e7t\u0131klar\u0131n\u0131 duyurdu.<\/p>\n<p>\u015eik\u00e2yetin karara kar\u015f\u0131 de\u011fil, reakt\u00f6rlerin erken kapat\u0131lmas\u0131 ile ortaya \u00e7\u0131kacak hak kay\u0131plar\u0131na kar\u015f\u0131 oldu\u011funu belirtti. Vattenfall s\u00f6zc\u00fcs\u00fc, n\u00fckleer santral i\u015fletme izinlerinin iptal edilmesinin \u015firketin &#8220;anayasayla korunan m\u00fclkiyet haklar\u0131na bir sald\u0131r\u0131&#8221; niteli\u011fi ta\u015f\u0131d\u0131\u011f\u0131n\u0131 s\u00f6yledi.<\/p>\n<p><strong>\u015eikayetler daha \u00f6nce ba\u015flam\u0131\u015ft\u0131<\/strong><\/p>\n<p>Benzer ba\u015fvurular nisan ay\u0131nda RWE ve Kas\u0131m ay\u0131nda E.ON taraf\u0131ndan yap\u0131lm\u0131\u015ft\u0131. Vattenfall, uygun miktarda bir tazminat talep ettiklerini duyururken Almanya&#8217;n\u0131n en b\u00fcy\u00fck elektrik \u015firketi E.ON, en az 8 milyar euro tazminat istediklerini a\u00e7\u0131klam\u0131\u015ft\u0131.<\/p>\n<p>Alman h\u00fck\u00fcmetinin 2022 y\u0131l\u0131na kadar 17 n\u00fckleer enerji santralini kapatma karar\u0131 \u00fczerine her \u00fc\u00e7 \u015firketin de k\u00e2r oranlar\u0131nda ciddi d\u00fc\u015f\u00fc\u015fler g\u00f6zlendi.<\/p>\n<p><strong>\u00a9 <a href=\"http:\/\/www.dw.de\/dw\/article\/0,,16091038,00.html\" target=\"_blank\">Deutsche Welle T\u00fcrk\u00e7e<\/a><\/strong><\/p>\n<\/div>\n<\/div>\n<p><\/p>","protected":false},"excerpt":{"rendered":"<p>Sorry, this entry is only available in Turkish. For the sake of viewer convenience, the content is shown below in the alternative language. You may click the link to switch the active language.Alman h\u00fck\u00fcmeti n\u00fckleer santralleri kapatma karar\u0131na elektrik \u015firketleri tepki g\u00f6steriyor. Almanya&#8217;da faaliyet g\u00f6steren b\u00fcy\u00fck elektrik \u015firketleri h\u00fck\u00fcmete tazminat davas\u0131 a\u00e7t\u0131. Enerji d\u00f6n\u00fc\u015f\u00fcm\u00fcnde hukuk [&hellip;]<\/p>\n","protected":false},"author":1,"featured_media":899,"comment_status":"open","ping_status":"open","sticky":false,"template":"","format":"standard","meta":[],"categories":[53,43],"tags":[67,21,134],"views":890,"_links":{"self":[{"href":"https:\/\/www.enerjigazetesi.ist\/en\/wp-json\/wp\/v2\/posts\/896"}],"collection":[{"href":"https:\/\/www.enerjigazetesi.ist\/en\/wp-json\/wp\/v2\/posts"}],"about":[{"href":"https:\/\/www.enerjigazetesi.ist\/en\/wp-json\/wp\/v2\/types\/post"}],"author":[{"embeddable":true,"href":"https:\/\/www.enerjigazetesi.ist\/en\/wp-json\/wp\/v2\/users\/1"}],"replies":[{"embeddable":true,"href":"https:\/\/www.enerjigazetesi.ist\/en\/wp-json\/wp\/v2\/comments?post=896"}],"version-history":[{"count":3,"href":"https:\/\/www.enerjigazetesi.ist\/en\/wp-json\/wp\/v2\/posts\/896\/revisions"}],"predecessor-version":[{"id":898,"href":"https:\/\/www.enerjigazetesi.ist\/en\/wp-json\/wp\/v2\/posts\/896\/revisions\/898"}],"wp:featuredmedia":[{"embeddable":true,"href":"https:\/\/www.enerjigazetesi.ist\/en\/wp-json\/wp\/v2\/media\/899"}],"wp:attachment":[{"href":"https:\/\/www.enerjigazetesi.ist\/en\/wp-json\/wp\/v2\/media?parent=896"}],"wp:term":[{"taxonomy":"category","embeddable":true,"href":"https:\/\/www.enerjigazetesi.ist\/en\/wp-json\/wp\/v2\/categories?post=896"},{"taxonomy":"post_tag","embeddable":true,"href":"https:\/\/www.enerjigazetesi.ist\/en\/wp-json\/wp\/v2\/tags?post=896"}],"curies":[{"name":"wp","href":"https:\/\/api.w.org\/{rel}","templated":true}]}}