{"id":89472,"date":"2019-03-19T00:43:25","date_gmt":"2019-03-18T21:43:25","guid":{"rendered":"https:\/\/www.enerjigazetesi.ist\/?p=89472"},"modified":"2019-03-19T00:51:28","modified_gmt":"2019-03-18T21:51:28","slug":"manisa-jeotermal-seracilikta-turkiye-2incisi-konumunda","status":"publish","type":"post","link":"https:\/\/www.enerjigazetesi.ist\/en\/manisa-jeotermal-seracilikta-turkiye-2incisi-konumunda\/","title":{"rendered":"(Turkish) Manisa Jeotermal Serac\u0131l\u0131kta T\u00fcrkiye 2&#8217;incisi Konumunda!"},"content":{"rendered":"<p class=\"qtranxs-available-languages-message qtranxs-available-languages-message-en\">Sorry, this entry is only available in <a href=\"https:\/\/www.enerjigazetesi.ist\/tr\/wp-json\/wp\/v2\/posts\/89472\" class=\"qtranxs-available-language-link qtranxs-available-language-link-tr\" title=\"Turkish\">Turkish<\/a>. For the sake of viewer convenience, the content is shown below in the alternative language. You may click the link to switch the active language.<\/p><p><\/p>\n<h1>MAN\u0130SA \u0130l Tar\u0131m ve Orman M\u00fcd\u00fcr Vekili Metin \u00d6zt\u00fcrk, Manisa&#8217;n\u0131n jeotermal serac\u0131l\u0131kta 756 dekar alan ve y\u00fczde 17.7&#8217;lik oran ile \u0130zmir&#8217;in ard\u0131ndan ikinci s\u0131rada yer ald\u0131\u011f\u0131n\u0131 dile getirdi.<\/h1>\n<p>Manisa genelinde \u00d6rt\u00fcalt\u0131 Kay\u0131t Sistemi&#8217;ne kay\u0131tl\u0131 ve kay\u0131ts\u0131z olan i\u015fletme say\u0131s\u0131n\u0131n 832 oldu\u011funa dikkat \u00e7eken \u00d6zt\u00fcrk, &#8220;3 bin 82 dekar \u00f6rt\u00fcalt\u0131 alanda; domates, h\u0131yar, biber, \u00e7ilek, marul, fide ve fidan gibi <img loading=\"lazy\" class=\"alignright size-medium wp-image-89474\" src=\"https:\/\/www.enerjigazetesi.ist\/wp-content\/uploads\/2019\/03\/manisa-jeotermal-seracilikta-turkiye-2incisi-konumunda-300x160.jpg\" alt=\"\" width=\"300\" height=\"160\" srcset=\"https:\/\/www.enerjigazetesi.ist\/wp-content\/uploads\/2019\/03\/manisa-jeotermal-seracilikta-turkiye-2incisi-konumunda-300x160.jpg 300w, https:\/\/www.enerjigazetesi.ist\/wp-content\/uploads\/2019\/03\/manisa-jeotermal-seracilikta-turkiye-2incisi-konumunda-500x267.jpg 500w, https:\/\/www.enerjigazetesi.ist\/wp-content\/uploads\/2019\/03\/manisa-jeotermal-seracilikta-turkiye-2incisi-konumunda-80x43.jpg 80w, https:\/\/www.enerjigazetesi.ist\/wp-content\/uploads\/2019\/03\/manisa-jeotermal-seracilikta-turkiye-2incisi-konumunda.jpg 569w\" sizes=\"(max-width: 300px) 100vw, 300px\" \/>\u00fcr\u00fcnler yeti\u015ftirilmektedir. Bunlar\u0131n bir k\u0131sm\u0131 ihra\u00e7 edilmekte geriye kalan k\u0131sm\u0131 ise yurt i\u00e7inde de\u011ferlendirilmektedir. 2018 y\u0131l\u0131 6 alt\u0131 ay\u0131 verilerimize g\u00f6re ihracat\u0131m\u0131z\u0131n b\u00fcy\u00fck bir \u00e7o\u011funlu\u011fu Rusya ve Ukrayna&#8217;ya ger\u00e7ekle\u015ftirilmi\u015ftir. Rusya&#8217;ya 2 bin 92 ton, Ukrayna&#8217;ya ise 139 ton olmak \u00fczere toplam 2 bin 231 ton ihracat yap\u0131lm\u0131\u015ft\u0131r&#8221; dedi.<\/p>\n<p>Ayr\u0131ca tar\u0131m ve sanayinin g\u00f6zard\u0131 edilmeden, \u00fclke kaynaklar\u0131n\u0131n \u00e7evre duyarl\u0131l\u0131\u011f\u0131 ile en iyi \u015fekilde de\u011ferlendirilmesi gerekti\u011fini vurgulayan Metin \u00d6zt\u00fcrk, Zafer Kalk\u0131nma Ajans\u0131 deste\u011fiyle &#8216;Ala\u015fehir Teknolojik Sera B\u00f6lgesi&#8217; fizibilite \u00e7al\u0131\u015fmalar\u0131n\u0131n devam etti\u011fini belirterek bundan sonraki s\u00fcre\u00e7te \u00f6rt\u00fcalt\u0131 yeti\u015ftiricilik ile ilgili e\u011fitim, yay\u0131m ve teknik deste\u011fi vermeye devam edeceklerini ve hedeflerinin jeotermal sera varl\u0131\u011f\u0131nda T\u00fcrkiye birincili\u011fi oldu\u011funu dile getirdi.<\/p>\n<p>B\u00fc\u015fra ERTA\u015e \u2013 Enerji Sistemleri M\u00fchendisi \u2013\u00a0<a href=\"mailto:busra.ertass@gmail.com\" target=\"_blank\" rel=\"noopener\">busra.ertass@gmail.com<\/a><\/p>","protected":false},"excerpt":{"rendered":"<p>Sorry, this entry is only available in Turkish. For the sake of viewer convenience, the content is shown below in the alternative language. You may click the link to switch the active language. MAN\u0130SA \u0130l Tar\u0131m ve Orman M\u00fcd\u00fcr Vekili Metin \u00d6zt\u00fcrk, Manisa&#8217;n\u0131n jeotermal serac\u0131l\u0131kta 756 dekar alan ve y\u00fczde 17.7&#8217;lik oran ile \u0130zmir&#8217;in ard\u0131ndan [&hellip;]<\/p>\n","protected":false},"author":1,"featured_media":89474,"comment_status":"open","ping_status":"open","sticky":false,"template":"","format":"standard","meta":[],"categories":[53,48],"tags":[47983,45860,67,1009,12235,2689,16077,34986,43688,34985,27650,36184,2191,47982,47981,34977,26829,27551],"views":1105,"_links":{"self":[{"href":"https:\/\/www.enerjigazetesi.ist\/en\/wp-json\/wp\/v2\/posts\/89472"}],"collection":[{"href":"https:\/\/www.enerjigazetesi.ist\/en\/wp-json\/wp\/v2\/posts"}],"about":[{"href":"https:\/\/www.enerjigazetesi.ist\/en\/wp-json\/wp\/v2\/types\/post"}],"author":[{"embeddable":true,"href":"https:\/\/www.enerjigazetesi.ist\/en\/wp-json\/wp\/v2\/users\/1"}],"replies":[{"embeddable":true,"href":"https:\/\/www.enerjigazetesi.ist\/en\/wp-json\/wp\/v2\/comments?post=89472"}],"version-history":[{"count":0,"href":"https:\/\/www.enerjigazetesi.ist\/en\/wp-json\/wp\/v2\/posts\/89472\/revisions"}],"wp:featuredmedia":[{"embeddable":true,"href":"https:\/\/www.enerjigazetesi.ist\/en\/wp-json\/wp\/v2\/media\/89474"}],"wp:attachment":[{"href":"https:\/\/www.enerjigazetesi.ist\/en\/wp-json\/wp\/v2\/media?parent=89472"}],"wp:term":[{"taxonomy":"category","embeddable":true,"href":"https:\/\/www.enerjigazetesi.ist\/en\/wp-json\/wp\/v2\/categories?post=89472"},{"taxonomy":"post_tag","embeddable":true,"href":"https:\/\/www.enerjigazetesi.ist\/en\/wp-json\/wp\/v2\/tags?post=89472"}],"curies":[{"name":"wp","href":"https:\/\/api.w.org\/{rel}","templated":true}]}}