{"id":89189,"date":"2019-03-14T12:55:02","date_gmt":"2019-03-14T09:55:02","guid":{"rendered":"https:\/\/www.enerjigazetesi.ist\/?p=89189"},"modified":"2019-03-14T12:57:39","modified_gmt":"2019-03-14T09:57:39","slug":"catisinda-gunes-panelleri-ile-elektrik-uretenlere-indirim-yapilsin","status":"publish","type":"post","link":"https:\/\/www.enerjigazetesi.ist\/en\/catisinda-gunes-panelleri-ile-elektrik-uretenlere-indirim-yapilsin\/","title":{"rendered":"(Turkish) &#8221;\u00c7at\u0131s\u0131nda G\u00fcne\u015f Panelleri \u0130le Elektrik \u00dcretenlere \u0130ndirim Yap\u0131ls\u0131n&#8221;"},"content":{"rendered":"<p class=\"qtranxs-available-languages-message qtranxs-available-languages-message-en\">Sorry, this entry is only available in <a href=\"https:\/\/www.enerjigazetesi.ist\/tr\/wp-json\/wp\/v2\/posts\/89189\" class=\"qtranxs-available-language-link qtranxs-available-language-link-tr\" title=\"Turkish\">Turkish<\/a>. For the sake of viewer convenience, the content is shown below in the alternative language. You may click the link to switch the active language.<\/p><p><\/p>\n<h1>\u00c7evreci Enerji Derne\u011fi Ba\u015fkan\u0131 Erman Kaya taraf\u0131ndan yap\u0131lan a\u00e7\u0131klamada, geli\u015fmi\u015f \u00fclkelerin yerel y\u00f6netimlerinin, yenilenebilir enerjiye, iklim de\u011fi\u015fikli\u011fi ile m\u00fccadeleye \u00f6nem verildi\u011fi ifade edilirken bu \u00fclkelerin g\u00fcne\u015f, r\u00fczgar, biyogaz, jeotermal gibi yenilenebilir enerji kaynaklar\u0131n\u0131 \u00e7evreyle uyumlu bir \u015fekilde geli\u015ftirip uygulad\u0131klar\u0131n\u0131 dile getiren Kaya, her co\u011frafyan\u0131n farkl\u0131 yenilenebilir enerji kayna\u011f\u0131na sahip oldu\u011funu s\u00f6yledi.<img loading=\"lazy\" class=\"alignright size-medium wp-image-89191\" src=\"https:\/\/www.enerjigazetesi.ist\/wp-content\/uploads\/2019\/03\/catisinda-gunes-panelleri-ile-elektrik-uretenlere-indirim-yapilsin-300x168.jpeg\" alt=\"\" width=\"300\" height=\"168\" srcset=\"https:\/\/www.enerjigazetesi.ist\/wp-content\/uploads\/2019\/03\/catisinda-gunes-panelleri-ile-elektrik-uretenlere-indirim-yapilsin-300x168.jpeg 300w, https:\/\/www.enerjigazetesi.ist\/wp-content\/uploads\/2019\/03\/catisinda-gunes-panelleri-ile-elektrik-uretenlere-indirim-yapilsin-500x281.jpeg 500w, https:\/\/www.enerjigazetesi.ist\/wp-content\/uploads\/2019\/03\/catisinda-gunes-panelleri-ile-elektrik-uretenlere-indirim-yapilsin-80x45.jpeg 80w, https:\/\/www.enerjigazetesi.ist\/wp-content\/uploads\/2019\/03\/catisinda-gunes-panelleri-ile-elektrik-uretenlere-indirim-yapilsin.jpeg 606w\" sizes=\"(max-width: 300px) 100vw, 300px\" \/><\/h1>\n<p>Avrupa Birli\u011fi \u00fclkeleriyle k\u0131yasland\u0131\u011f\u0131nda T\u00fcrkiye\u2019nin g\u00fcne\u015ften elektrik \u00fcretim \u0131\u015f\u0131n\u0131m de\u011ferinin iyi de\u011ferlere sahip oldu\u011funu belirten Kaya, \u015funlar\u0131 s\u00f6yledi:<\/p>\n<p>&#8220;\u00d6rne\u011fin, Almanya \u00fclkemizden daha kuzeyde yer alsa da toplam g\u00fcne\u015f enerji kurulu g\u00fcc\u00fc 50 bin mw&#8217;\u0131 ge\u00e7mi\u015ftir. 2018 y\u0131l\u0131n\u0131n ilk yedi ay\u0131nda 42 binin \u00fczerinde \u00e7at\u0131ya panel kurulmu\u015ftur. \u00dclkemizin neredeyse her b\u00f6lgesi g\u00fcne\u015f enerjisinden yararlanmaya uygun durumdad\u0131r. \u00c7at\u0131s\u0131na g\u00fcne\u015f panelleri koyarak elektrik \u00fcretenlere, belediyeye verilecek har\u00e7 veya \u00f6demelerde indirim uygulamas\u0131 veya yenilenebilir enerji yat\u0131r\u0131m\u0131 yapacaklara idari kolayl\u0131klar sa\u011flanabilir. \u00d6rne\u011fin, baz\u0131 belediyeler, belediyeye \u00f6denen t\u00fcm \u00fccretlerde y\u00fczde 25 indirim uygulayarak yenilenebilir enerji kullan\u0131m\u0131 te\u015fvik etmektedir.\u201d<\/p>\n<p>Kaya, belediye b\u00fcnyesinde \u201c\u0130klim De\u011fi\u015fikli\u011fi \u0130le M\u00fccadele\u201d birimleri kurup vatanda\u015flara enerji verimlili\u011fi, yenilenebilir enerji, at\u0131k de\u011ferlendirme gibi konular hakk\u0131nda bilgiler verilmesi gerekti\u011fini de s\u00f6yledi.<\/p>","protected":false},"excerpt":{"rendered":"<p>Sorry, this entry is only available in Turkish. For the sake of viewer convenience, the content is shown below in the alternative language. You may click the link to switch the active language. \u00c7evreci Enerji Derne\u011fi Ba\u015fkan\u0131 Erman Kaya taraf\u0131ndan yap\u0131lan a\u00e7\u0131klamada, geli\u015fmi\u015f \u00fclkelerin yerel y\u00f6netimlerinin, yenilenebilir enerjiye, iklim de\u011fi\u015fikli\u011fi ile m\u00fccadeleye \u00f6nem verildi\u011fi ifade [&hellip;]<\/p>\n","protected":false},"author":1,"featured_media":89191,"comment_status":"open","ping_status":"open","sticky":false,"template":"","format":"standard","meta":[],"categories":[51,53,49],"tags":[1192,2132,20624,640,3126,6947,31079,29150,47764,34979,19638,19,42030,67,1009,32967,227,23416,23133,108,34925,23131,679,41159,4531,58,69,26829,5844,358],"views":1033,"_links":{"self":[{"href":"https:\/\/www.enerjigazetesi.ist\/en\/wp-json\/wp\/v2\/posts\/89189"}],"collection":[{"href":"https:\/\/www.enerjigazetesi.ist\/en\/wp-json\/wp\/v2\/posts"}],"about":[{"href":"https:\/\/www.enerjigazetesi.ist\/en\/wp-json\/wp\/v2\/types\/post"}],"author":[{"embeddable":true,"href":"https:\/\/www.enerjigazetesi.ist\/en\/wp-json\/wp\/v2\/users\/1"}],"replies":[{"embeddable":true,"href":"https:\/\/www.enerjigazetesi.ist\/en\/wp-json\/wp\/v2\/comments?post=89189"}],"version-history":[{"count":0,"href":"https:\/\/www.enerjigazetesi.ist\/en\/wp-json\/wp\/v2\/posts\/89189\/revisions"}],"wp:featuredmedia":[{"embeddable":true,"href":"https:\/\/www.enerjigazetesi.ist\/en\/wp-json\/wp\/v2\/media\/89191"}],"wp:attachment":[{"href":"https:\/\/www.enerjigazetesi.ist\/en\/wp-json\/wp\/v2\/media?parent=89189"}],"wp:term":[{"taxonomy":"category","embeddable":true,"href":"https:\/\/www.enerjigazetesi.ist\/en\/wp-json\/wp\/v2\/categories?post=89189"},{"taxonomy":"post_tag","embeddable":true,"href":"https:\/\/www.enerjigazetesi.ist\/en\/wp-json\/wp\/v2\/tags?post=89189"}],"curies":[{"name":"wp","href":"https:\/\/api.w.org\/{rel}","templated":true}]}}