{"id":89162,"date":"2019-03-13T23:08:43","date_gmt":"2019-03-13T20:08:43","guid":{"rendered":"https:\/\/www.enerjigazetesi.ist\/?p=89162"},"modified":"2019-03-13T23:10:19","modified_gmt":"2019-03-13T20:10:19","slug":"cinden-komurden-cikis-programini-genisletme-karari","status":"publish","type":"post","link":"https:\/\/www.enerjigazetesi.ist\/en\/cinden-komurden-cikis-programini-genisletme-karari\/","title":{"rendered":"(Turkish) \u00c7in&#8217;den K\u00f6m\u00fcrden \u00c7\u0131k\u0131\u015f Program\u0131n\u0131 Geni\u015fletme Karar\u0131"},"content":{"rendered":"<p class=\"qtranxs-available-languages-message qtranxs-available-languages-message-en\">Sorry, this entry is only available in <a href=\"https:\/\/www.enerjigazetesi.ist\/tr\/wp-json\/wp\/v2\/posts\/89162\" class=\"qtranxs-available-language-link qtranxs-available-language-link-tr\" title=\"Turkish\">Turkish<\/a>. For the sake of viewer convenience, the content is shown below in the alternative language. You may click the link to switch the active language.<\/p><p><\/p>\n<h1>Hava kirlili\u011fine y\u00f6nelik m\u00fccadelesini s\u00fcrd\u00fcren d\u00fcnyan\u0131n 2&#8217;inci b\u00fcy\u00fck ekonomisi \u00c7in taraf\u0131ndan k\u00f6m\u00fcrden do\u011falgaza ve k\u00f6m\u00fcrden elektri\u011fe ge\u00e7i\u015f projelerini geni\u015fletiliyor. \u00c7in \u00c7evre Bakan\u0131 Li Ganjie yapt\u0131\u011f\u0131 a\u00e7\u0131klamada 2018&#8217;de k\u00f6m\u00fcrden <img loading=\"lazy\" class=\"alignleft size-medium wp-image-89164\" src=\"https:\/\/www.enerjigazetesi.ist\/wp-content\/uploads\/2019\/03\/cinden-komurden-cikis-programini-genisletme-karari-300x164.jpg\" alt=\"\" width=\"300\" height=\"164\" srcset=\"https:\/\/www.enerjigazetesi.ist\/wp-content\/uploads\/2019\/03\/cinden-komurden-cikis-programini-genisletme-karari-300x164.jpg 300w, https:\/\/www.enerjigazetesi.ist\/wp-content\/uploads\/2019\/03\/cinden-komurden-cikis-programini-genisletme-karari-500x273.jpg 500w, https:\/\/www.enerjigazetesi.ist\/wp-content\/uploads\/2019\/03\/cinden-komurden-cikis-programini-genisletme-karari-80x44.jpg 80w, https:\/\/www.enerjigazetesi.ist\/wp-content\/uploads\/2019\/03\/cinden-komurden-cikis-programini-genisletme-karari.jpg 650w\" sizes=\"(max-width: 300px) 100vw, 300px\" \/>do\u011falgaz ve elektrik projesine ge\u00e7i\u015fin bir \u00f6nceki y\u0131la g\u00f6re 12 kentten 35 kente \u00e7\u0131kar\u0131lm\u0131\u015f oldu\u011funu belirtti.<\/h1>\n<p>Bas\u0131na a\u00e7\u0131klamalar yapan Li, ge\u00e7ti\u011fimiz y\u0131l 4,8 milyon hanenin k\u00f6m\u00fcrden do\u011falgaza ve elektri\u011fe ge\u00e7ti\u011fini belirtirken 2017 y\u0131l\u0131nda 4 milyon hanenin ge\u00e7i\u015f yapt\u0131\u011f\u0131n\u0131 a\u00e7\u0131klad\u0131. Li ayr\u0131ca, program \u00e7er\u00e7evesinde k\u00f6m\u00fcr yak\u0131tl\u0131 elektrik \u00fcretim kapasitesinin % 80&#8217;inden fazlas\u0131na ultra d\u00fc\u015f\u00fck emisyon teknolojisi kuruldu\u011funu da dile getirdi.<\/p>\n<p>\u00c7in, 6 senedir \u0131s\u0131nmada k\u00f6m\u00fcr yerine daha temiz bir enerji kayna\u011f\u0131 olarak tercih edilen do\u011falgaz ve elektri\u011fe ge\u00e7i\u015f program\u0131n\u0131 uygulamaktad\u0131r. \u00c7in, k\u0131\u015f aylar\u0131nda \u0131s\u0131nmaya y\u00f6nelik ortalama 400 milyon ton k\u00f6m\u00fcr kullan\u0131m\u0131 ger\u00e7ekle\u015ftirmektedir.<\/p>","protected":false},"excerpt":{"rendered":"<p>Sorry, this entry is only available in Turkish. For the sake of viewer convenience, the content is shown below in the alternative language. You may click the link to switch the active language. Hava kirlili\u011fine y\u00f6nelik m\u00fccadelesini s\u00fcrd\u00fcren d\u00fcnyan\u0131n 2&#8217;inci b\u00fcy\u00fck ekonomisi \u00c7in taraf\u0131ndan k\u00f6m\u00fcrden do\u011falgaza ve k\u00f6m\u00fcrden elektri\u011fe ge\u00e7i\u015f projelerini geni\u015fletiliyor. \u00c7in \u00c7evre Bakan\u0131 [&hellip;]<\/p>\n","protected":false},"author":1,"featured_media":89164,"comment_status":"open","ping_status":"open","sticky":false,"template":"","format":"standard","meta":[],"categories":[46,51,53,24649],"tags":[886,1128,19761,23219,19638,26353,19,67,1009,26559,47756,47755,793],"views":728,"_links":{"self":[{"href":"https:\/\/www.enerjigazetesi.ist\/en\/wp-json\/wp\/v2\/posts\/89162"}],"collection":[{"href":"https:\/\/www.enerjigazetesi.ist\/en\/wp-json\/wp\/v2\/posts"}],"about":[{"href":"https:\/\/www.enerjigazetesi.ist\/en\/wp-json\/wp\/v2\/types\/post"}],"author":[{"embeddable":true,"href":"https:\/\/www.enerjigazetesi.ist\/en\/wp-json\/wp\/v2\/users\/1"}],"replies":[{"embeddable":true,"href":"https:\/\/www.enerjigazetesi.ist\/en\/wp-json\/wp\/v2\/comments?post=89162"}],"version-history":[{"count":0,"href":"https:\/\/www.enerjigazetesi.ist\/en\/wp-json\/wp\/v2\/posts\/89162\/revisions"}],"wp:featuredmedia":[{"embeddable":true,"href":"https:\/\/www.enerjigazetesi.ist\/en\/wp-json\/wp\/v2\/media\/89164"}],"wp:attachment":[{"href":"https:\/\/www.enerjigazetesi.ist\/en\/wp-json\/wp\/v2\/media?parent=89162"}],"wp:term":[{"taxonomy":"category","embeddable":true,"href":"https:\/\/www.enerjigazetesi.ist\/en\/wp-json\/wp\/v2\/categories?post=89162"},{"taxonomy":"post_tag","embeddable":true,"href":"https:\/\/www.enerjigazetesi.ist\/en\/wp-json\/wp\/v2\/tags?post=89162"}],"curies":[{"name":"wp","href":"https:\/\/api.w.org\/{rel}","templated":true}]}}