{"id":8914,"date":"2013-03-28T10:57:11","date_gmt":"2013-03-28T07:57:11","guid":{"rendered":"https:\/\/www.enerjigazetesi.ist\/?p=8914"},"modified":"2013-03-28T11:01:56","modified_gmt":"2013-03-28T08:01:56","slug":"kadinlar-enerji-verimliligini-konusacak","status":"publish","type":"post","link":"https:\/\/www.enerjigazetesi.ist\/en\/kadinlar-enerji-verimliligini-konusacak\/","title":{"rendered":"(Turkish) Kad\u0131nlar, Kocaeli&#8217;nde Enerji Verimlili\u011fini Konu\u015facak"},"content":{"rendered":"<p class=\"qtranxs-available-languages-message qtranxs-available-languages-message-en\">Sorry, this entry is only available in <a href=\"https:\/\/www.enerjigazetesi.ist\/tr\/wp-json\/wp\/v2\/posts\/8914\" class=\"qtranxs-available-language-link qtranxs-available-language-link-tr\" title=\"Turkish\">Turkish<\/a>. For the sake of viewer convenience, the content is shown below in the alternative language. You may click the link to switch the active language.<\/p><p><strong>AKP \u0130l Kad\u0131n Kollar\u0131 Ba\u015fkan\u0131 Oya Tun\u00e7el il binas\u0131nda bas\u0131n toplant\u0131s\u0131 d\u00fczenlendi. Bas\u0131n toplant\u0131s\u0131nda y\u00f6netim kurulu \u00fcyeleri de haz\u0131r bulundu. Ba\u015fkan Tun\u00e7el \u201cEnerji Verimlili\u011fi Derne\u011fi`nin ba\u015flatt\u0131\u011f\u0131 Enerji ve Tabii Kaynaklar Bakanl\u0131\u011f\u0131 ile Aile ve Sosyal Politikalar Bakanl\u0131\u011f\u0131`n\u0131n projelendirdi\u011fi \u2018Enerji Han\u0131m`, Emine Erdo\u011fan taraf\u0131ndan bizzat desteklenen bir projedir\u201d dedi.<\/strong><\/p>\n<div><strong>EVDEK\u0130 ENERJ\u0130 VER\u0130ML\u0130L\u0130\u011e\u0130 <\/strong><\/div>\n<div>Tun\u00e7el \u201cAKP Genel Merkezi`miz ve Kocaeli kad\u0131n kollar\u0131 olarak projeye destek vererek program\u0131n kusursuz olmas\u0131 i\u00e7in var g\u00fcc\u00fcm\u00fczle \u00e7al\u0131\u015f\u0131yoruz. Bu konuda kad\u0131nlar\u0131m\u0131z\u0131 bilin\u00e7l<a href=\"https:\/\/www.enerjigazetesi.ist\/wp-content\/uploads\/2013\/03\/kadinlar-enerji-verimliligini-konusacak.jpg\"><img loading=\"lazy\" class=\"alignleft size-full wp-image-8915\" title=\"kadinlar-enerji-verimliligini-konusacak\" src=\"https:\/\/www.enerjigazetesi.ist\/wp-content\/uploads\/2013\/03\/kadinlar-enerji-verimliligini-konusacak.jpg\" alt=\"\" width=\"285\" height=\"185\" srcset=\"https:\/\/www.enerjigazetesi.ist\/wp-content\/uploads\/2013\/03\/kadinlar-enerji-verimliligini-konusacak.jpg 285w, https:\/\/www.enerjigazetesi.ist\/wp-content\/uploads\/2013\/03\/kadinlar-enerji-verimliligini-konusacak-77x50.jpg 77w\" sizes=\"(max-width: 285px) 100vw, 285px\" \/><\/a>endirmek i\u00e7in programlar yapma \u00e7abas\u0131nday\u0131z. Cuma g\u00fcn\u00fc saat 14.00`te b\u00fcy\u00fck ihtimalle genel ba\u015fkan\u0131m\u0131z G\u00fcldal Ak\u015fit, Enerji ve Tabii Kaynaklar Bakan\u0131m\u0131z Taner Y\u0131ld\u0131z`\u0131n kat\u0131l\u0131m\u0131yla \u201cEvdeki Enerji Tasarrufu ve Enerji Verimlili\u011fi\u201d program\u0131n\u0131 yapaca\u011f\u0131z\u201d dedi.<\/div>\n<div><strong>\u00c7EK\u0130L\u0130\u015e DE YAPILACAK <\/strong><\/div>\n<div>Tun\u00e7el \u00e7ekili\u015f yap\u0131laca\u011f\u0131n\u0131 da s\u00f6yleyerek \u201cHemen bu program\u0131m\u0131z\u0131n ard\u0131ndan da genel merkez kad\u0131n kollar\u0131m\u0131z\u0131n organize etti\u011fi \u2018Kad\u0131n Sa\u011fl\u0131\u011f\u0131` konulu konferans\u0131m\u0131z\u0131 da ger\u00e7ekle\u015ftirece\u011fiz. Sabanc\u0131 K\u00fclt\u00fcr Merkezi`nde ger\u00e7ekle\u015ftirilecek olan programlar\u0131m\u0131zda sponsor firmalar\u0131n da deste\u011fi ile kat\u0131lanlar aras\u0131nda \u00e7ekili\u015f yap\u0131lacak. \u00c7ekili\u015fte 50 ki\u015fiye beyaz e\u015fya da dahil olmak \u00fczere s\u00fcrpriz hediyeler verilecek\u201d diye konu\u015ftu.<\/div>\n<div><strong>B\u0130R D\u0130Z\u0130 Z\u0130YARET <\/strong><\/div>\n<div>Tun\u00e7el ayn\u0131 zamanda yapt\u0131klar\u0131 \u00e7al\u0131\u015fmalardan da bahsederek \u201c\u2018Bir Yast\u0131kta 41 Y\u0131l` diyerek 553 ailenin kap\u0131s\u0131n\u0131 \u00e7ald\u0131k. G\u00fcle oynaya gittiler, \u2018hay\u0131rl\u0131s\u0131 ile d\u00f6ns\u00fcnler` diyerek 634 asker ailesine gittik. Mevlid kandili nedeniyle mahallelerde bulunan 745 ya\u015fl\u0131 ve hasta ziyareti yapt\u0131k. Ya\u015fl\u0131lar haftas\u0131nda 51 ya\u015fl\u0131y\u0131 ziyaret ettik. Yine \u2018Hem anne hem baba oldun bana, eli \u00f6p\u00fclesi ana` program\u0131m\u0131z da ba\u015flad\u0131 ve Anneler G\u00fcn\u00fc`nde son bulacak\u201d dedi.<\/div>\n<div><\/div>\n<div>Kaynak: <a href=\"http:\/\/www.bizimkocaeli.com\/Siyaset\/76873-kadinlar-enerji-verimliligini-konusacak.html\" target=\"_blank\">Bizim Kocaeli<\/a><\/div>\n<p><\/p>","protected":false},"excerpt":{"rendered":"<p>Sorry, this entry is only available in Turkish. For the sake of viewer convenience, the content is shown below in the alternative language. You may click the link to switch the active language.AKP \u0130l Kad\u0131n Kollar\u0131 Ba\u015fkan\u0131 Oya Tun\u00e7el il binas\u0131nda bas\u0131n toplant\u0131s\u0131 d\u00fczenlendi. Bas\u0131n toplant\u0131s\u0131nda y\u00f6netim kurulu \u00fcyeleri de haz\u0131r bulundu. Ba\u015fkan Tun\u00e7el \u201cEnerji [&hellip;]<\/p>\n","protected":false},"author":1,"featured_media":8915,"comment_status":"open","ping_status":"open","sticky":false,"template":"","format":"standard","meta":[],"categories":[53,52],"tags":[3965,67,1530,12,3964,1254,3966,3963],"views":551,"_links":{"self":[{"href":"https:\/\/www.enerjigazetesi.ist\/en\/wp-json\/wp\/v2\/posts\/8914"}],"collection":[{"href":"https:\/\/www.enerjigazetesi.ist\/en\/wp-json\/wp\/v2\/posts"}],"about":[{"href":"https:\/\/www.enerjigazetesi.ist\/en\/wp-json\/wp\/v2\/types\/post"}],"author":[{"embeddable":true,"href":"https:\/\/www.enerjigazetesi.ist\/en\/wp-json\/wp\/v2\/users\/1"}],"replies":[{"embeddable":true,"href":"https:\/\/www.enerjigazetesi.ist\/en\/wp-json\/wp\/v2\/comments?post=8914"}],"version-history":[{"count":5,"href":"https:\/\/www.enerjigazetesi.ist\/en\/wp-json\/wp\/v2\/posts\/8914\/revisions"}],"predecessor-version":[{"id":8920,"href":"https:\/\/www.enerjigazetesi.ist\/en\/wp-json\/wp\/v2\/posts\/8914\/revisions\/8920"}],"wp:featuredmedia":[{"embeddable":true,"href":"https:\/\/www.enerjigazetesi.ist\/en\/wp-json\/wp\/v2\/media\/8915"}],"wp:attachment":[{"href":"https:\/\/www.enerjigazetesi.ist\/en\/wp-json\/wp\/v2\/media?parent=8914"}],"wp:term":[{"taxonomy":"category","embeddable":true,"href":"https:\/\/www.enerjigazetesi.ist\/en\/wp-json\/wp\/v2\/categories?post=8914"},{"taxonomy":"post_tag","embeddable":true,"href":"https:\/\/www.enerjigazetesi.ist\/en\/wp-json\/wp\/v2\/tags?post=8914"}],"curies":[{"name":"wp","href":"https:\/\/api.w.org\/{rel}","templated":true}]}}