{"id":89058,"date":"2019-03-12T09:53:16","date_gmt":"2019-03-12T06:53:16","guid":{"rendered":"https:\/\/www.enerjigazetesi.ist\/?p=89058"},"modified":"2019-03-12T09:55:22","modified_gmt":"2019-03-12T06:55:22","slug":"mimsan-grup-ozbekistanla-birlikte-6-orta-asya-ulkesine-de-hizmet-verecek","status":"publish","type":"post","link":"https:\/\/www.enerjigazetesi.ist\/en\/mimsan-grup-ozbekistanla-birlikte-6-orta-asya-ulkesine-de-hizmet-verecek\/","title":{"rendered":"(Turkish) Mimsan Grup \u00d6zbekistan&#8217;la Birlikte 6 Orta Asya \u00dclkesine de Hizmet Verecek"},"content":{"rendered":"<p class=\"qtranxs-available-languages-message qtranxs-available-languages-message-en\">Sorry, this entry is only available in <a href=\"https:\/\/www.enerjigazetesi.ist\/tr\/wp-json\/wp\/v2\/posts\/89058\" class=\"qtranxs-available-language-link qtranxs-available-language-link-tr\" title=\"Turkish\">Turkish<\/a>. For the sake of viewer convenience, the content is shown below in the alternative language. You may click the link to switch the active language.<\/p><p><\/p>\n<h1>Mimsan Grup taraf\u0131ndan \u00d6zbekistan devletiyle, bu \u00fclkedeki \u015fehir \u0131s\u0131tma altyap\u0131s\u0131n\u0131 yenilenmesi i\u00e7in yat\u0131r\u0131m ve i\u015fbirli\u011fi anla\u015fmas\u0131 imzaland\u0131. Mimsan, bu ama\u00e7la kullanaca\u011f\u0131 ekipman\u0131 Ta\u015fkent\u2019te kuraca\u011f\u0131 fabrikada kendi teknolojisiyle \u00fcretecek. \u015eirket, \u00d6zbekistan \u00fczerinden di\u011fer 6 Orta Asya \u00fclkesine de hizmet sunacak.<\/h1>\n<p><strong>\u00a0<\/strong>Afyonkarahisar\u2019dan Malatya\u2019ya, \u00c7orum\u2019dan Adana\u2019ya, T\u00fcrkiye\u2019nin d\u00f6rt bir yan\u0131nda kurdu\u011fu biyok\u00fctle enerji santralleriyle at\u0131ktan enerji elde edilmesini sa\u011flayan Mimsan Grup, yurt d\u0131\u015f\u0131 ata\u011f\u0131na kalkt\u0131. Mimsan Grup, Orta Asya \u00fclkelerinde faaliyet g\u00f6stermek \u00fczere, b\u00f6lgenin merkezi bir konuma sahip \u00fclkesi \u00d6zbekistan\u2019da Mimsan Central Asia adl\u0131 bir \u015firket kurdu. Faaliyete ba\u015flayan \u015firket bayi ve teknik servis te\u015fkilat\u0131 olu\u015fturma \u00e7al\u0131\u015fmalar\u0131n\u0131 s\u00fcrd\u00fcr\u00fcyor. Mimsan Central Asia, kurulu\u015funun hemen ard\u0131ndan \u00d6zbekistan\u2019da bir fabrika yat\u0131r\u0131m\u0131 yapmaya karar verdi. \u00d6zbekistan\u2019\u0131n ba\u015fkenti Ta\u015fkent\u2019te 40 bin metrekare alanda kurulacak tesiste 400 ki\u015fi istihdam edilmesi planlan\u0131yor.<\/p>\n<p><strong>TEKNOLOJ\u0130 VE YATIRIM \u0130\u015eB\u0130RL\u0130\u011e\u0130 ANLA\u015eMASI \u0130MZALANDI<\/strong><\/p>\n<p><img loading=\"lazy\" class=\"size-medium wp-image-89060 alignright\" src=\"https:\/\/www.enerjigazetesi.ist\/wp-content\/uploads\/2019\/03\/mimsan-grup-ozbekistanla-birlikte-6-orta-asya-ulkesine-de-hizmet-verecek-300x200.jpg\" alt=\"\" width=\"300\" height=\"200\" srcset=\"https:\/\/www.enerjigazetesi.ist\/wp-content\/uploads\/2019\/03\/mimsan-grup-ozbekistanla-birlikte-6-orta-asya-ulkesine-de-hizmet-verecek-300x200.jpg 300w, https:\/\/www.enerjigazetesi.ist\/wp-content\/uploads\/2019\/03\/mimsan-grup-ozbekistanla-birlikte-6-orta-asya-ulkesine-de-hizmet-verecek-500x333.jpg 500w, https:\/\/www.enerjigazetesi.ist\/wp-content\/uploads\/2019\/03\/mimsan-grup-ozbekistanla-birlikte-6-orta-asya-ulkesine-de-hizmet-verecek-75x50.jpg 75w, https:\/\/www.enerjigazetesi.ist\/wp-content\/uploads\/2019\/03\/mimsan-grup-ozbekistanla-birlikte-6-orta-asya-ulkesine-de-hizmet-verecek-450x300.jpg 450w, https:\/\/www.enerjigazetesi.ist\/wp-content\/uploads\/2019\/03\/mimsan-grup-ozbekistanla-birlikte-6-orta-asya-ulkesine-de-hizmet-verecek.jpg 732w\" sizes=\"(max-width: 300px) 100vw, 300px\" \/>\u00d6zbekistan y\u00f6netiminin daveti \u00fczerine bu \u00fclkeye gelme karar\u0131 alan Mimsan Grup\u2019un ger\u00e7ekle\u015ftirece\u011fi yat\u0131r\u0131m\u0131n \u00e7er\u00e7eve anla\u015fmas\u0131 da Ta\u015fkent\u2019te d\u00fczenlenen bir t\u00f6renle, \u00d6zbekistan \u015eehircilik Bakanl\u0131\u011f\u0131, \u0130n\u015faat Bina Hizmetlerinden Sorumlu Bakan Yard\u0131mc\u0131s\u0131 Camalov \u011eofir Ar\u0131bcanovi\u00e7 ile Mimsan Grup CEO\u2019su Hac\u0131 Ahmet \u0130lhan taraf\u0131ndan imzaland\u0131.<\/p>\n<p><strong>\u00d6ZBEK\u0130STAN H\u00dcK\u00dcMET\u0130 \u0130\u015e B\u0130RL\u0130\u011e\u0130N\u0130 DESTEKL\u0130YOR <\/strong><\/p>\n<p>Mimsan Grup s\u00f6z konusu anla\u015fma kapsam\u0131nda, \u0131s\u0131 cihazlar\u0131 ve termik enerji ekipmanlar\u0131 konusunda \u00d6zbekistan\u2019a teknoloji transferi, yat\u0131r\u0131m ve \u00fcretim konular\u0131nda sorumluluk \u00fcstlendi. \u00d6zbekistan \u015eehircilik Bakanl\u0131\u011f\u0131 da, Mimsan Central Asia\u2019ya \u00fclkedeki yat\u0131r\u0131m\u0131 i\u00e7in, gerekli devlet desteklerinin sa\u011flanmas\u0131 taahh\u00fcd\u00fcnde bulundu. Anla\u015fma ile, ba\u015fkent Ta\u015fkent ba\u015fta olmak \u00fczere, \u00d6zbekistan\u2019daki \u015fehirlerin \u0131s\u0131tma altyap\u0131s\u0131n\u0131n Mimsan Central Asia taraf\u0131ndan yenilenmesinin \u00f6n\u00fc a\u00e7\u0131lm\u0131\u015f bulunuyor.<\/p>\n<p><strong>\u0130LHAN: TEKNOLOJ\u0130 VE YATIRIM GET\u0130R\u0130YORUZ<\/strong><\/p>\n<p>Mimsan Grup CEO\u2019su Hac\u0131 Ahmet \u0130lhan, t\u00f6rende yapt\u0131\u011f\u0131 konu\u015fmada \u00d6zbekler ve T\u00fcrkler\u2019in ayn\u0131 tarih ve k\u00fclt\u00fcrden geldiklerini vurgulayarak, iki \u00fclke aras\u0131ndaki ekonomik ili\u015fkilerin de, g\u00fc\u00e7l\u00fc tarihi ve k\u00fclt\u00fcrel ili\u015fkileri yans\u0131tacak bir canl\u0131l\u0131k i\u00e7ine girdi\u011fini belirtti. \u0130lhan, \u201cBiz buraya malzeme sat\u0131p, sadece para al\u0131p gitmeye gelmedik. \u00a0Biz bu \u00fclkeye ve y\u00f6netimine g\u00fcvendik. Bu \u00fclkeye teknoloji getirmeye, insan\u0131na ve topra\u011f\u0131na yat\u0131r\u0131m yapmaya geldik\u201d dedi.<\/p>\n<p><strong>\u00d6ZBEK\u0130STAN \u00dcZER\u0130NDEN T\u00dcM B\u00d6LGE \u00dcLKELER\u0130NE H\u0130ZMET<\/strong><\/p>\n<p>Hac\u0131 Ahmet \u0130lhan, Mimsan Grup olarak \u00d6zbekistan\u2019da kuracaklar\u0131 altyap\u0131yla, bu \u00fclkenin yan\u0131 s\u0131ra Azerbaycan, Kazakistan, T\u00fcrkmenistan, K\u0131rg\u0131zistan, Tacikistan ve Afganistan\u2019a da hizmet vereceklerini vurgulad\u0131. \u0130lhan, kendilerine g\u00f6sterilen ilgi nedeniyle \u00d6zbekistan \u015eehircilik Bakanl\u0131\u011f\u0131 ile t\u00fcm devlet yetkililerine te\u015fekk\u00fcr etti.<\/p>\n<p><strong>\u00d6ZBEK\u0130STAN\u2019IN ENERJ\u0130 KAYNAKLARINI \u00c7E\u015e\u0130TLEND\u0130RECEK<\/strong><\/p>\n<p>Mimsan, \u00d6zbekistan\u2019da \u015fehir \u0131s\u0131tma altyap\u0131lar\u0131n\u0131n yenilenmesinin yan\u0131 s\u0131ra enerji kaynaklar\u0131n\u0131n \u00e7e\u015fitlendirilmesi konusunda aktif sorumluluk \u00fcstlenecek. Bu kapsamda \u015fehir \u00e7\u00f6p\u00fcnden enerji elde edilmesi konusunda geli\u015ftirdi\u011fi teknolojiyi \u00d6zbekistan\u2019a ta\u015f\u0131yacak. Mimsan Grup CEO\u2019su Hac\u0131 Ahmet \u0130lhan, Malatya\u2019da kurduklar\u0131 ve \u015fehir \u00e7\u00f6p\u00fcnden enerji elde eden tesisin, d\u00fcnyada 5 ayr\u0131 teknolojiyi ayn\u0131 anda kullanan ilk biyok\u00fctle tesisi oldu\u011funu belirterek, bu teknolojiyi \u00d6zbekistan halk\u0131n\u0131n da hizmetine sunacaklar\u0131n\u0131 belirtti.<\/p>\n<p>Ahmet ilhan; \u201c\u00d6zbekistan\u2019\u0131n Zengin k\u00f6m\u00fcr yataklar\u0131n\u0131 \u00e7evreci teknolojileri ile enerjiye d\u00f6n\u00fc\u015ft\u00fcrme potansiyellerinden de bahsetti.<\/p>\n<p>\u00d6zbekistan\u2019da Alman, Rus, \u00c7inli ve Koreli \u015firketlerden olu\u015fan g\u00fc\u00e7l\u00fc rakipleri oldu\u011funu ifade eden \u0130lhan, \u201cKendimize g\u00fcveniyoruz. Teknolojik \u00fcst\u00fcnl\u00fcklerimizi ispatlamaya kararl\u0131y\u0131z\u201d diye konu\u015ftu.<\/p>\n<p><strong>Y\u00dcZDE 50 ENERJ\u0130 VER\u0130ML\u0130L\u0130\u011e\u0130 \u0130MKANI<\/strong><\/p>\n<p>Mimsan Grup\u2019un geli\u015ftirdi\u011fi \u0131s\u0131 ve enerji teknolojilerinin, \u00d6zbekistan\u2019a enerji verimlili\u011fi konusunda da b\u00fcy\u00fck katk\u0131lar sa\u011flamas\u0131 bekleniyor. Hac\u0131 Ahmet \u0130lhan, Mimsan\u2019\u0131n geli\u015ftirdi\u011fi verimlilik teknolojilerinin \u00d6zbekistan\u2019da enerji maliyetlerini y\u00fczde 50 azaltmas\u0131n\u0131 m\u00fcmk\u00fcn g\u00f6rd\u00fcklerini belirtti. \u00a0Mimsan\u2019\u0131n sa\u011flayaca\u011f\u0131 katk\u0131n\u0131n, \u00d6zbekistan\u2019\u0131n do\u011falgaz ihracat kapasitesini de art\u0131rmas\u0131 bekleniyor.<\/p>\n<p><strong>\u201cG\u00dcZEL \u00d6ZBEK\u0130STAN G\u00dcZEL KALMALI\u201d<\/strong><\/p>\n<p>Mimsan, \u00e7evre konusunda da \u00d6zbekistan\u2019a \u00f6nemli bir art\u0131 de\u011fer ise sa\u011flayacak. \u00d6zbekistan\u2019daki enerji sistemleri, Mimsan\u2019\u0131n geli\u015ftirdi\u011fi filtre sistemlerini kullanarak \u00e7evresel at\u0131klar\u0131n\u0131 minimuma indirecek. Mimsan Grup CEO\u2019su Ahmet \u0130lhan \u201cGeli\u015ftirdi\u011fimiz elektrostatik baca filtreleri ile gaz ar\u0131tma sistemleri, kat\u0131 at\u0131k bertaraf ve enerji \u00fcretim teknolojimiz ile g\u00fczel \u00d6zbekistan\u2019\u0131n g\u00fczel kalmas\u0131na destek sa\u011flayaca\u011f\u0131z.\u201d<\/p>\n<p><strong>\u00d6ZBEK\u0130STAN: ORTA ASYA\u2019NIN PARLAYAN YILDIZI<\/strong><\/p>\n<p>\u00d6zbekistan son y\u0131llarda ula\u015ft\u0131\u011f\u0131 y\u00fcksek b\u00fcy\u00fcme oranlar\u0131yla dikkat \u00e7ekiyor. \u00d6zbekistan 2018\u2019in ilk 9 ay\u0131nda y\u00fczde 5.2 b\u00fcy\u00fcd\u00fc. 2006-2018 aras\u0131nda ise y\u00fczde 7.72 b\u00fcy\u00fcme oran\u0131 yakaland\u0131.<\/p>\n<p>\u00d6zbekistan\u2019la T\u00fcrkiye aras\u0131nda geli\u015fen siyasi ili\u015fkilere ko\u015fut olarak ekonomik ili\u015fkilerde de bahar ya\u015fan\u0131yor. <em>\u00d6zbekistan<\/em> D\u0131\u015f <em>Ticaret<\/em> Bakanl\u0131\u011f\u0131, 2018&#8217;in ilk yar\u0131s\u0131nda <em>\u00d6zbekistan<\/em> ve <em>T\u00fcrkiye<\/em> aras\u0131ndaki <em>ticaret hacminin<\/em> y\u00fczde 32,4 artt\u0131\u011f\u0131n\u0131 a\u00e7\u0131klad\u0131.<\/p>\n<p><strong>YILLIK 300 M\u0130LYON DOLARLIK FIRSAT<\/strong><\/p>\n<p>\u00d6zbekistan\u2019da y\u0131ll\u0131k 300 milyon dolarl\u0131k \u0131s\u0131 cihazlar\u0131 ve enerji ekipmanlar\u0131 pazar\/i\u015f f\u0131rsat\u0131 bulundu\u011fu tahmin ediliyor. Devlet, \u0131s\u0131tma ihtiyac\u0131n\u0131 bir kamu hizmeti olarak sa\u011fl\u0131yor. Pazarda Rus, Alman, Kore, \u00c7in ve T\u00fcrk firmalar\u0131 faaliyet g\u00f6steriyor. \u00d6zbekistan\u2019da in\u015faat sekt\u00f6r\u00fc de h\u0131zl\u0131 geli\u015fiyor. Mevcut konut sekt\u00f6r\u00fcn\u00fcn y\u00fczde 80\u2019i sosyal konut stat\u00fcs\u00fcnde bulunuyor.<\/p>\n<p><strong>\u201cM\u0130MSAN\u2019I MALATYA\u2019DA Z\u0130YARET ETT\u0130K, TEKNOLOJ\u0130 HEYECAN VER\u0130C\u0130\u201d<\/strong><\/p>\n<p>\u00d6zbekistan \u015eehircilik Bakanl\u0131\u011f\u0131, Konut, Is\u0131tma, Enerji, Su ve Kanalizasyon i\u015flerinden sorumlu Bakan Yard\u0131mc\u0131s\u0131 Camalov \u011eofir Ar\u0131bcanovi\u00e7, imza t\u00f6reninde yapt\u0131\u011f\u0131 konu\u015fmada Mimsan\u2019\u0131n Malatya\u2019daki \u00fcretim tesislerini ziyaret ettiklerini ve g\u00f6rd\u00fckleri kar\u015f\u0131s\u0131nda heyecanland\u0131klar\u0131n\u0131 belirterek, \u201cMimsan\u2019\u0131n teknoloji kapasitesi bizi tatmin etti, yapt\u0131\u011f\u0131m\u0131z i\u015fbirli\u011fi bizim i\u00e7in heyecan verici\u201d dedi.<\/p>\n<p><strong>\u201cT\u00dcRK\u0130YE CUMHUR\u0130YET\u0130 OLARAK DESTEKL\u0130YORUZ\u201d <\/strong><\/p>\n<p>T\u00fcrkiye Cumhuriyeti \u00d6zbekistan B\u00fcy\u00fckel\u00e7ili\u011fi Ticaret M\u00fc\u015faviri Abdullah Yavuz T\u00fcrker de imza t\u00f6reninde yapt\u0131\u011f\u0131 konu\u015fmada iki \u00fclke aras\u0131nda b\u00fcy\u00fck bir i\u015fbirli\u011fi potansiyeli bulundu\u011funu vurgulad\u0131. Ticaret M\u00fc\u015faviri Yavuz T\u00fcrker, Mimsan\u2019\u0131n T\u00fcrkiye\u2019nin k\u00f6kl\u00fc bir firmas\u0131 oldu\u011funu belirterek, i\u015fbirli\u011finin T\u00fcrkiye Cumhuriyeti taraf\u0131ndan desteklendi\u011finin alt\u0131n\u0131 \u00e7izdi.<\/p>\n<p><strong>S\u00d6ZLE\u015eME \u0130MZA T\u00d6REN\u0130NE YO\u011eUN \u0130LG\u0130 <\/strong><\/p>\n<p>M\u00dcS\u0130AD \u00d6zbekistan Temsilcisi Alparslan U\u00e7ar da imza t\u00f6reninde bir konu\u015fma yaparak, Mimsan\u2019\u0131n do\u011frudan yat\u0131r\u0131m\u0131n\u0131n iki \u00fclke aras\u0131ndaki ekonomik ili\u015fkileri g\u00fc\u00e7lendirece\u011fini belirtti.<\/p>\n<p>Ta\u015fkent Wyndham Hotel\u2019de ger\u00e7ekle\u015fen imza t\u00f6renine, \u00d6zbekistan kamu b\u00fcrokrasisi, i\u015f d\u00fcnyas\u0131, T\u00fcrk- \u00d6zbek ticaret odas\u0131 ba\u015fkan\u0131 ile \u00fcyeleri ve T\u00fcrk yat\u0131r\u0131mc\u0131lardan olu\u015fan yakla\u015f\u0131k 200 ki\u015filik geni\u015f bir davetli toplulu\u011fu kat\u0131ld\u0131.<\/p>","protected":false},"excerpt":{"rendered":"<p>Sorry, this entry is only available in Turkish. For the sake of viewer convenience, the content is shown below in the alternative language. You may click the link to switch the active language. Mimsan Grup taraf\u0131ndan \u00d6zbekistan devletiyle, bu \u00fclkedeki \u015fehir \u0131s\u0131tma altyap\u0131s\u0131n\u0131 yenilenmesi i\u00e7in yat\u0131r\u0131m ve i\u015fbirli\u011fi anla\u015fmas\u0131 imzaland\u0131. Mimsan, bu ama\u00e7la kullanaca\u011f\u0131 ekipman\u0131 [&hellip;]<\/p>\n","protected":false},"author":1,"featured_media":89060,"comment_status":"open","ping_status":"open","sticky":false,"template":"","format":"standard","meta":[],"categories":[51,53],"tags":[47657,38863,47655,34799,10997,47656,47653,47652,47651,47654],"views":695,"_links":{"self":[{"href":"https:\/\/www.enerjigazetesi.ist\/en\/wp-json\/wp\/v2\/posts\/89058"}],"collection":[{"href":"https:\/\/www.enerjigazetesi.ist\/en\/wp-json\/wp\/v2\/posts"}],"about":[{"href":"https:\/\/www.enerjigazetesi.ist\/en\/wp-json\/wp\/v2\/types\/post"}],"author":[{"embeddable":true,"href":"https:\/\/www.enerjigazetesi.ist\/en\/wp-json\/wp\/v2\/users\/1"}],"replies":[{"embeddable":true,"href":"https:\/\/www.enerjigazetesi.ist\/en\/wp-json\/wp\/v2\/comments?post=89058"}],"version-history":[{"count":0,"href":"https:\/\/www.enerjigazetesi.ist\/en\/wp-json\/wp\/v2\/posts\/89058\/revisions"}],"wp:featuredmedia":[{"embeddable":true,"href":"https:\/\/www.enerjigazetesi.ist\/en\/wp-json\/wp\/v2\/media\/89060"}],"wp:attachment":[{"href":"https:\/\/www.enerjigazetesi.ist\/en\/wp-json\/wp\/v2\/media?parent=89058"}],"wp:term":[{"taxonomy":"category","embeddable":true,"href":"https:\/\/www.enerjigazetesi.ist\/en\/wp-json\/wp\/v2\/categories?post=89058"},{"taxonomy":"post_tag","embeddable":true,"href":"https:\/\/www.enerjigazetesi.ist\/en\/wp-json\/wp\/v2\/tags?post=89058"}],"curies":[{"name":"wp","href":"https:\/\/api.w.org\/{rel}","templated":true}]}}