{"id":88914,"date":"2019-03-10T15:06:04","date_gmt":"2019-03-10T12:06:04","guid":{"rendered":"https:\/\/www.enerjigazetesi.ist\/?p=88914"},"modified":"2019-03-10T15:07:12","modified_gmt":"2019-03-10T12:07:12","slug":"celal-bayar-universitesi-gunes-santralinde-1-yillik-hedefi-11-ayda-yakaladi","status":"publish","type":"post","link":"https:\/\/www.enerjigazetesi.ist\/en\/celal-bayar-universitesi-gunes-santralinde-1-yillik-hedefi-11-ayda-yakaladi\/","title":{"rendered":"(Turkish) Celal Bayar \u00dcniversitesi, G\u00fcne\u015f Santralinde 1 Y\u0131ll\u0131k Hedefi 11 Ayda Yakalad\u0131!"},"content":{"rendered":"<p class=\"qtranxs-available-languages-message qtranxs-available-languages-message-en\">Sorry, this entry is only available in <a href=\"https:\/\/www.enerjigazetesi.ist\/tr\/wp-json\/wp\/v2\/posts\/88914\" class=\"qtranxs-available-language-link qtranxs-available-language-link-tr\" title=\"Turkish\">Turkish<\/a>. For the sake of viewer convenience, the content is shown below in the alternative language. You may click the link to switch the active language.<\/p><p><\/p>\n<h1>Manisa Celal Bayar \u00dcniversitesi (MCB\u00dc) taraf\u0131ndan G\u00fcne\u015f Enerji Santrali ile bir y\u0131l <img loading=\"lazy\" class=\"alignright size-medium wp-image-88916\" src=\"https:\/\/www.enerjigazetesi.ist\/wp-content\/uploads\/2019\/03\/celal-bayar-universitesi-gunes-santralinde-1-yillik-hedefi-11-ayda-yakaladi-300x200.jpg\" alt=\"\" width=\"300\" height=\"200\" srcset=\"https:\/\/www.enerjigazetesi.ist\/wp-content\/uploads\/2019\/03\/celal-bayar-universitesi-gunes-santralinde-1-yillik-hedefi-11-ayda-yakaladi-300x200.jpg 300w, https:\/\/www.enerjigazetesi.ist\/wp-content\/uploads\/2019\/03\/celal-bayar-universitesi-gunes-santralinde-1-yillik-hedefi-11-ayda-yakaladi-500x333.jpg 500w, https:\/\/www.enerjigazetesi.ist\/wp-content\/uploads\/2019\/03\/celal-bayar-universitesi-gunes-santralinde-1-yillik-hedefi-11-ayda-yakaladi-75x50.jpg 75w, https:\/\/www.enerjigazetesi.ist\/wp-content\/uploads\/2019\/03\/celal-bayar-universitesi-gunes-santralinde-1-yillik-hedefi-11-ayda-yakaladi-450x300.jpg 450w, https:\/\/www.enerjigazetesi.ist\/wp-content\/uploads\/2019\/03\/celal-bayar-universitesi-gunes-santralinde-1-yillik-hedefi-11-ayda-yakaladi.jpg 732w\" sizes=\"(max-width: 300px) 100vw, 300px\" \/>i\u00e7in hedeflenen \u00fcretim miktar\u0131n\u0131n bir ay \u00f6ncesinden elde edildi\u011fi a\u00e7\u0131kland\u0131.<\/h1>\n<p>\u00dcniversite&#8217;nin yapt\u0131\u011f\u0131 a\u00e7\u0131klamada; &#8220;Zafer Kalk\u0131nma Ajans\u0131 taraf\u0131ndan desteklenen proje kapsam\u0131nda ge\u00e7en y\u0131l nisan ay\u0131nda MCB\u00dc M\u00fchendislik Fak\u00fcltesi \u00e7at\u0131s\u0131na kurulan GES\u2019in i\u015fletmeye al\u0131nd\u0131\u011f\u0131 ve mart\u00a0ay\u0131ndan itibaren 500 MWh elektrik \u00fcretim de\u011ferini a\u015fan santralle y\u0131ll\u0131k hedeflenen \u00fcretim de\u011feri bir ay \u00f6nceden yakaland\u0131&#8221; ifadelerini kullan\u0131ld\u0131.<\/p>\n<p>Yakla\u015f\u0131k olarak 200 ton karbondioksit sal\u0131n\u0131m\u0131n\u0131 engelleyen g\u00fcne\u015f santraliyle 657 a\u011fa\u00e7 dikimine e\u015fde\u011fer fayda sa\u011fland\u0131\u011f\u0131 da belirtildi.<\/p>","protected":false},"excerpt":{"rendered":"<p>Sorry, this entry is only available in Turkish. For the sake of viewer convenience, the content is shown below in the alternative language. You may click the link to switch the active language. Manisa Celal Bayar \u00dcniversitesi (MCB\u00dc) taraf\u0131ndan G\u00fcne\u015f Enerji Santrali ile bir y\u0131l i\u00e7in hedeflenen \u00fcretim miktar\u0131n\u0131n bir ay \u00f6ncesinden elde edildi\u011fi a\u00e7\u0131kland\u0131. [&hellip;]<\/p>\n","protected":false},"author":1,"featured_media":88916,"comment_status":"open","ping_status":"open","sticky":false,"template":"","format":"standard","meta":[],"categories":[51,53,49],"tags":[24218,26659,31079,34979,19638,42030,67,1009,7440,23416,23133,34925,23131,47572,46831,41461,46832,27551],"views":1221,"_links":{"self":[{"href":"https:\/\/www.enerjigazetesi.ist\/en\/wp-json\/wp\/v2\/posts\/88914"}],"collection":[{"href":"https:\/\/www.enerjigazetesi.ist\/en\/wp-json\/wp\/v2\/posts"}],"about":[{"href":"https:\/\/www.enerjigazetesi.ist\/en\/wp-json\/wp\/v2\/types\/post"}],"author":[{"embeddable":true,"href":"https:\/\/www.enerjigazetesi.ist\/en\/wp-json\/wp\/v2\/users\/1"}],"replies":[{"embeddable":true,"href":"https:\/\/www.enerjigazetesi.ist\/en\/wp-json\/wp\/v2\/comments?post=88914"}],"version-history":[{"count":0,"href":"https:\/\/www.enerjigazetesi.ist\/en\/wp-json\/wp\/v2\/posts\/88914\/revisions"}],"wp:featuredmedia":[{"embeddable":true,"href":"https:\/\/www.enerjigazetesi.ist\/en\/wp-json\/wp\/v2\/media\/88916"}],"wp:attachment":[{"href":"https:\/\/www.enerjigazetesi.ist\/en\/wp-json\/wp\/v2\/media?parent=88914"}],"wp:term":[{"taxonomy":"category","embeddable":true,"href":"https:\/\/www.enerjigazetesi.ist\/en\/wp-json\/wp\/v2\/categories?post=88914"},{"taxonomy":"post_tag","embeddable":true,"href":"https:\/\/www.enerjigazetesi.ist\/en\/wp-json\/wp\/v2\/tags?post=88914"}],"curies":[{"name":"wp","href":"https:\/\/api.w.org\/{rel}","templated":true}]}}