{"id":88799,"date":"2019-03-08T20:32:27","date_gmt":"2019-03-08T17:32:27","guid":{"rendered":"https:\/\/www.enerjigazetesi.ist\/?p=88799"},"modified":"2019-03-09T08:43:52","modified_gmt":"2019-03-09T05:43:52","slug":"muhendis-kadinlarimizin-gozunden-8-mart-dunya-kadinlar-gunu","status":"publish","type":"post","link":"https:\/\/www.enerjigazetesi.ist\/en\/muhendis-kadinlarimizin-gozunden-8-mart-dunya-kadinlar-gunu\/","title":{"rendered":"(Turkish) &#8217;M\u00fchendis Kad\u0131nlar\u0131m\u0131z\u0131n&#8217; G\u00f6z\u00fcnden 8 Mart D\u00fcnya Kad\u0131nlar G\u00fcn\u00fc!"},"content":{"rendered":"<p class=\"qtranxs-available-languages-message qtranxs-available-languages-message-en\">Sorry, this entry is only available in <a href=\"https:\/\/www.enerjigazetesi.ist\/tr\/wp-json\/wp\/v2\/posts\/88799\" class=\"qtranxs-available-language-link qtranxs-available-language-link-tr\" title=\"Turkish\">Turkish<\/a>. For the sake of viewer convenience, the content is shown below in the alternative language. You may click the link to switch the active language.<\/p><p><\/p>\n<h1>8 Mart\u2019\u0131n t\u00fcm d\u00fcnya kad\u0131nlar\u0131na atfedili\u015finin tarihi 1857 Amerika&#8217;s\u0131na kadar uzan\u0131r. ABD&#8217;nin New York kentinde daha iyi \u00e7al\u0131\u015fma ko\u015fullar\u0131 istemiyle bir tekstil fabrikas\u0131nda greve ba\u015flayan 40.000 dokuma i\u015f\u00e7isi\u00a0 grevi bast\u0131rmak isteyen g\u00f6revliler taraf\u0131ndan fabrikaya kilitlenir, arkas\u0131ndan da \u00e7\u0131kan yang\u0131nda i\u015f\u00e7ilerin fabrika \u00f6n\u00fcnde kurulan barikatlardan ka\u00e7amamas\u0131 sonucunda 120 kad\u0131n i\u015f\u00e7i can vermi\u015ftir.<\/h1>\n<p><strong>26 &#8211; 27 A\u011fustos 1910<\/strong> tarihinde Danimarka&#8217;n\u0131n Kopenhag kentinde ger\u00e7ekle\u015fen kad\u0131nlar toplant\u0131s\u0131nda Almanya Sosyal Demokrat Partisi \u00f6nderlerinden Clara Zetkin, <strong>8 Mart 1857<\/strong> tarihindeki tekstil fabrikas\u0131 yang\u0131n\u0131nda \u00f6len kad\u0131n i\u015f\u00e7iler an\u0131s\u0131na <strong>8 Mart<\/strong>&#8216;\u0131n &#8220;Internationaler Frauentag&#8221; (International Women&#8217;s <img loading=\"lazy\" class=\"alignleft size-medium wp-image-88802\" src=\"https:\/\/www.enerjigazetesi.ist\/wp-content\/uploads\/2019\/03\/r-300x200.jpg\" alt=\"\" width=\"300\" height=\"200\" srcset=\"https:\/\/www.enerjigazetesi.ist\/wp-content\/uploads\/2019\/03\/r-300x200.jpg 300w, https:\/\/www.enerjigazetesi.ist\/wp-content\/uploads\/2019\/03\/r-75x50.jpg 75w, https:\/\/www.enerjigazetesi.ist\/wp-content\/uploads\/2019\/03\/r.jpg 420w\" sizes=\"(max-width: 300px) 100vw, 300px\" \/>Day &#8211; D\u00fcnya Kad\u0131nlar G\u00fcn\u00fc) olarak an\u0131lmas\u0131 \u00f6nerisini getirdi ve \u00f6neri oy birli\u011fiyle kabul edilmi\u015ftir.<\/p>\n<p>Kad\u0131nlara bu tarih \u00f6ncesinden g\u00fcn\u00fcm\u00fcze kadar toplumda bi\u00e7ilen rol\u00fcn \u00fcst\u00fcne \u00e7\u0131kabilmek, hayat\u0131n her alan\u0131nda var\u0131z diyebilmek g\u00fcn\u00fcm\u00fczde hala zor olsa da en az\u0131ndan k\u00fc\u00e7\u00fck de\u011fi\u015fimlerle gelecek nesiller i\u00e7in daha sa\u011flam bir temel olu\u015fturulmaya \u00e7al\u0131\u015f\u0131lmaktad\u0131r.<\/p>\n<p><strong>M\u00fchendislik<\/strong> gibi <strong>erkek egemen alg\u0131s\u0131n\u0131n<\/strong> oldu\u011fu bir meslek grubunda var olan \u00e7al\u0131\u015fma arkada\u015flar\u0131m\u0131z\u0131n sekt\u00f6rde ya\u015fad\u0131\u011f\u0131 aksakl\u0131klar\u0131 payla\u015ft\u0131\u011f\u0131m\u0131z bu yaz\u0131da ki amac\u0131m\u0131z bir fark\u0131ndal\u0131k bir bak\u0131\u015f a\u00e7\u0131s\u0131 olu\u015fturup <strong>daha e\u015fitlik\u00e7i \u00e7al\u0131\u015fma ortamlar\u0131<\/strong> yaratmakt\u0131r.<\/p>\n<p><strong>&#8220;Enerji Gazetesi \u00c7al\u0131\u015fma Grubu&#8221;<\/strong>\u00a0<strong>M\u00fchendis Kad\u0131nlar\u0131m\u0131zdan<\/strong>\u00a0Bug\u00fcne <span style=\"text-decoration: underline\">Dair G\u00f6r\u00fc\u015fler:<\/span><\/p>\n<p>&#8211; Her alanda oldu\u011fu gibi enerji sekt\u00f6r\u00fcnde de kad\u0131nlara kar\u015f\u0131 \u00f6n yarg\u0131lar, y\u0131k\u0131lmas\u0131 gereken tabular var. Be\u015f y\u0131ld\u0131r gerek e\u011fitim hayat\u0131mda gerek kat\u0131ld\u0131\u011f\u0131m fuarlar ve di\u011fer etkinliklerde kar\u015f\u0131la\u015ft\u0131\u011f\u0131m motivasyonumu d\u00fc\u015f\u00fcren, ciddi rahats\u0131zl\u0131k duydu\u011fum birka\u00e7 probleme de\u011finmek istiyorum. Kad\u0131nlar<img loading=\"lazy\" class=\"alignright wp-image-88803 size-medium\" src=\"https:\/\/www.enerjigazetesi.ist\/wp-content\/uploads\/2019\/03\/s-300x169.jpg\" alt=\"\" width=\"300\" height=\"169\" srcset=\"https:\/\/www.enerjigazetesi.ist\/wp-content\/uploads\/2019\/03\/s-300x169.jpg 300w, https:\/\/www.enerjigazetesi.ist\/wp-content\/uploads\/2019\/03\/s-80x45.jpg 80w, https:\/\/www.enerjigazetesi.ist\/wp-content\/uploads\/2019\/03\/s.jpg 440w\" sizes=\"(max-width: 300px) 100vw, 300px\" \/> sadece basit problemleri a\u015fabilen, zor g\u00f6revlerin \u00fcstesinden gelemeyecek kadar aciz varl\u0131klar de\u011fildir. Sen sahada yapamazs\u0131n, sen lehim\/kaynak yapamazs\u0131n, sen sanayici ve i\u015f kad\u0131n\u0131 olamazs\u0131n vb. tutum veya davran\u0131\u015flar sadece kad\u0131nlara zarar vermiyor ayn\u0131 zamanda \u00fclkemizin de mevcut i\u015f g\u00fcc\u00fc potansiyelinden faydalanamamas\u0131na sebep oluyor. Bu tutumlar motivasyonumuzu d\u00fc\u015f\u00fcrerek \u00f6zg\u00fcvenimizi sars\u0131yor. Aksine kad\u0131ndan harika bilim insan\u0131 olur. Bkz: Filiz Karaosmano\u011flu, Canan Da\u011fdeviren\u2026 Kad\u0131nlardan harika sanayici ve i\u015f kad\u0131n\u0131 olur. Bkz: G\u00fcler Sabanc\u0131, Zeynep Bodur Okyay, Perihan \u0130nci\u2026 A\u015f\u0131lmas\u0131 gereken problemlerden biri de kad\u0131n evlenip hamile kald\u0131\u011f\u0131nda i\u015f ile ili\u015fi\u011finin ya tamamen kesilmesi, ya da bu bak\u0131\u015f a\u00e7\u0131s\u0131ndan dolay\u0131 i\u015f g\u00f6r\u00fc\u015fmelerinde liste sonu veya liste d\u0131\u015f\u0131 kalmas\u0131. Son olarak enerji sekt\u00f6r\u00fcnde erkekler kadar kad\u0131nlar da var ve sekt\u00f6r\u00fcn rotas\u0131n\u0131 \u00e7izen \u00e7al\u0131\u015fmalar\u0131ndan dolay\u0131 takdir edilmeliler.<\/p>\n<p><img loading=\"lazy\" class=\"alignleft size-medium wp-image-88801\" src=\"https:\/\/www.enerjigazetesi.ist\/wp-content\/uploads\/2019\/03\/e-300x200.jpg\" alt=\"\" width=\"300\" height=\"200\" srcset=\"https:\/\/www.enerjigazetesi.ist\/wp-content\/uploads\/2019\/03\/e-300x200.jpg 300w, https:\/\/www.enerjigazetesi.ist\/wp-content\/uploads\/2019\/03\/e-768x511.jpg 768w, https:\/\/www.enerjigazetesi.ist\/wp-content\/uploads\/2019\/03\/e-500x333.jpg 500w, https:\/\/www.enerjigazetesi.ist\/wp-content\/uploads\/2019\/03\/e-75x50.jpg 75w, https:\/\/www.enerjigazetesi.ist\/wp-content\/uploads\/2019\/03\/e-450x300.jpg 450w, https:\/\/www.enerjigazetesi.ist\/wp-content\/uploads\/2019\/03\/e.jpg 778w\" sizes=\"(max-width: 300px) 100vw, 300px\" \/>&#8211; Her ne kadar e\u015fitlik var denilse de kad\u0131nlar bunu her alanda tamamen hissetmedi\u011fi s\u00fcrece bu olgu biz kad\u0131nlar i\u00e7in sadece bir kelimeden ibaret. Siz bu durumu sadece k\u00f6yde okula g\u00f6nderilmeyen k\u0131z \u00e7ocu\u011fu ya\u015f\u0131yor san\u0131yorsunuz? Lisedeki de ya\u015f\u0131yor, i\u015f ba\u015fvurusuna giden de hatta y\u00fcksek bir pozisyonda g\u00f6rev yapan\u0131 da ya\u015f\u0131yor. \u00c7\u00fcnk\u00fc ayn\u0131 i\u015fi yapan erkek s\u0131rf cinsiyetinden dolay\u0131 kad\u0131ndan daha fazla maa\u015f al\u0131yor. Kad\u0131n, s\u0131rf kad\u0131n oldu\u011fu i\u00e7in yap\u0131lan bu ayr\u0131mc\u0131l\u0131klara l\u00fctfen hi\u00e7bir alanda taviz vermeyelim.<\/p>\n<p>&#8211; Ataerkil bir toplumda pembe sevmesi gereken bebeklerle oynamas\u0131 beklenen sa\u00e7\u0131n\u0131z\u0131n uzunlu\u011funun akl\u0131m\u0131zla oranland\u0131\u011f\u0131 ve bilin\u00e7 alt\u0131m\u0131za, yerle\u015ftirilen nice s\u00f6z, nice durum i\u00e7inde mesleklerin bile &#8220;Erkek Mesle\u011fi&#8221;olarak ayr\u0131labildi\u011fi bir toplumda bir m\u00fchendis olarak yaz\u0131yorum sizlere. Stajlar\u0131mda kaynak yapm\u0131\u015f, e\u011fe yapm\u0131\u015f, kablo \u00e7ekmi\u015f birde yetmemi\u015f uzun sa\u00e7lar\u0131ma ra\u011fmen birde programlar \u00f6\u011frenip sim\u00fclasyon \u00e7al\u0131\u015fmalar\u0131 hesaplamalar yapm\u0131\u015f\u0131m sonra birde biz kad\u0131n m\u00fchendisleri sevmeyiz diyen bir m\u00fchendis meslekta\u015f\u0131ma b\u00f6yle olmamas\u0131 gerekti\u011fini bizlerinde ba\u015far\u0131l\u0131 olabilece\u011fini anlatmaya \u00e7al\u0131\u015ft\u0131m. Hem de neden? Yan\u0131m\u0131zda k\u00fcf\u00fcr edemedi\u011fi i\u00e7in&#8230;<\/p>\n<p><img loading=\"lazy\" class=\"alignright size-medium wp-image-88800\" src=\"https:\/\/www.enerjigazetesi.ist\/wp-content\/uploads\/2019\/03\/8mart-300x210.jpg\" alt=\"\" width=\"300\" height=\"210\" srcset=\"https:\/\/www.enerjigazetesi.ist\/wp-content\/uploads\/2019\/03\/8mart-300x210.jpg 300w, https:\/\/www.enerjigazetesi.ist\/wp-content\/uploads\/2019\/03\/8mart-768x537.jpg 768w, https:\/\/www.enerjigazetesi.ist\/wp-content\/uploads\/2019\/03\/8mart-1024x716.jpg 1024w, https:\/\/www.enerjigazetesi.ist\/wp-content\/uploads\/2019\/03\/8mart-500x350.jpg 500w, https:\/\/www.enerjigazetesi.ist\/wp-content\/uploads\/2019\/03\/8mart-71x50.jpg 71w, https:\/\/www.enerjigazetesi.ist\/wp-content\/uploads\/2019\/03\/8mart.jpg 1583w\" sizes=\"(max-width: 300px) 100vw, 300px\" \/>&#8211; Bizler ki ne zaman cinsiyet ayr\u0131mlar\u0131n\u0131 b\u0131rak\u0131r o\u011fullar\u0131m\u0131za sofra kurdurur, k\u0131zlar\u0131m\u0131za lamba de\u011fi\u015ftirtirsek erkek mesle\u011fi, erkek i\u015fi gibi kavramlar\u0131 da ortadan kald\u0131rmaya ba\u015flam\u0131\u015f oluruz. \u0130\u015fte o zaman kad\u0131n erkek ayr\u0131m\u0131 yapmadan \u00fcretim odakl\u0131 bir toplum oluruz. Ulu \u00d6nder\u00a0<strong>Mustafa Kemal Atat\u00fcrk<\/strong>\u2019\u00fcn dedi\u011fi gibi &#8220;K\u0131zlar\u0131m\u0131z\u0131n vatan ve milletin y\u00fcksek menfaatlerini savunup koruyabilecek kabiliyette yeti\u015ftirilmesi milli e\u011fitimde esas tutulmal\u0131d\u0131r. Ve k\u0131z \u00e7ocuklar\u0131m\u0131za entelekt\u00fcel yetkinlik kazand\u0131r\u0131lmas\u0131 elzemdir. T\u00fcrk kad\u0131n\u0131n\u0131n esasen dehaya sahip oldu\u011funa \u015f\u00fcphe yoktur. T\u00fcrk kad\u0131nlar\u0131 memleketin kaderini millet nam\u0131na idare eden siyasi z\u00fcmreye dahil olmak arzusunu belirtmi\u015ftir. Dolay\u0131s\u0131yla kad\u0131nlar\u0131m\u0131z\u0131 hi\u00e7bir vatanda\u015fl\u0131k vazifesinden uzak tutamay\u0131z. \u00c7\u00fcnk\u00fc haklar\u0131n t\u00fcm\u00fc vazifelerden do\u011far.&#8221; Kad\u0131nlar G\u00fcn\u00fcm\u00fcz kutlu olsun !<\/p>\n<p>&#8211; Emek\u00e7i Kad\u0131nlar G\u00fcn\u00fcm\u00fcz Kutlu Olsun! Emek vermi\u015fiz, \u00e7al\u0131\u015fm\u0131\u015f\u0131z, inanm\u0131\u015f\u0131z g\u00fcvenmi\u015fiz kendimize ,ayaklar\u0131m\u0131z\u0131n \u00fcst\u00fcnde duruyoruz ve kararl\u0131y\u0131z !<\/p>\n<p>Her g\u00fcn cinsiyet e\u015fitsizli\u011fini ortadan kald\u0131rabilmek i\u00e7in \u00f6n yarg\u0131lara kar\u015f\u0131 kendimizi ispat etmeye \u00e7al\u0131\u015f\u0131yoruz. O zaman bo\u015f verelim y\u0131ld\u0131rma laflar\u0131n\u0131<\/p>\n<p>Benim de mesle\u011fim olan M\u00fchendislik alan\u0131nda her g\u00fcn kar\u015f\u0131la\u015ft\u0131\u011f\u0131m bir ka\u00e7 diyalogdan bahsetmek istiyorum.<\/p>\n<p>&#8211; Niye se\u00e7tin erkek mesle\u011fi bu<\/p>\n<p>&#8211; Evlenince e\u015fin \u00e7al\u0131\u015ft\u0131rmaz<\/p>\n<p>&#8211; Kad\u0131n ba\u015f\u0131na ne i\u015fin var bu kadar erke\u011fin i\u00e7inde<\/p>\n<p>&#8211; Kad\u0131n\u0131n g\u00fcc\u00fc yetmez<\/p>\n<p>&#8211; Ne sahas\u0131 senin t\u0131rna\u011f\u0131n k\u0131r\u0131l\u0131r<\/p>\n<p>&#8211; Kad\u0131n stres alt\u0131nda karar veremez<\/p>\n<p>&#8211; Ofis i\u015fi size g\u00f6re olan<\/p>\n<p>Hay\u0131r efendim Elimizin ya\u011f olmas\u0131ndan korksayd\u0131k bu mesle\u011fi se\u00e7mezdik!<\/p>\n<p>O Baretler bizim ba\u015f\u0131m\u0131za g\u00f6rede ayarlan\u0131yor hi\u00e7 merak etmeyin.<\/p>\n<p>Zekam\u0131zla, detayc\u0131l\u0131\u011f\u0131m\u0131zla, \u00e7ok y\u00f6nl\u00fc d\u00fc\u015f\u00fcnme yetene\u011fimizle ,d\u00fczenlili\u011fimizle ,pratikli\u011fimizle bu ataerkil s\u00f6zleri y\u0131k\u0131p bizde var\u0131z ve var olaca\u011f\u0131z diyoruz !<\/p>\n<p>Ya\u015fas\u0131n kad\u0131nlar\u0131m\u0131z ya\u015fas\u0131n ki var olsun yar\u0131nlar\u0131m\u0131z&#8230; Nice \u00d6zg\u00fcr yar\u0131nlara &#8230;<\/p>\n<p>8 Mart <strong>Emek\u00e7i Kad\u0131nlar G\u00fcn\u00fcm\u00fcz<\/strong> Kutlu Olsun!<\/p>\n<p><em><strong>&#8211; Enerji Gazetesi M\u00fchendis Kad\u0131nlar \u00c7al\u0131\u015fma Grubu &#8211;<\/strong><\/em><\/p>\n<p>Yay\u0131na Haz\u0131rlayan: \u0130layda BALIK \u2013 Elektrik \/ Elektronik M\u00fchendisi \u2013\u00a0<a href=\"mailto:ilayda.balik@enerjigazetesi.ist\" target=\"_blank\" rel=\"noopener\">ilayda.balik@enerjigazetesi.ist<\/a><\/p>","protected":false},"excerpt":{"rendered":"<p>Sorry, this entry is only available in Turkish. For the sake of viewer convenience, the content is shown below in the alternative language. You may click the link to switch the active language. 8 Mart\u2019\u0131n t\u00fcm d\u00fcnya kad\u0131nlar\u0131na atfedili\u015finin tarihi 1857 Amerika&#8217;s\u0131na kadar uzan\u0131r. ABD&#8217;nin New York kentinde daha iyi \u00e7al\u0131\u015fma ko\u015fullar\u0131 istemiyle bir tekstil [&hellip;]<\/p>\n","protected":false},"author":6,"featured_media":88806,"comment_status":"open","ping_status":"open","sticky":false,"template":"","format":"standard","meta":[],"categories":[22893,46,51,53,52,49,47,48,24649,45,43,44,50,25033],"tags":[37015,35675,47513,21919,47514,47515,47516,47517],"views":1820,"_links":{"self":[{"href":"https:\/\/www.enerjigazetesi.ist\/en\/wp-json\/wp\/v2\/posts\/88799"}],"collection":[{"href":"https:\/\/www.enerjigazetesi.ist\/en\/wp-json\/wp\/v2\/posts"}],"about":[{"href":"https:\/\/www.enerjigazetesi.ist\/en\/wp-json\/wp\/v2\/types\/post"}],"author":[{"embeddable":true,"href":"https:\/\/www.enerjigazetesi.ist\/en\/wp-json\/wp\/v2\/users\/6"}],"replies":[{"embeddable":true,"href":"https:\/\/www.enerjigazetesi.ist\/en\/wp-json\/wp\/v2\/comments?post=88799"}],"version-history":[{"count":0,"href":"https:\/\/www.enerjigazetesi.ist\/en\/wp-json\/wp\/v2\/posts\/88799\/revisions"}],"wp:featuredmedia":[{"embeddable":true,"href":"https:\/\/www.enerjigazetesi.ist\/en\/wp-json\/wp\/v2\/media\/88806"}],"wp:attachment":[{"href":"https:\/\/www.enerjigazetesi.ist\/en\/wp-json\/wp\/v2\/media?parent=88799"}],"wp:term":[{"taxonomy":"category","embeddable":true,"href":"https:\/\/www.enerjigazetesi.ist\/en\/wp-json\/wp\/v2\/categories?post=88799"},{"taxonomy":"post_tag","embeddable":true,"href":"https:\/\/www.enerjigazetesi.ist\/en\/wp-json\/wp\/v2\/tags?post=88799"}],"curies":[{"name":"wp","href":"https:\/\/api.w.org\/{rel}","templated":true}]}}