{"id":88756,"date":"2019-03-08T11:28:47","date_gmt":"2019-03-08T08:28:47","guid":{"rendered":"https:\/\/www.enerjigazetesi.ist\/?p=88756"},"modified":"2019-03-09T08:44:36","modified_gmt":"2019-03-09T05:44:36","slug":"aksa-jenerator-yilin-en-iyi-musterisi-odulune-layik-goruldu","status":"publish","type":"post","link":"https:\/\/www.enerjigazetesi.ist\/en\/aksa-jenerator-yilin-en-iyi-musterisi-odulune-layik-goruldu\/","title":{"rendered":"(Turkish) AKSA Jenerat\u00f6r &#8220;Y\u0131l\u0131n En \u0130yi M\u00fc\u015fterisi&#8221; \u00d6d\u00fcl\u00fcne Lay\u0131k G\u00f6r\u00fcld\u00fc"},"content":{"rendered":"<p class=\"qtranxs-available-languages-message qtranxs-available-languages-message-en\">Sorry, this entry is only available in <a href=\"https:\/\/www.enerjigazetesi.ist\/tr\/wp-json\/wp\/v2\/posts\/88756\" class=\"qtranxs-available-language-link qtranxs-available-language-link-tr\" title=\"Turkish\">Turkish<\/a>. For the sake of viewer convenience, the content is shown below in the alternative language. You may click the link to switch the active language.<\/p><p><strong>K\u00fcresel \u00e7apta ilk 5 firma aras\u0131nda yer alan T\u00fcrkiye\u2019nin global markas\u0131 Aksa Jenerat\u00f6r, Doosan Heavy Industries &amp; Construction taraf\u0131ndan 7\u2019nci kez &#8220;Y\u0131l\u0131n En \u0130yi M\u00fc\u015fterisi&#8221; se\u00e7ildi. Middle East Electricity 2019 Fuar\u0131 kapsam\u0131nda d\u00fczenlenen \u00f6d\u00fcl t\u00f6reninde Doosan\u2019\u0131n t\u00fcm d\u00fcnyadaki m\u00fc\u015fterileri aras\u0131nda yap\u0131lan de\u011ferlendirme sonucuna g\u00f6re &#8220;Y\u0131l\u0131n En \u0130yi M\u00fc\u015fterisi&#8221; \u00f6d\u00fcl\u00fc sahiplerini buldu.<\/strong><\/p>\n<p>D\u00fcnyan\u0131n en h\u0131zl\u0131 b\u00fcy\u00fcyen altyap\u0131 destek firmas\u0131 Doosan Heavy Industries &amp; Construction taraf\u0131ndan verilen ve en prestijli \u00f6d\u00fcller aras\u0131nda yer alan<strong> &#8220;Y\u0131l\u0131n En \u0130yi M\u00fc\u015fterisi \u00d6d\u00fcl\u00fc&#8221;\u00a0(<\/strong><strong>Customer of The Year Award)\u00a0<\/strong>05 Mart 2019 tarihinde Middle East<strong>\u00a0<\/strong>Electricity 2019 Fuar\u0131 kapsam\u0131nda d\u00fczenlenen t\u00f6renle sahiplerini buldu. Bir\u00e7ok farkl\u0131 \u00fclkeden sekt\u00f6r temsilcisinin kat\u0131ld\u0131\u011f\u0131 \u00f6d\u00fcl t\u00f6reninde, Doosan\u2019\u0131n t\u00fcm d\u00fcnyadaki m\u00fc\u015fterileri aras\u0131nda yap\u0131lan de\u011ferlendirme sonucunda gecenin b\u00fcy\u00fck \u00f6d\u00fcl\u00fc say\u0131lan &#8220;Y\u0131l\u0131n En \u0130yi M\u00fc\u015fterisi&#8221; \u00f6d\u00fcl\u00fc 7\u2019nci kez Aksa Jenerat\u00f6r\u2019e lay\u0131k g\u00f6r\u00fcld\u00fc.<img loading=\"lazy\" class=\"size-full wp-image-88761 alignright\" src=\"https:\/\/www.enerjigazetesi.ist\/wp-content\/uploads\/2019\/03\/1551958311_Y__l__n_Musterisi_Odulu__2_.jpg\" alt=\"\" width=\"320\" height=\"180\" srcset=\"https:\/\/www.enerjigazetesi.ist\/wp-content\/uploads\/2019\/03\/1551958311_Y__l__n_Musterisi_Odulu__2_.jpg 320w, https:\/\/www.enerjigazetesi.ist\/wp-content\/uploads\/2019\/03\/1551958311_Y__l__n_Musterisi_Odulu__2_-300x169.jpg 300w, https:\/\/www.enerjigazetesi.ist\/wp-content\/uploads\/2019\/03\/1551958311_Y__l__n_Musterisi_Odulu__2_-80x45.jpg 80w\" sizes=\"(max-width: 320px) 100vw, 320px\" \/><\/p>\n<p>M\u00fc\u015fterilerin ihtiya\u00e7lar\u0131 do\u011frultusunda yenilik\u00e7i yakla\u015f\u0131mlar geli\u015ftiren Aksa Jenerat\u00f6r CEO\u2019su Alper Peker; &#8220;\u00dc\u00e7 k\u0131tada \u00fcretim yapan ve \u00fcretiminin y\u00fczde 50\u2019sinden fazlas\u0131n\u0131 160 \u00fclkeye ihra\u00e7 eden bir marka olarak hedeflerimiz aras\u0131nda ilk akla gelen jenerat\u00f6r markas\u0131 olmak yer al\u0131yor. D\u00fcnyan\u0131n en b\u00fcy\u00fck \u00fcreticileri aras\u0131nda girme hedefiyle \u00e7\u0131kt\u0131\u011f\u0131m\u0131z bu yolda hedeflerimiz i\u00e7in \u00e7al\u0131\u015f\u0131rken &#8220;Y\u0131l\u0131n En \u0130yi M\u00fc\u015fterisi \u00d6d\u00fcl\u00fc&#8221; n\u00fc almak bizim i\u00e7in b\u00fcy\u00fck motivasyon kayna\u011f\u0131 oluyor. D\u00fcnyan\u0131n en \u00f6nemli motor \u00fcreticisi Doosan ile i\u015f birli\u011fi i\u00e7inde olmaktan ve Doosan\u2019\u0131n d\u00fcnya genelindeki t\u00fcm m\u00fc\u015fterileri aras\u0131nda yap\u0131lan de\u011ferlendirme sonucunda bu \u00f6d\u00fcle lay\u0131k g\u00f6r\u00fclmekten dolay\u0131 mutluluk duyuyoruz&#8221; ifadelerini kulland\u0131.<\/p>\n<p>&nbsp;<\/p>\n<p>&nbsp;<\/p>","protected":false},"excerpt":{"rendered":"<p>Sorry, this entry is only available in Turkish. For the sake of viewer convenience, the content is shown below in the alternative language. You may click the link to switch the active language.K\u00fcresel \u00e7apta ilk 5 firma aras\u0131nda yer alan T\u00fcrkiye\u2019nin global markas\u0131 Aksa Jenerat\u00f6r, Doosan Heavy Industries &amp; Construction taraf\u0131ndan 7\u2019nci kez &#8220;Y\u0131l\u0131n En [&hellip;]<\/p>\n","protected":false},"author":6,"featured_media":88760,"comment_status":"open","ping_status":"open","sticky":false,"template":"","format":"standard","meta":[],"categories":[53],"tags":[12982,28913,47503,47501,1662,19638,67,1009,47504,7177,47442,47502],"views":944,"_links":{"self":[{"href":"https:\/\/www.enerjigazetesi.ist\/en\/wp-json\/wp\/v2\/posts\/88756"}],"collection":[{"href":"https:\/\/www.enerjigazetesi.ist\/en\/wp-json\/wp\/v2\/posts"}],"about":[{"href":"https:\/\/www.enerjigazetesi.ist\/en\/wp-json\/wp\/v2\/types\/post"}],"author":[{"embeddable":true,"href":"https:\/\/www.enerjigazetesi.ist\/en\/wp-json\/wp\/v2\/users\/6"}],"replies":[{"embeddable":true,"href":"https:\/\/www.enerjigazetesi.ist\/en\/wp-json\/wp\/v2\/comments?post=88756"}],"version-history":[{"count":0,"href":"https:\/\/www.enerjigazetesi.ist\/en\/wp-json\/wp\/v2\/posts\/88756\/revisions"}],"wp:featuredmedia":[{"embeddable":true,"href":"https:\/\/www.enerjigazetesi.ist\/en\/wp-json\/wp\/v2\/media\/88760"}],"wp:attachment":[{"href":"https:\/\/www.enerjigazetesi.ist\/en\/wp-json\/wp\/v2\/media?parent=88756"}],"wp:term":[{"taxonomy":"category","embeddable":true,"href":"https:\/\/www.enerjigazetesi.ist\/en\/wp-json\/wp\/v2\/categories?post=88756"},{"taxonomy":"post_tag","embeddable":true,"href":"https:\/\/www.enerjigazetesi.ist\/en\/wp-json\/wp\/v2\/tags?post=88756"}],"curies":[{"name":"wp","href":"https:\/\/api.w.org\/{rel}","templated":true}]}}