{"id":8875,"date":"2013-03-27T15:04:39","date_gmt":"2013-03-27T12:04:39","guid":{"rendered":"https:\/\/www.enerjigazetesi.ist\/?p=8875"},"modified":"2013-03-27T15:04:39","modified_gmt":"2013-03-27T12:04:39","slug":"belediye-kendi-gunes-enerjisi-tesisini-kurdu","status":"publish","type":"post","link":"https:\/\/www.enerjigazetesi.ist\/en\/belediye-kendi-gunes-enerjisi-tesisini-kurdu\/","title":{"rendered":"(Turkish) Belediye Kendi G\u00fcne\u015f Enerjisi Tesisini Kurdu"},"content":{"rendered":"<p class=\"qtranxs-available-languages-message qtranxs-available-languages-message-en\">Sorry, this entry is only available in <a href=\"https:\/\/www.enerjigazetesi.ist\/tr\/wp-json\/wp\/v2\/posts\/8875\" class=\"qtranxs-available-language-link qtranxs-available-language-link-tr\" title=\"Turkish\">Turkish<\/a>. For the sake of viewer convenience, the content is shown below in the alternative language. You may click the link to switch the active language.<\/p><p><strong>Eski\u015fehir Tepeba\u015f\u0131 Belediyesi, BEBKA deste\u011fiyle kurdu\u011fu tesiste \u00fcretti\u011fi elektri\u011fi TEDA\u015e\u2019la payla\u015f\u0131yor.<\/strong><\/p>\n<p>Eski\u015fehir Tepeba\u015f\u0131 Belediyesi, Bursa Eski\u015fehir Bilecik Kalk\u0131nma Ajans\u0131\u2019n\u0131n (BEBKA) 2011 y\u0131l\u0131 \u00c7evre ve Enerji Mali Destek Program\u0131 kapsam\u0131nda birinci olan ve hibe deste\u011fi alan \u2018D\u00fc\u015f\u00fck Karbon Ayak \u0130zi \u0130\u00e7in Enerji Etkin Bina Projesi\u2019 kapsam\u0131nda hizmet binas\u0131nda elektrik \u00fcretiyor. Belediye, g\u00fcne\u015f panellerinin bir y\u0131lda \u00fcretmesi planlanan 180 bin kw\/saat elektrik enerjisini T\u00fcrkiye Elektrik Da\u011f\u0131t\u0131m Anonim \u015eirketi\u2019yle (TEDA\u015e) payla\u015f\u0131yor.<\/p>\n<p>Konuyla alakal\u0131 bilgi veren Tepeba\u015f\u0131 Belediye Ba\u015fkan\u0131 Ahmet Ata\u00e7, Tepeba\u015f\u0131 Belediyesi\u2019nin 1 y\u0131ll\u0131k elektrik t\u00fcketimi 960 bin kw\/saat oldu\u011funu, kurulan paneller sayesinde \u00fcretilecek y\u0131ll\u0131k 180 bin kw\/saat elektri\u011fin yakla\u015f\u0131k y\u00fczde 20 tasarruf anlam\u0131na geldi\u011fini belirtti. Tepeba\u015f\u0131 Belediye binas\u0131n\u0131n \u00fczerinde 396 g\u00fcne\u015f paneli bulundu\u011funu anlatan Ba\u015fkan Ata\u00e7, TEDA\u015e yetkililerinin binaya gelerek inceleme yapt\u0131klar\u0131n\u0131 ve do\u011fru \u00e7al\u0131\u015ft\u0131\u011f\u0131n\u0131n tespit edilmesi sonucu ge\u00e7ti\u011fimiz g\u00fcnlerde sistemin \u015febekeye ba\u011fland\u0131\u011f\u0131n\u0131 s\u00f6yledi.<\/p>\n<p><a href=\"https:\/\/www.enerjigazetesi.ist\/wp-content\/uploads\/2013\/03\/tepeba\u015f\u0131-belediyesi-g\u00fcne\u015f-paneli-505x348.jpg\"><img loading=\"lazy\" class=\"alignright size-medium wp-image-8876\" title=\"tepeba\u015f\u0131-belediyesi-g\u00fcne\u015f-paneli-505x348\" src=\"https:\/\/www.enerjigazetesi.ist\/wp-content\/uploads\/2013\/03\/tepeba\u015f\u0131-belediyesi-g\u00fcne\u015f-paneli-505x348-300x193.jpg\" alt=\"\" width=\"300\" height=\"193\" srcset=\"https:\/\/www.enerjigazetesi.ist\/wp-content\/uploads\/2013\/03\/tepeba\u015f\u0131-belediyesi-g\u00fcne\u015f-paneli-505x348-300x193.jpg 300w, https:\/\/www.enerjigazetesi.ist\/wp-content\/uploads\/2013\/03\/tepeba\u015f\u0131-belediyesi-g\u00fcne\u015f-paneli-505x348-77x50.jpg 77w, https:\/\/www.enerjigazetesi.ist\/wp-content\/uploads\/2013\/03\/tepeba\u015f\u0131-belediyesi-g\u00fcne\u015f-paneli-505x348.jpg 469w\" sizes=\"(max-width: 300px) 100vw, 300px\" \/><\/a>Hizmet binas\u0131n\u0131n hemen hemen her taraf\u0131n\u0131n camlarla \u00e7evrili olmas\u0131 nedeniyle binay\u0131 k\u0131\u015f\u0131n \u0131s\u0131tamad\u0131klar\u0131n\u0131, yaz\u0131n da so\u011futamad\u0131klar\u0131n\u0131 aktaran Ata\u00e7, \u2018Ankara\u2019dan gelen bir gruba, binan\u0131n bir k\u00f6\u015fesinde bu olumsuzlu\u011fu nas\u0131l a\u015fabiliriz diye sim\u00fclasyon yapt\u0131rd\u0131k. Sim\u00fclasyondan ald\u0131\u011f\u0131m\u0131z de\u011ferler b\u00fct\u00fcn binay\u0131 kapsad\u0131 ve neticesinde de BEBKA\u2019n\u0131n a\u00e7m\u0131\u015f oldu\u011fu \u00e7evre projesi yar\u0131\u015fmas\u0131na kat\u0131ld\u0131k. Projemiz bu yar\u0131\u015fmada de\u011fer g\u00f6rd\u00fc ve birinci oldu. \u00d6nemli taraf\u0131 ise bunun bir hibe yar\u0131\u015fmas\u0131 olmas\u0131yd\u0131. BEBKA\u2019dan, proje maliyetinin yakla\u015f\u0131k y\u00fczde 75\u2032ini kar\u015f\u0131layan yakla\u015f\u0131k 450 bin lira civar\u0131nda hibe ald\u0131k ve arkas\u0131ndan g\u00fcne\u015f panelleri ve sistemin kurulmas\u0131 ad\u0131na bir ihale yapt\u0131k. \u0130hale sonucunda da belediyenin \u00e7at\u0131s\u0131ndaki b\u00fct\u00fcn g\u00fcne\u015f panelleri kondu ve sistem \u00e7al\u0131\u015fmaya ba\u015flad\u0131\u2019 dedi.<\/p>\n<h2>\u2018Y\u00fczde 20 tasarruf edece\u011fiz\u2019<\/h2>\n<p>Ata\u00e7, binaya \u00e7ift y\u00f6nl\u00fc saya\u00e7 konuldu\u011funu ve ay sonunda art\u0131 eksilerin hesaplanarak TEDA\u015e\u2019a gerekli \u00f6demelerin yap\u0131ld\u0131\u011f\u0131n\u0131 kaydetti. TEDA\u015e\u2019a elektrik veren ilk belediyelerden de\u011fil, ilk binalardan biri olduklar\u0131n\u0131 ifade eden Ata\u00e7, \u2018\u015eimdi burada, belediyenin \u00e7al\u0131\u015fmad\u0131\u011f\u0131 g\u00fcnlerde g\u00fcne\u015f enerjisinin g\u00fcc\u00fc \u015febekeye veriliyor. Belediye \u00e7al\u0131\u015f\u0131rken de tabii ki biz TEDA\u015e\u2019\u0131n \u015febekesinden enerji \u00e7ekiyoruz. Sonunda art\u0131 ve eksiler hesaplan\u0131yor ve o para TEDA\u015e\u2019a \u00f6deniyor. Bizim bu sistemden amac\u0131m\u0131z, tasarruf edebilmek. \u015eu anda genel masraflar\u0131m\u0131zdan yani elektrik, do\u011falgaz giderlerimizin y\u00fczde 20\u2032sini bu sistem sayesinde tasarruf edece\u011fiz\u2019 diye konu\u015ftu.<\/p>\n<h2>\u2018\u00dclkemizin enerji konusunda \u00e7ok ciddi tasarruflara ihtiyac\u0131 var\u2019<\/h2>\n<p>Belediye Ba\u015fkan\u0131 Ahmet Ata\u00e7, yenilebilir enerjinin kullan\u0131lmas\u0131n\u0131n \u00e7ok \u00f6nemli oldu\u011funa ve \u00fclke ekonomisine b\u00fcy\u00fck katk\u0131lar sa\u011flad\u0131\u011f\u0131na da dikkat \u00e7ekti. T\u00fcrkiye\u2019nin enerji konusunda \u00e7ok ciddi tasarruflara ihtiyac\u0131 oldu\u011funu anlatan Ata\u00e7 \u015f\u00f6yle konu\u015ftu: \u2018Ben Almanya\u2019ya gitti\u011fimde \u00fclkenin kuzeyinde dahi g\u00fcne\u015f panellerinin \u00e7ok yo\u011fun kullan\u0131ld\u0131\u011f\u0131n\u0131 g\u00f6r\u00fcyordum. \u2018\u00dclkemizde daha etkin, daha uzun s\u00fcreli g\u00fcne\u015fimiz var. Niye g\u00fcne\u015f panellerini kullan\u0131p da bu tip yenilebilir enerjinin \u00fclke ekonomisine katk\u0131da bulunmas\u0131n\u0131 sa\u011flam\u0131yoruz?\u2019 diye kendi kendime d\u00fc\u015f\u00fcn\u00fcyordum ve neticede bu projeyi ger\u00e7ekle\u015ftirdik. T\u00fcrkiye\u2019nin bu konuda bir s\u0131k\u0131nt\u0131s\u0131 var.<\/p>\n<p>Bu g\u00fcne\u015f panelleri ithal ediliyor ama bildi\u011fim kadar\u0131yla g\u00fcne\u015f panelleri yerli olarak yap\u0131lacak. O zaman tesis kurman\u0131n maliyetleri de d\u00fc\u015fecek. O a\u00e7\u0131dan ben \u00f6zellikle kamuya, \u00f6zel sekt\u00f6re bu tip yenilebilir enerjinin kullan\u0131lmas\u0131n\u0131 \u015fiddetle tavsiye ediyorum \u00e7\u00fcnk\u00fc \u00fclkemizin enerji konusunda \u00e7ok ciddi tasarruflara ihtiyac\u0131 oldu\u011funa inan\u0131yorum.\u2019<\/p>\n<p>Kaynak: <a href=\"http:\/\/enerjienstitusu.com\/2013\/03\/27\/belediye-kendi-gunes-enerjisi-tesisini-kurdu\/\" target=\"_blank\">Enerji Enstit\u00fcs\u00fc<\/a><\/p>","protected":false},"excerpt":{"rendered":"<p>Sorry, this entry is only available in Turkish. For the sake of viewer convenience, the content is shown below in the alternative language. You may click the link to switch the active language.Eski\u015fehir Tepeba\u015f\u0131 Belediyesi, BEBKA deste\u011fiyle kurdu\u011fu tesiste \u00fcretti\u011fi elektri\u011fi TEDA\u015e\u2019la payla\u015f\u0131yor. Eski\u015fehir Tepeba\u015f\u0131 Belediyesi, Bursa Eski\u015fehir Bilecik Kalk\u0131nma Ajans\u0131\u2019n\u0131n (BEBKA) 2011 y\u0131l\u0131 \u00c7evre [&hellip;]<\/p>\n","protected":false},"author":1,"featured_media":8876,"comment_status":"open","ping_status":"open","sticky":false,"template":"","format":"standard","meta":[],"categories":[53,49],"tags":[3798,3934,19,67,1742,3935,13,3933],"views":501,"_links":{"self":[{"href":"https:\/\/www.enerjigazetesi.ist\/en\/wp-json\/wp\/v2\/posts\/8875"}],"collection":[{"href":"https:\/\/www.enerjigazetesi.ist\/en\/wp-json\/wp\/v2\/posts"}],"about":[{"href":"https:\/\/www.enerjigazetesi.ist\/en\/wp-json\/wp\/v2\/types\/post"}],"author":[{"embeddable":true,"href":"https:\/\/www.enerjigazetesi.ist\/en\/wp-json\/wp\/v2\/users\/1"}],"replies":[{"embeddable":true,"href":"https:\/\/www.enerjigazetesi.ist\/en\/wp-json\/wp\/v2\/comments?post=8875"}],"version-history":[{"count":2,"href":"https:\/\/www.enerjigazetesi.ist\/en\/wp-json\/wp\/v2\/posts\/8875\/revisions"}],"predecessor-version":[{"id":8878,"href":"https:\/\/www.enerjigazetesi.ist\/en\/wp-json\/wp\/v2\/posts\/8875\/revisions\/8878"}],"wp:featuredmedia":[{"embeddable":true,"href":"https:\/\/www.enerjigazetesi.ist\/en\/wp-json\/wp\/v2\/media\/8876"}],"wp:attachment":[{"href":"https:\/\/www.enerjigazetesi.ist\/en\/wp-json\/wp\/v2\/media?parent=8875"}],"wp:term":[{"taxonomy":"category","embeddable":true,"href":"https:\/\/www.enerjigazetesi.ist\/en\/wp-json\/wp\/v2\/categories?post=8875"},{"taxonomy":"post_tag","embeddable":true,"href":"https:\/\/www.enerjigazetesi.ist\/en\/wp-json\/wp\/v2\/tags?post=8875"}],"curies":[{"name":"wp","href":"https:\/\/api.w.org\/{rel}","templated":true}]}}