{"id":88660,"date":"2019-03-07T00:01:04","date_gmt":"2019-03-06T21:01:04","guid":{"rendered":"https:\/\/www.enerjigazetesi.ist\/?p=88660"},"modified":"2019-03-07T00:03:07","modified_gmt":"2019-03-06T21:03:07","slug":"elektrik-piyasasi-istatistiksel-analizi-06-03-2019","status":"publish","type":"post","link":"https:\/\/www.enerjigazetesi.ist\/en\/elektrik-piyasasi-istatistiksel-analizi-06-03-2019\/","title":{"rendered":"(Turkish) Elektrik Piyasas\u0131 \u0130statistiksel Analizi \u2013 ( 06.03.2019 )"},"content":{"rendered":"<p class=\"qtranxs-available-languages-message qtranxs-available-languages-message-en\">Sorry, this entry is only available in <a href=\"https:\/\/www.enerjigazetesi.ist\/tr\/wp-json\/wp\/v2\/posts\/88660\" class=\"qtranxs-available-language-link qtranxs-available-language-link-tr\" title=\"Turkish\">Turkish<\/a>. For the sake of viewer convenience, the content is shown below in the alternative language. You may click the link to switch the active language.<\/p><p><\/p>\n<h1>\u00d6ne \u00e7\u0131kan piyasaya dair g\u00fcncel haberler \u015f\u00f6yle; petrol fiyatlar\u0131, ABD&#8217;de \u00f6zel sekt\u00f6r verilerine g\u00f6re stoklar\u0131n azalmas\u0131n\u0131n ard\u0131ndan d\u00fc\u015ft\u00fc, \u0130ngiliz petrokimya \u015firketi Ineos, \u0130ngiltere&#8217;nin ana petrol boru hatt\u0131 Forties\u2019in \u00f6mr\u00fcn\u00fc uzatmak i\u00e7in 500 milyon sterlin yat\u0131r\u0131m yapacak, Aygaz, Banglade\u015fli United Enterprises ortakl\u0131\u011f\u0131 ile Banglade\u015f\u2019te LPG temini, dolumu ve da\u011f\u0131t\u0131m\u0131 i\u00e7in d\u00f6rt y\u0131lda 150 milyon dolar yat\u0131r\u0131m yapacak, Finlandiyal\u0131 enerji \u015firketi Fortum, Hindistan\u2019da 250 MW kapasiteli G\u00fcne\u015f Enerjisi Santrali kuracak, Karada\u011f Elektrik Kurumu EPCG, 307 MW&#8217;l\u0131k Perucica HES\u2019in revizyonu i\u00e7in Alman Kalk\u0131nma Bankas\u0131 KfW\u2019den 37,4 milyon dolar kredi almay\u0131 planl\u0131yor, Karbondioksit yo\u011funlu\u011fu \u015eubat\u2019ta 411,75 ppm oldu.<\/h1>\n<p>G\u00fcn \u00f6ncesi elektrik piyasas\u0131nda yar\u0131n i\u00e7in olu\u015fan megavat saat (MWh) ba\u015f\u0131na piyasa takas fiyat\u0131 ortalamas\u0131 <strong>289<\/strong>.<strong>81<\/strong> TL olarak belirlendi. Fiyatlardaki da\u011f\u0131l\u0131ma bak\u0131ld\u0131\u011f\u0131nda, g\u00fcn\u00fcn maksimum fiyat\u0131 <img loading=\"lazy\" class=\"alignright size-medium wp-image-88666\" src=\"https:\/\/www.enerjigazetesi.ist\/wp-content\/uploads\/2019\/03\/elektrik-piyasasi-istatistiksel-analizi-06-03-2019-300x167.jpg\" alt=\"\" width=\"300\" height=\"167\" srcset=\"https:\/\/www.enerjigazetesi.ist\/wp-content\/uploads\/2019\/03\/elektrik-piyasasi-istatistiksel-analizi-06-03-2019-300x167.jpg 300w, https:\/\/www.enerjigazetesi.ist\/wp-content\/uploads\/2019\/03\/elektrik-piyasasi-istatistiksel-analizi-06-03-2019-500x278.jpg 500w, https:\/\/www.enerjigazetesi.ist\/wp-content\/uploads\/2019\/03\/elektrik-piyasasi-istatistiksel-analizi-06-03-2019-80x44.jpg 80w, https:\/\/www.enerjigazetesi.ist\/wp-content\/uploads\/2019\/03\/elektrik-piyasasi-istatistiksel-analizi-06-03-2019.jpg 759w\" sizes=\"(max-width: 300px) 100vw, 300px\" \/><strong>319<\/strong>.<strong>22<\/strong> TL\/MWh olarak <strong>19<\/strong>:<strong>00<\/strong> &#8211; <strong>20<\/strong>:<strong>00<\/strong> saat aral\u0131\u011f\u0131nda, minimum fiyat\u0131 <strong>157<\/strong>.<strong>49<\/strong> TL\/MWh olarak <strong>04<\/strong>:<strong>00<\/strong> &#8211; <strong>05<\/strong>:<strong>00<\/strong> saat aral\u0131\u011f\u0131nda ger\u00e7ekle\u015fti. Puant saatlerde (<strong>17<\/strong>:<strong>00<\/strong> &#8211; <strong>22<\/strong>:<strong>00<\/strong>) ortalama piyasa takas fiyat\u0131 ise <strong>315<\/strong> TL\/MWh olarak hesaplanabilmektedir.<\/p>\n<p>Bir \u00f6nceki g\u00fcn ile k\u0131yasland\u0131\u011f\u0131nda ortalama piyasa takas fiyat\u0131nda <strong>14<\/strong>.<strong>44<\/strong> TL art\u0131\u015f g\u00f6zlemlenmektedir. Kesinle\u015fmi\u015f G\u00fcnl\u00fck \u00dcretim Plan\u0131 (KG\u00dcP) verilerine bak\u0131ld\u0131\u011f\u0131nda termik enerji dahilinde do\u011fal gaz % <strong>28<\/strong>, linyit % <strong>14<\/strong>, ithal k\u00f6m\u00fcr % <strong>21<\/strong> oran\u0131nda \u00fcretimin ger\u00e7ekle\u015fmesi beklenirken, yenilenebilir enerji dahilinde ise hidro % <strong>28<\/strong>, r\u00fczgar % <strong>5<\/strong>, jeotermal % <strong>3<\/strong> oran\u0131nda \u00fcretimin ger\u00e7ekle\u015fmesi beklenmektedir. Bununla birlikte fiyatlardaki art\u0131\u015f, <strong>hafta i\u00e7i olmas\u0131ndan dolay\u0131 t\u00fcketim talebindeki art\u0131\u015f ve do\u011fal gaz santrallerinde \u00fcretim art\u0131\u015f beklentisi<\/strong> ile a\u00e7\u0131klanabilmektedir. Yar\u0131n i\u00e7in planlanan \u00fcretim bazl\u0131 Kesinle\u015fmi\u015f G\u00fcnl\u00fck \u00dcretim Plan\u0131 (KG\u00dcP) a\u015fa\u011f\u0131daki grafikte yer almaktad\u0131r.<\/p>\n<p style=\"text-align: center;\"><img loading=\"lazy\" class=\"size-full wp-image-88661 aligncenter\" src=\"https:\/\/www.enerjigazetesi.ist\/wp-content\/uploads\/2019\/03\/01-3.jpg\" alt=\"\" width=\"465\" height=\"223\" srcset=\"https:\/\/www.enerjigazetesi.ist\/wp-content\/uploads\/2019\/03\/01-3.jpg 465w, https:\/\/www.enerjigazetesi.ist\/wp-content\/uploads\/2019\/03\/01-3-300x144.jpg 300w, https:\/\/www.enerjigazetesi.ist\/wp-content\/uploads\/2019\/03\/01-3-80x38.jpg 80w\" sizes=\"(max-width: 465px) 100vw, 465px\" \/><\/p>\n<p>Tahminleme Modeli* analizi sonucu ortalama piyasa takas fiyat\u0131 <strong>278<\/strong>.<strong>34<\/strong> TL\/MWh ve ortalama t\u00fcketim <strong>35,889<\/strong> MWh olarak \u00f6ng\u00f6r\u00fclmektedir. Modelin piyasa takas fiyat\u0131na dair ba\u015far\u0131 oran\u0131 g\u00fcnl\u00fck % <strong>61<\/strong>, t\u00fcketime dair ba\u015far\u0131 oran\u0131** ise g\u00fcnl\u00fck % <strong>82<\/strong> olarak hesaplan\u0131rken, bug\u00fcne kadar yap\u0131lan piyasa takas fiyat\u0131na dair analizlere g\u00f6re ba\u015far\u0131 oran\u0131 % <strong>88<\/strong>\u00a0t\u00fcketime dair ba\u015far\u0131 oran\u0131 ise % <strong>95<\/strong> olarak hesaplanmaktad\u0131r. Saatlik yar\u0131n i\u00e7in olu\u015fan ve tahmin edilen piyasa takas fiyatlar\u0131 ile haftal\u0131k bazda tahmin edilen ve ger\u00e7ekle\u015ftik\u00e7e yer alacak g\u00fcnl\u00fck ortalama t\u00fcketim de\u011ferleri a\u015fa\u011f\u0131daki grafiklerde yer almaktad\u0131r.<\/p>\n<p style=\"text-align: center;\"><img loading=\"lazy\" class=\"aligncenter size-full wp-image-88662\" src=\"https:\/\/www.enerjigazetesi.ist\/wp-content\/uploads\/2019\/03\/02-3.jpg\" alt=\"\" width=\"593\" height=\"459\" srcset=\"https:\/\/www.enerjigazetesi.ist\/wp-content\/uploads\/2019\/03\/02-3.jpg 593w, https:\/\/www.enerjigazetesi.ist\/wp-content\/uploads\/2019\/03\/02-3-300x232.jpg 300w, https:\/\/www.enerjigazetesi.ist\/wp-content\/uploads\/2019\/03\/02-3-500x387.jpg 500w, https:\/\/www.enerjigazetesi.ist\/wp-content\/uploads\/2019\/03\/02-3-65x50.jpg 65w, https:\/\/www.enerjigazetesi.ist\/wp-content\/uploads\/2019\/03\/02-3-260x200.jpg 260w\" sizes=\"(max-width: 593px) 100vw, 593px\" \/><\/p>\n<p>Organize Toptan Do\u011fal Gaz Sat\u0131\u015f Piyasas\u0131 (OTSP) dahilinde <strong>01<\/strong>.<strong>03<\/strong>.<strong>2019<\/strong> \u2013 <strong>06<\/strong>.<strong>03<\/strong>.<strong>2019<\/strong> tarihleri aras\u0131 ortalama Gaz Referans Fiyat\u0131 (GRF) <strong>1,487<\/strong>.<strong>26<\/strong> TL\/<strong>1000<\/strong> sm<strong>3<\/strong> olarak belirlenirken, ayn\u0131 tarihler aras\u0131nda toplam ger\u00e7ekle\u015fen e\u015fle\u015fmelerin miktar\u0131 ise <strong>14,896<\/strong> x<strong>1000<\/strong> sm<strong>3<\/strong> olarak belirlendi. \u0130lgili tarihler aras\u0131nda g\u00fcnl\u00fck Gaz Referans Fiyat\u0131 (GRF) ile E\u015fle\u015fme Miktar\u0131 verileri a\u015fa\u011f\u0131daki grafikte yer almaktad\u0131r.<\/p>\n<p style=\"text-align: center;\"><img loading=\"lazy\" class=\"aligncenter size-full wp-image-88663\" src=\"https:\/\/www.enerjigazetesi.ist\/wp-content\/uploads\/2019\/03\/03-3.jpg\" alt=\"\" width=\"591\" height=\"221\" srcset=\"https:\/\/www.enerjigazetesi.ist\/wp-content\/uploads\/2019\/03\/03-3.jpg 591w, https:\/\/www.enerjigazetesi.ist\/wp-content\/uploads\/2019\/03\/03-3-300x112.jpg 300w, https:\/\/www.enerjigazetesi.ist\/wp-content\/uploads\/2019\/03\/03-3-500x187.jpg 500w, https:\/\/www.enerjigazetesi.ist\/wp-content\/uploads\/2019\/03\/03-3-80x30.jpg 80w\" sizes=\"(max-width: 591px) 100vw, 591px\" \/><\/p>\n<p>Organize Toptan Do\u011fal Gaz Sat\u0131\u015f Piyasas\u0131 (OTSP) dahilinde <strong>01<\/strong>.<strong>03<\/strong>.<strong>2019<\/strong> \u2013 <strong>06<\/strong>.<strong>03<\/strong>.<strong>2019<\/strong> tarihleri aras\u0131 ortalama Gaz Referans Fiyat\u0131 (GRF) <strong>1,487<\/strong>.<strong>26<\/strong> TL\/<strong>1000<\/strong> sm<strong>3<\/strong> olarak belirlenirken, ayn\u0131 tarihler aras\u0131nda toplam ger\u00e7ekle\u015fen e\u015fle\u015fmelerin miktar\u0131 ise <strong>14,896<\/strong> x<strong>1000<\/strong> sm<strong>3<\/strong> olarak belirlendi. \u0130lgili tarihler aras\u0131nda g\u00fcnl\u00fck Gaz Referans Fiyat\u0131 (GRF) ile E\u015fle\u015fme Miktar\u0131 verileri a\u015fa\u011f\u0131daki grafikte yer almaktad\u0131r.<\/p>\n<p style=\"text-align: center;\"><img loading=\"lazy\" class=\"aligncenter size-full wp-image-88664\" src=\"https:\/\/www.enerjigazetesi.ist\/wp-content\/uploads\/2019\/03\/04-3.jpg\" alt=\"\" width=\"601\" height=\"234\" srcset=\"https:\/\/www.enerjigazetesi.ist\/wp-content\/uploads\/2019\/03\/04-3.jpg 601w, https:\/\/www.enerjigazetesi.ist\/wp-content\/uploads\/2019\/03\/04-3-300x117.jpg 300w, https:\/\/www.enerjigazetesi.ist\/wp-content\/uploads\/2019\/03\/04-3-500x195.jpg 500w, https:\/\/www.enerjigazetesi.ist\/wp-content\/uploads\/2019\/03\/04-3-80x31.jpg 80w\" sizes=\"(max-width: 601px) 100vw, 601px\" \/><\/p>\n<p><em>*Tahminleme Modeli; istatistiksel tahminleme metodu olan SARIMA (Seasonal Autoregressive Integrated Moving Average) kullan\u0131larak MATLAB yaz\u0131l\u0131m geli\u015ftirme platformunda haz\u0131rlanm\u0131\u015ft\u0131r. Model ve di\u011fer t\u00fcm kullan\u0131lan veriler dahilinde girdi verileri olarak EP\u0130A\u015e \u015eeffafl\u0131k Platformunda g\u00fcnl\u00fck yay\u0131nlanan piyasa takas fiyatlar\u0131 ve ger\u00e7ekle\u015fen t\u00fcketim verileri kullan\u0131lmaktad\u0131r. Model ile ilgili detayl\u0131 bilgi alabilmek i\u00e7in l\u00fctfen ileti\u015fime ge\u00e7iniz.<\/em><\/p>\n<p><em>**T\u00fcketime Dair Ba\u015far\u0131 Oran\u0131; t\u00fcketim baz\u0131nda yap\u0131lan haftal\u0131k tahminlerde Pazar g\u00fcnleri yay\u0131nlanan raporda hen\u00fcz ger\u00e7ekle\u015fen veri olmad\u0131\u011f\u0131 i\u00e7in Sal\u0131 g\u00fcn\u00fc itibari ile ba\u015far\u0131 oran\u0131 g\u00fcnl\u00fck olarak hesaplanarak, raporda g\u00fcncellenecektir.<\/em><\/p>\n<p>T\u00fcmay Solak \u2013 Risk Y\u00f6netimi Uzman\u0131 \u2013\u00a0<a href=\"mailto:tumay.solak@enerjigazetesi.ist\" target=\"_blank\" rel=\"noopener\">tumay.solak@enerjigazetesi.ist<\/a><\/p>","protected":false},"excerpt":{"rendered":"<p>Sorry, this entry is only available in Turkish. For the sake of viewer convenience, the content is shown below in the alternative language. You may click the link to switch the active language. \u00d6ne \u00e7\u0131kan piyasaya dair g\u00fcncel haberler \u015f\u00f6yle; petrol fiyatlar\u0131, ABD&#8217;de \u00f6zel sekt\u00f6r verilerine g\u00f6re stoklar\u0131n azalmas\u0131n\u0131n ard\u0131ndan d\u00fc\u015ft\u00fc, \u0130ngiliz petrokimya \u015firketi Ineos, [&hellip;]<\/p>\n","protected":false},"author":1,"featured_media":88666,"comment_status":"open","ping_status":"open","sticky":false,"template":"","format":"standard","meta":[],"categories":[51,53],"tags":[42483,42490,42485,42486,42484,42488,42489,34979,19638,39373,34980,39661,39426,19,1009,39353,750,39932,7113,39351],"views":1105,"_links":{"self":[{"href":"https:\/\/www.enerjigazetesi.ist\/en\/wp-json\/wp\/v2\/posts\/88660"}],"collection":[{"href":"https:\/\/www.enerjigazetesi.ist\/en\/wp-json\/wp\/v2\/posts"}],"about":[{"href":"https:\/\/www.enerjigazetesi.ist\/en\/wp-json\/wp\/v2\/types\/post"}],"author":[{"embeddable":true,"href":"https:\/\/www.enerjigazetesi.ist\/en\/wp-json\/wp\/v2\/users\/1"}],"replies":[{"embeddable":true,"href":"https:\/\/www.enerjigazetesi.ist\/en\/wp-json\/wp\/v2\/comments?post=88660"}],"version-history":[{"count":0,"href":"https:\/\/www.enerjigazetesi.ist\/en\/wp-json\/wp\/v2\/posts\/88660\/revisions"}],"wp:featuredmedia":[{"embeddable":true,"href":"https:\/\/www.enerjigazetesi.ist\/en\/wp-json\/wp\/v2\/media\/88666"}],"wp:attachment":[{"href":"https:\/\/www.enerjigazetesi.ist\/en\/wp-json\/wp\/v2\/media?parent=88660"}],"wp:term":[{"taxonomy":"category","embeddable":true,"href":"https:\/\/www.enerjigazetesi.ist\/en\/wp-json\/wp\/v2\/categories?post=88660"},{"taxonomy":"post_tag","embeddable":true,"href":"https:\/\/www.enerjigazetesi.ist\/en\/wp-json\/wp\/v2\/tags?post=88660"}],"curies":[{"name":"wp","href":"https:\/\/api.w.org\/{rel}","templated":true}]}}