{"id":88647,"date":"2019-03-06T23:26:40","date_gmt":"2019-03-06T20:26:40","guid":{"rendered":"https:\/\/www.enerjigazetesi.ist\/?p=88647"},"modified":"2019-03-06T23:29:01","modified_gmt":"2019-03-06T20:29:01","slug":"middle-east-electricity-2019-fuarinda-aksa-ruzgari-esti","status":"publish","type":"post","link":"https:\/\/www.enerjigazetesi.ist\/en\/middle-east-electricity-2019-fuarinda-aksa-ruzgari-esti\/","title":{"rendered":"(Turkish) Middle East Electricity 2019 Fuar\u0131\u2019nda AKSA R\u00fczgar\u0131 Esti!"},"content":{"rendered":"<p class=\"qtranxs-available-languages-message qtranxs-available-languages-message-en\">Sorry, this entry is only available in <a href=\"https:\/\/www.enerjigazetesi.ist\/tr\/wp-json\/wp\/v2\/posts\/88647\" class=\"qtranxs-available-language-link qtranxs-available-language-link-tr\" title=\"Turkish\">Turkish<\/a>. For the sake of viewer convenience, the content is shown below in the alternative language. You may click the link to switch the active language.<\/p><p><\/p>\n<h1>T\u00fcrkiye\u2019nin lider jenerat\u00f6r \u00fcreticisi Aksa, enerji sekt\u00f6r\u00fcn\u00fcn en \u00f6nemli fuarlar\u0131ndan biri olan ve 05-07 Mart 2019 tarihleri aras\u0131nda d\u00fczenlenen Middle East Electricity 2019 Fuar\u0131\u2019nda (MEE) sekt\u00f6r ziyaret\u00e7ilerini a\u011f\u0131rlad\u0131. Ortado\u011fu B\u00f6lgesi enerji sekt\u00f6r\u00fc payda\u015flar\u0131n\u0131n kat\u0131ld\u0131\u011f\u0131 bu fuara Aksa Jenerat\u00f6r, 17\u2019inci kez kat\u0131l\u0131m g\u00f6sterdi.<\/h1>\n<p>T\u00fcrkiye\u2019nin lider jenerat\u00f6r \u00fcreticisi Aksa, farkl\u0131 \u00fclkelerde farkl\u0131 sekt\u00f6rlerle bir araya gelerek kaliteli \u00fcr\u00fcn ve yenilik\u00e7i \u00e7\u00f6z\u00fcmlerini tan\u0131tmaya devam ediyor. 2018 y\u0131l\u0131nda bir\u00e7ok farkl\u0131 \u00fclkede farkl\u0131 sekt\u00f6rlerin fuarlar\u0131na kat\u0131lan Aksa Jenerat\u00f6r\u2019\u00fcn bu y\u0131lki ilk yurtd\u0131\u015f\u0131 fuar\u0131 Middle East Electricity 2019 oldu.<\/p>\n<p><img loading=\"lazy\" class=\"alignright size-medium wp-image-88653\" src=\"https:\/\/www.enerjigazetesi.ist\/wp-content\/uploads\/2019\/03\/middle-east-electricity-2019-fuarinda-aksa-ruzgari-esti-300x169.jpg\" alt=\"\" width=\"300\" height=\"169\" srcset=\"https:\/\/www.enerjigazetesi.ist\/wp-content\/uploads\/2019\/03\/middle-east-electricity-2019-fuarinda-aksa-ruzgari-esti-300x169.jpg 300w, https:\/\/www.enerjigazetesi.ist\/wp-content\/uploads\/2019\/03\/middle-east-electricity-2019-fuarinda-aksa-ruzgari-esti-768x432.jpg 768w, https:\/\/www.enerjigazetesi.ist\/wp-content\/uploads\/2019\/03\/middle-east-electricity-2019-fuarinda-aksa-ruzgari-esti-500x281.jpg 500w, https:\/\/www.enerjigazetesi.ist\/wp-content\/uploads\/2019\/03\/middle-east-electricity-2019-fuarinda-aksa-ruzgari-esti-80x45.jpg 80w, https:\/\/www.enerjigazetesi.ist\/wp-content\/uploads\/2019\/03\/middle-east-electricity-2019-fuarinda-aksa-ruzgari-esti.jpg 868w\" sizes=\"(max-width: 300px) 100vw, 300px\" \/>Bir\u00e7ok \u00fclkeden sekt\u00f6r temsilcisini bir araya getirerek alan\u0131nda b\u00f6lgenin en \u00f6nemli bulu\u015fmas\u0131 say\u0131lan Middle East Electricity 2019 Fuar\u0131\u2019na yenilik\u00e7i \u00fcr\u00fcnleriyle kat\u0131lan Aksa Jenerat\u00f6r, sanal ger\u00e7eklik g\u00f6zl\u00fc\u011f\u00fc (VR g\u00f6zl\u00fc\u011f\u00fc) ile ziyaret\u00e7ilerinin e\u011flenceli dakikalar ge\u00e7irmesini sa\u011flad\u0131. Aksa Jenerat\u00f6r stand\u0131n\u0131 ziyaret eden kat\u0131l\u0131mc\u0131lar, sanal ger\u00e7eklik g\u00f6zl\u00fc\u011f\u00fc (VR g\u00f6zl\u00fc\u011f\u00fc) ile \u00fcretim kapasitesi bak\u0131m\u0131ndan d\u00fcnyadaki en b\u00fcy\u00fck jenerat\u00f6r fabrikas\u0131 olan \u00c7in\u2019deki Aksa Jenerat\u00f6r fabrikas\u0131n\u0131 sanal ortamda gezme f\u0131rsat\u0131n\u0131 yakalad\u0131lar.<\/p>\n<p>Enerji sekt\u00f6r\u00fcn\u00fcn en \u00f6nemli oyuncular\u0131n\u0131 bir araya getiren Middle East Fuar\u0131\u2019nda Dubai pazar\u0131n\u0131n \u00f6neminden bahseden Aksa Jenerat\u00f6r CEO\u2019su Alper Peker; \u201c<em>Dubai enerji sekt\u00f6r\u00fcn\u00fcn en \u00f6nemli fuarlar\u0131ndan biri olan Middle East Electricity 2019 Fuar\u0131\u2019na uzun y\u0131llard\u0131r kat\u0131l\u0131m g\u00f6steriyoruz. Farkl\u0131 \u00fclkelerde yap\u0131lan fuarlara kat\u0131lmak bizim \u00f6nceliklerimiz aras\u0131nda yer al\u0131yor. Yurtd\u0131\u015f\u0131nda yap\u0131lan bu tarz fuarlar\u0131n hem sekt\u00f6re hem de \u00fclkemize \u00e7ok b\u00fcy\u00fck katk\u0131lar sa\u011flad\u0131\u011f\u0131na inan\u0131yorum. Orta Do\u011fu\u2019da elektrik ve enerji sekt\u00f6r\u00fcnde i\u015f yapmay\u0131 hedefleyen firmalar i\u00e7in ka\u00e7\u0131r\u0131lmamas\u0131 gereken bir f\u0131rsat olarak g\u00f6r\u00fcyorum. Bu y\u0131l ilk defa stand\u0131m\u0131z\u0131 ziyaret eden kat\u0131l\u0131mc\u0131lar\u0131m\u0131za sanal ger\u00e7eklik g\u00f6zl\u00fc\u011f\u00fc ile \u00c7in\u2019de bulunan fabrikam\u0131z\u0131 gezdirdik. Beklentilerimizin \u00fcst\u00fcnde ilgi g\u00f6rd\u00fck ve tabi bu da bizi \u00e7ok mutlu etti. Yeni nesil teknolojilerle ziyaret\u00e7ilerimizi \u015fa\u015f\u0131rtmaya devam edece\u011fiz<\/em>\u201d dedi.<\/p>\n<p>05-07 Mart tarihleri aras\u0131nda Dubai D\u00fcnya Ticaret Merkezi\u2019nde d\u00fczenlenen ve sekt\u00f6r\u00fcn en \u00f6nemli fuarlar\u0131ndan biri olan Middle East Electricty 2019 Fuar\u0131; 1600\u2019den fazla firman\u0131n kat\u0131l\u0131m\u0131yla, yenilenebilir enerji sekt\u00f6r\u00fc ve ayd\u0131nlatma end\u00fcstrisi de dahil olmak \u00fczere elektri\u011fin \u00fcretimi, iletimi ve da\u011f\u0131t\u0131m\u0131n\u0131 kapsayan k\u00fcresel \u00f6l\u00e7ekte yap\u0131lan en b\u00fcy\u00fck fuar olma niteli\u011fi ta\u015f\u0131yor. Fuar s\u00fcresince, d\u00fczenlenen seminerlerde, Ortado\u011fu Elektrik sekt\u00f6r\u00fcn\u00fc y\u00f6nlendiren isimler, sekt\u00f6rdeki son e\u011filimler ve teknolojik yeniliklerle ilgili, kat\u0131l\u0131mc\u0131lara bilgi payla\u015f\u0131m\u0131 yap\u0131ld\u0131.<\/p>","protected":false},"excerpt":{"rendered":"<p>Sorry, this entry is only available in Turkish. For the sake of viewer convenience, the content is shown below in the alternative language. You may click the link to switch the active language. T\u00fcrkiye\u2019nin lider jenerat\u00f6r \u00fcreticisi Aksa, enerji sekt\u00f6r\u00fcn\u00fcn en \u00f6nemli fuarlar\u0131ndan biri olan ve 05-07 Mart 2019 tarihleri aras\u0131nda d\u00fczenlenen Middle East Electricity [&hellip;]<\/p>\n","protected":false},"author":1,"featured_media":88653,"comment_status":"open","ping_status":"open","sticky":false,"template":"","format":"standard","meta":[],"categories":[51,53],"tags":[12982,28913,33876,34979,19638,34980,26353,67,1009,47441,36991,47443,47442,47440],"views":748,"_links":{"self":[{"href":"https:\/\/www.enerjigazetesi.ist\/en\/wp-json\/wp\/v2\/posts\/88647"}],"collection":[{"href":"https:\/\/www.enerjigazetesi.ist\/en\/wp-json\/wp\/v2\/posts"}],"about":[{"href":"https:\/\/www.enerjigazetesi.ist\/en\/wp-json\/wp\/v2\/types\/post"}],"author":[{"embeddable":true,"href":"https:\/\/www.enerjigazetesi.ist\/en\/wp-json\/wp\/v2\/users\/1"}],"replies":[{"embeddable":true,"href":"https:\/\/www.enerjigazetesi.ist\/en\/wp-json\/wp\/v2\/comments?post=88647"}],"version-history":[{"count":0,"href":"https:\/\/www.enerjigazetesi.ist\/en\/wp-json\/wp\/v2\/posts\/88647\/revisions"}],"wp:featuredmedia":[{"embeddable":true,"href":"https:\/\/www.enerjigazetesi.ist\/en\/wp-json\/wp\/v2\/media\/88653"}],"wp:attachment":[{"href":"https:\/\/www.enerjigazetesi.ist\/en\/wp-json\/wp\/v2\/media?parent=88647"}],"wp:term":[{"taxonomy":"category","embeddable":true,"href":"https:\/\/www.enerjigazetesi.ist\/en\/wp-json\/wp\/v2\/categories?post=88647"},{"taxonomy":"post_tag","embeddable":true,"href":"https:\/\/www.enerjigazetesi.ist\/en\/wp-json\/wp\/v2\/tags?post=88647"}],"curies":[{"name":"wp","href":"https:\/\/api.w.org\/{rel}","templated":true}]}}