{"id":88471,"date":"2019-03-04T16:43:29","date_gmt":"2019-03-04T13:43:29","guid":{"rendered":"https:\/\/www.enerjigazetesi.ist\/?p=88471"},"modified":"2019-03-04T16:45:44","modified_gmt":"2019-03-04T13:45:44","slug":"sakaryada-turkiyenin-yenilenebilir-enerjideki-durumu-masaya-yatirildi","status":"publish","type":"post","link":"https:\/\/www.enerjigazetesi.ist\/en\/sakaryada-turkiyenin-yenilenebilir-enerjideki-durumu-masaya-yatirildi\/","title":{"rendered":"(Turkish) Sakarya\u2019da T\u00fcrkiye\u2019nin Yenilenebilir Enerji&#8217;deki Durumu Masaya Yat\u0131r\u0131ld\u0131"},"content":{"rendered":"<p class=\"qtranxs-available-languages-message qtranxs-available-languages-message-en\">Sorry, this entry is only available in <a href=\"https:\/\/www.enerjigazetesi.ist\/tr\/wp-json\/wp\/v2\/posts\/88471\" class=\"qtranxs-available-language-link qtranxs-available-language-link-tr\" title=\"Turkish\">Turkish<\/a>. For the sake of viewer convenience, the content is shown below in the alternative language. You may click the link to switch the active language.<\/p><p><\/p>\n<h1>Sakarya \u00dcniversitesi Akademik ve Sosyal Geli\u015fim Merkezi (SASGEM) \u00c7ar\u015famba Konferanslar\u0131 ile \u201cYenilenebilir Enerji Alan\u0131nda T\u00fcrkiye\u2019nin Mevcut Durumu\u201d konulu etkinlikte ger\u00e7ekle\u015fti.<\/h1>\n<p>SA\u00dc K\u00fclt\u00fcr ve Kongre Merkezi&#8217;nde d\u00fczenlenen konferansa Sakarya \u00dcniversitesi Metal\u00fcrji ve Malzeme M\u00fchendisli\u011fi B\u00f6l\u00fcm\u00fc \u00f6\u011fretim \u00fcyesi Do\u00e7. Dr. Mehmet O\u011fuz G\u00fcler konu\u015fmac\u0131 olarak kat\u0131ld\u0131. T\u00fcrkiye\u2019deki yenilenebilir enerji kaynaklar\u0131 ile ilgili bilgiler veren O\u011fuz, son zamanlarda yenilenebilir enerji <img loading=\"lazy\" class=\"alignright size-medium wp-image-88473\" src=\"https:\/\/www.enerjigazetesi.ist\/wp-content\/uploads\/2019\/03\/sakaryada-turkiyenin-yenilenebilir-enerjideki-durumu-masaya-yatirildi-300x200.jpg\" alt=\"\" width=\"300\" height=\"200\" srcset=\"https:\/\/www.enerjigazetesi.ist\/wp-content\/uploads\/2019\/03\/sakaryada-turkiyenin-yenilenebilir-enerjideki-durumu-masaya-yatirildi-300x200.jpg 300w, https:\/\/www.enerjigazetesi.ist\/wp-content\/uploads\/2019\/03\/sakaryada-turkiyenin-yenilenebilir-enerjideki-durumu-masaya-yatirildi-500x333.jpg 500w, https:\/\/www.enerjigazetesi.ist\/wp-content\/uploads\/2019\/03\/sakaryada-turkiyenin-yenilenebilir-enerjideki-durumu-masaya-yatirildi-75x50.jpg 75w, https:\/\/www.enerjigazetesi.ist\/wp-content\/uploads\/2019\/03\/sakaryada-turkiyenin-yenilenebilir-enerjideki-durumu-masaya-yatirildi-450x300.jpg 450w, https:\/\/www.enerjigazetesi.ist\/wp-content\/uploads\/2019\/03\/sakaryada-turkiyenin-yenilenebilir-enerjideki-durumu-masaya-yatirildi.jpg 733w\" sizes=\"(max-width: 300px) 100vw, 300px\" \/>kaynaklar\u0131yla ilgili d\u0131\u015fa ba\u011f\u0131ml\u0131l\u0131\u011f\u0131n da azald\u0131\u011f\u0131n\u0131 s\u00f6yledi. G\u00fcn\u00fcm\u00fcze kadar ge\u00e7en s\u00fcrede toplumlar\u0131n sosyal ve ekonomik hayatlar\u0131n\u0131n her alan\u0131nda elektrik enerjisinin b\u00fcy\u00fck bir \u00f6neme sahip oldu\u011funu s\u00f6yleyen Do\u00e7. Dr. Mehmet O\u011fuz G\u00fcler, \u201cG\u00fcn\u00fcm\u00fczde enerjinin temini \u00e7evresel kirlili\u011fin ba\u015fl\u0131ca nedenlerinden biri olmakla beraber ekonomik geli\u015fimin ve hayat kalitesinde d\u00fc\u015f\u00fc\u015flerin temelinde de \u00f6nemli etkilere sahiptir\u201d dedi.<\/p>\n<p>Yenilenebilir enerji kaynaklar\u0131n\u0131n do\u011fadaki kaynaklardan elde edilen ve daimi olarak s\u00fcren enerji kaynaklar\u0131 oldu\u011funun alt\u0131n\u0131 \u00e7izen Do\u00e7. Dr. Mehmet O\u011fuz ise, \u201cYenilenebilir enerji kaynaklar\u0131n\u0131 g\u00fcne\u015f enerjisi, r\u00fczgar enerjisi, biyok\u00fctle enerjisi, hidro enerji, jeotermal enerji ve dalga enerji olarak s\u0131ralayabiliriz. \u00c7\u00f6plerden nas\u0131l faydalan\u0131l\u0131r? Bunun \u00fczerinde de \u00e7al\u0131\u015f\u0131l\u0131yor. \u00d6zellikle tar\u0131msal at\u0131klar, hatta art\u0131k do\u011frudan tar\u0131m \u00fcr\u00fcnleri, biyok\u00fctle esasl\u0131 yak\u0131tlar\u0131n \u00fcretiminde \u015fu an kullan\u0131lmaktad\u0131r. Mesela \u00fclkemizde de \u00e7ok me\u015fhur m\u0131s\u0131r\u0131 \u00fcretiyoruz, al\u0131yoruz, m\u0131s\u0131r\u0131n ya\u011f\u0131ndan dizel yak\u0131t \u00fcretiyoruz. Basit kimyasal i\u015flemlerden ge\u00e7tikten sonra bunlar\u0131 yak\u0131t olarak kullanabiliyoruz. \u0130sve\u00e7 \u015fu anda \u00e7evre \u00fclkelerden \u00e7\u00f6p ithal ediyor. Kendi \u00fclkesindeki \u00e7\u00f6pleri tamamen geri d\u00f6n\u00fc\u015f\u00fcm amac\u0131yla kulland\u0131. Enerji \u00fcretmek i\u00e7in kom\u015fu \u00fclkelerden \u00e7\u00f6p ithal etmeye ba\u015flam\u0131\u015f durumda. Bizim \u00fclkemizde de bu konuda \u015fa\u015f\u0131rt\u0131c\u0131 bir derecede geli\u015fme var. Bu konuda \u00e7al\u0131\u015fan tesisimiz mevcut. Ara\u00e7lardan, bitkilerden, \u00fcr\u00fcnler yak\u0131larak geri d\u00f6n\u00fc\u015ft\u00fcr\u00fcl\u00fcyor\u201d dedi.<\/p>\n<p>T\u00fcrkiye\u2019de yenilenebilir enerji kaynaklarla ilgili \u00e7ok \u00f6nemli \u00e7al\u0131\u015fmalar oldu\u011funu dile getiren O\u011fuz, son zamanlarda yenilenebilir enerji kaynaklar\u0131yla ilgili d\u0131\u015fa ba\u011f\u0131ml\u0131l\u0131\u011f\u0131n da azald\u0131\u011f\u0131n\u0131 s\u00f6yleyerek T\u00fcrkiye\u2019nin d\u00fcnya s\u0131ralamas\u0131nda \u00f6nemli bir noktada oldu\u011funu kaydetti. G\u00fcler, T\u00fcrkiye\u2019nin en \u00e7ok yat\u0131r\u0131m yapt\u0131\u011f\u0131 konunun hidroelektrik santralleri oldu\u011funu s\u00f6zlerine ekledi. Etkinlik Do\u00e7. Dr. Mehmet O\u011fuz G\u00fcler\u2019e hediye takdim edilmesiyle tamamland\u0131.<\/p>","protected":false},"excerpt":{"rendered":"<p>Sorry, this entry is only available in Turkish. For the sake of viewer convenience, the content is shown below in the alternative language. You may click the link to switch the active language. Sakarya \u00dcniversitesi Akademik ve Sosyal Geli\u015fim Merkezi (SASGEM) \u00c7ar\u015famba Konferanslar\u0131 ile \u201cYenilenebilir Enerji Alan\u0131nda T\u00fcrkiye\u2019nin Mevcut Durumu\u201d konulu etkinlikte ger\u00e7ekle\u015fti. SA\u00dc K\u00fclt\u00fcr [&hellip;]<\/p>\n","protected":false},"author":1,"featured_media":88473,"comment_status":"open","ping_status":"open","sticky":false,"template":"","format":"standard","meta":[],"categories":[22893,51,53,49,47,48,50],"tags":[35143,6053,29816,2880,1025,47340,47338,63,67,1009,18,41942,2529,35038,13,23416,23133,34925,23131,26043,32181,26044,56,35002,16,24949,23318,34960,47341,47342,1796,47337,37032,34977,846,105,26829,508,47339],"views":1199,"_links":{"self":[{"href":"https:\/\/www.enerjigazetesi.ist\/en\/wp-json\/wp\/v2\/posts\/88471"}],"collection":[{"href":"https:\/\/www.enerjigazetesi.ist\/en\/wp-json\/wp\/v2\/posts"}],"about":[{"href":"https:\/\/www.enerjigazetesi.ist\/en\/wp-json\/wp\/v2\/types\/post"}],"author":[{"embeddable":true,"href":"https:\/\/www.enerjigazetesi.ist\/en\/wp-json\/wp\/v2\/users\/1"}],"replies":[{"embeddable":true,"href":"https:\/\/www.enerjigazetesi.ist\/en\/wp-json\/wp\/v2\/comments?post=88471"}],"version-history":[{"count":0,"href":"https:\/\/www.enerjigazetesi.ist\/en\/wp-json\/wp\/v2\/posts\/88471\/revisions"}],"wp:featuredmedia":[{"embeddable":true,"href":"https:\/\/www.enerjigazetesi.ist\/en\/wp-json\/wp\/v2\/media\/88473"}],"wp:attachment":[{"href":"https:\/\/www.enerjigazetesi.ist\/en\/wp-json\/wp\/v2\/media?parent=88471"}],"wp:term":[{"taxonomy":"category","embeddable":true,"href":"https:\/\/www.enerjigazetesi.ist\/en\/wp-json\/wp\/v2\/categories?post=88471"},{"taxonomy":"post_tag","embeddable":true,"href":"https:\/\/www.enerjigazetesi.ist\/en\/wp-json\/wp\/v2\/tags?post=88471"}],"curies":[{"name":"wp","href":"https:\/\/api.w.org\/{rel}","templated":true}]}}