{"id":8835,"date":"2013-03-26T16:57:33","date_gmt":"2013-03-26T13:57:33","guid":{"rendered":"https:\/\/www.enerjigazetesi.ist\/?p=8835"},"modified":"2013-03-26T16:58:52","modified_gmt":"2013-03-26T13:58:52","slug":"petrol-savasindan-su-barisina","status":"publish","type":"post","link":"https:\/\/www.enerjigazetesi.ist\/en\/petrol-savasindan-su-barisina\/","title":{"rendered":"(Turkish) Petrol Sava\u015f\u0131ndan Su Bar\u0131\u015f\u0131na&#8230;"},"content":{"rendered":"<p class=\"qtranxs-available-languages-message qtranxs-available-languages-message-en\">Sorry, this entry is only available in <a href=\"https:\/\/www.enerjigazetesi.ist\/tr\/wp-json\/wp\/v2\/posts\/8835\" class=\"qtranxs-available-language-link qtranxs-available-language-link-tr\" title=\"Turkish\">Turkish<\/a>. For the sake of viewer convenience, the content is shown below in the alternative language. You may click the link to switch the active language.<\/p><p><\/p>\n<div><strong>19. y\u00fczy\u0131lda bir damla petrol i\u00e7in sava\u015flar\u0131n ya\u015fand\u0131\u011f\u0131 Ortado\u011fu\u2019nun yeni stratejik kayna\u011f\u0131 su! B\u00f6lge \u00fclkelerini \u0130stanbul\u2019da toplayan \u2018Mavi Bar\u0131\u015f\u2019 inisiyatifi, suyu bar\u0131\u015f zeminine \u00e7evirme imk\u00e2n\u0131n\u0131 masaya yat\u0131rd\u0131.<\/strong><\/div>\n<div>\n<p>\u2018Bug\u00fcnlerde Suriye\u2019de du\u015f almak, \u00f6nceden planlanmas\u0131 gereken ince bir mesele. Hele kad\u0131nsan\u0131z \u00e7ok boyutlu d\u00fc\u015f\u00fcnmeniz laz\u0131m. Suyun hangi saatte, hangi b\u00f6lgeye verilece\u011fi, ka\u00e7 saat sonra kesilece\u011fi gibi baz\u0131 p\u00fcf noktalar\u0131na sahip de\u011filseniz temiz ve\u00a0 s\u0131cak bir suyla du\u015f almay\u0131 unutun! \u015eimdilerde Suriyeli kad\u0131nlar\u0131n yeni trendi iyi bir du\u015f i\u00e7in otellerde oda tutmak\u2026\u201d<\/p>\n<p>Suriyeli gazeteci Hamoud El Mahmud, bu anekdotu, Suriye\u2019de ge\u00e7mi\u015ften bu yana ya\u015fanan su k\u0131tl\u0131\u011f\u0131n\u0131n Arap Bahar\u0131 sonras\u0131 patlak veren i\u00e7 sava\u015fla daha da artt\u0131\u011f\u0131n\u0131 yans\u0131tmak i\u00e7in kullan\u0131yor. El Mahmud, bir taraftan rejimin di\u011fer taraftan muhaliflerin f\u00fctursuzca \u00e7arp\u0131\u015f\u0131p su rezervlerini ve altyap\u0131s\u0131n\u0131 tahrip etti\u011finden yak\u0131n\u0131yor: \u201cEsed gidecek belki ama \u00fclke de bir damla suya muhta\u00e7 kalacak!\u201d<\/p>\n<p>M\u0131s\u0131rl\u0131 radyo yay\u0131nc\u0131s\u0131 Mai El Sahfie, Mahmud\u2019a \u201cBu daha iyi g\u00fcnleriniz!\u201d diyerek giriyor s\u00f6ze. As\u0131rl\u0131k rejimi de\u011fi\u015ftirmeye soyunan devrimci iktidar\u0131n, en az rejim kadar sorunlu su rejimine el atmaya \u00e7ekindi\u011fini iddia eden El Sahfie, devasa Nil Nehri\u2019ne ra\u011fmen su s\u0131k\u0131nt\u0131s\u0131 \u00e7eken M\u0131s\u0131rl\u0131lar\u0131n her g\u00fcn ba\u015fkent Kahire\u2019de eylemler d\u00fczenledi\u011fini aktar\u0131yor\u2026<\/p>\n<p>\u201cIrak\u2019\u0131n su sistemini de ABD i\u015fgali sonras\u0131nda ya\u015fanan i\u00e7 sava\u015f y\u0131kt\u0131.\u201d diyerek ba\u015fl\u0131yor tebli\u011fine Irak Milletvekili Safia Al Suhail de. Her ge\u00e7en g\u00fcn azalan ve kirlenen sular\u0131n\u0131n kolera salg\u0131nlar\u0131na yol a\u00e7maya ba\u015flad\u0131\u011f\u0131na de\u011finiyor. F\u0131rat ve Dicle\u2019den daha fazla istifade i\u00e7in Ankara ile s\u00fcrd\u00fcrd\u00fckleri \u2018su diplomasisinin\u2019 neticeye ula\u015fmamas\u0131ndan bahsediyor: \u201cT\u00fcrkiye, Irakl\u0131 \u00e7ocuklar\u0131n koleradan \u00f6lmesini ister mi?\u201d<\/p>\n<p>L\u00fcbnan, \u00dcrd\u00fcn, Yemen, Filistin, Bahreyn, Birle\u015fik Arap Emirlikleri\u2019nden gelen \u00fcst d\u00fczey di\u011fer kat\u0131l\u0131mc\u0131lar da benzer sunumlarda bulunuyor \u00fclkeleriyle ilgili\u2026 \u00d6zetle, Ortado\u011fu\u2019da demografi, end\u00fcstri ve \u015fehirle\u015fme artarken temiz su kapasitesi tam tersine h\u0131zla azal\u0131yor\u2026 B\u00f6lgesel \u00f6nlemler devreye girmezse yak\u0131n gelecekte su \u00e7at\u0131\u015fmalar\u0131n\u0131n patlak vermesi i\u015ften bile de\u011fil.<\/p>\n<p>Ge\u00e7en hafta (18-19 Mart) Turkish Review Dergisi ile Strategic Foresight Group (SFG-Stratejik \u00d6ng\u00f6r\u00fc Grubu) ortakl\u0131\u011f\u0131nda \u0130stanbul\u2019da d\u00fczenlenen \u201cOrtado\u011fu\u2019da Mavi Bar\u0131\u015f Konferans\u0131\u201dn\u0131n ana ama\u00e7lar\u0131ndan biri buydu zaten. Ortado\u011fu\u2019daki su k\u0131tl\u0131\u011f\u0131n\u0131n ula\u015ft\u0131\u011f\u0131 boyutu yerel b\u00fcrokrat, akademisyen ve gazeteciler \u00fczerinden \u00f6\u011frenmek\u2026 \u0130ki g\u00fcn s\u00fcren uluslararas\u0131 toplant\u0131da b\u00f6lgeye dair gelecek perspektifleri de \u00e7izildi. Gelmekte olan b\u00fcy\u00fck su krizine kar\u015f\u0131 kolektif m\u00fccadelenin zaruri oldu\u011fu, bu y\u00f6nde b\u00f6lge halklar\u0131 ile iktidarlar\u0131nda yeni bir alg\u0131 in\u015fas\u0131n\u0131n gerekti\u011fi vurguland\u0131. Bu y\u00fczden 17 farkl\u0131 \u00fclkeden davet edilen 70\u2019ten fazla kat\u0131l\u0131mc\u0131n\u0131n a\u011f\u0131rl\u0131\u011f\u0131n\u0131 medya mensuplar\u0131 olu\u015fturuyordu.<\/p>\n<p>Konferans\u0131n T\u00fcrkiye aya\u011f\u0131n\u0131 y\u00f6neten Turkish Review Genel Yay\u0131n Edit\u00f6r\u00fc Kerim Balc\u0131, Arap Bahar\u0131 sonras\u0131 Ortado\u011fu\u2019nun ana g\u00fcndemi olacak b\u00f6lgesel su krizlerini bug\u00fcnden masaya yat\u0131rarak \u00f6n almaya \u00e7al\u0131\u015ft\u0131klar\u0131n\u0131 anlat\u0131yor: \u201cDe\u011fi\u015fim sanc\u0131lar\u0131ndan \u00f6t\u00fcr\u00fc kimse bu meseleyi tart\u0131\u015fam\u0131yordu. Hindistan merkezli partnerimiz SFG ile b\u00f6lge \u00fclkelerini yakla\u015fmaktaki krize kar\u015f\u0131 uyarmak istedik. Bir ilk niteli\u011findeki Mavi Bar\u0131\u015f Konferans\u0131 sayesinde, aralar\u0131nda su sorunlar\u0131 bulunan taraflar bir masa etraf\u0131nda bulu\u015fup empati yapma imk\u00e2n\u0131 yakalad\u0131. Daha \u00f6nce s\u0131n\u0131r a\u015fan sularla ilgili geli\u015fmeleri Bat\u0131 kaynakl\u0131 ajanslardan \u00f6\u011freniyorlard\u0131. Bundan sonraki bilgi ak\u0131\u015f\u0131n\u0131n \u0130stanbul\u2019daki konferansta kurulan network \u00fczerinden sa\u011flanaca\u011f\u0131n\u0131 d\u00fc\u015f\u00fcn\u00fcyoruz.\u201d<\/p>\n<h2>Su krizi neden \u00e7\u00f6z\u00fclemiyor?<\/h2>\n<p>Konferans\u0131n belki de en verimli k\u0131sm\u0131, taraflar\u0131n ilk elden birbirinin duru\u015funu g\u00f6rme imk\u00e2n\u0131 elde etmesiydi. Mesela Irak grubu, T\u00fcrkiye\u2019yi kendilerine yeterince su b\u0131rakmamakla ele\u015ftirirken, T\u00fcrk taraf\u0131 Ba\u011fdat h\u00fck\u00fcmetinin Dicle ve F\u0131rat \u00fczerinden saniyede 500 metrek\u00fcp kadar akan suyu halk\u0131na da\u011f\u0131tmak yerine kurdu\u011fu 15 barajla elektrik \u00fcretimine y\u00f6nelmesini hat\u0131rlatt\u0131. Keza bir \u00dcrd\u00fcnl\u00fc kat\u0131l\u0131mc\u0131n\u0131n Kur\u2019an ayetlerinden yola \u00e7\u0131karak Allah\u2019\u0131n suyu t\u00fcm insanlar\u0131n kullan\u0131m\u0131 i\u00e7in yaratt\u0131\u011f\u0131na, su zengini kom\u015fu \u00fclkelerin payla\u015f\u0131mdan ka\u00e7t\u0131\u011f\u0131na i\u015faret etmesi kar\u015f\u0131nda T\u00fcrk gazetecinin verdi\u011fi cevap da manidard\u0131: \u201cEvet, do\u011frudur, Allah suyu b\u00fct\u00fcn insanl\u0131k i\u00e7in yaratt\u0131. Peki, petrol\u00fc, gaz\u0131, madenleri t\u00fcm in<a href=\"https:\/\/www.enerjigazetesi.ist\/wp-content\/uploads\/2013\/03\/petrol-savasi-su-barisi-505x252.jpg\"><img loading=\"lazy\" class=\"alignleft size-medium wp-image-8836\" title=\"petrol-savasi-su-barisi-505x252\" src=\"https:\/\/www.enerjigazetesi.ist\/wp-content\/uploads\/2013\/03\/petrol-savasi-su-barisi-505x252-300x183.jpg\" alt=\"\" width=\"300\" height=\"183\" srcset=\"https:\/\/www.enerjigazetesi.ist\/wp-content\/uploads\/2013\/03\/petrol-savasi-su-barisi-505x252-300x183.jpg 300w, https:\/\/www.enerjigazetesi.ist\/wp-content\/uploads\/2013\/03\/petrol-savasi-su-barisi-505x252-80x48.jpg 80w, https:\/\/www.enerjigazetesi.ist\/wp-content\/uploads\/2013\/03\/petrol-savasi-su-barisi-505x252.jpg 412w\" sizes=\"(max-width: 300px) 100vw, 300px\" \/><\/a>sanl\u0131k i\u00e7in yaratmad\u0131 m\u0131? T\u00fcrkiye, bedava su verdi\u011fi M\u00fcsl\u00fcman kom\u015fular\u0131ndan neden bedava petrol alam\u0131yor?\u201d<\/p>\n<p>\u0130ki g\u00fcn boyunca sunumlar\u0131n ard\u0131ndan s\u00fcren tatl\u0131 sert at\u0131\u015fmalar, s\u0131n\u0131r\u0131 a\u015fan sular \u00fczerinden sorun ya\u015fayan \u00fclkelerin kar\u015f\u0131 taraf\u0131n durumuna dair \u2018komplovari\u2019 bilgilere sahip oldu\u011funu ortaya koydu. Mesela Suriye ve Irak grubu \u00fclkelerindeki su k\u0131tl\u0131\u011f\u0131n\u0131n ana sebebini T\u00fcrkiye\u2019nin barajlarda su tutmas\u0131 olarak yans\u0131t\u0131rken, T\u00fcrk taraf\u0131n\u0131n kom\u015fular\u0131na Avrupa ve d\u00fcnya standartlar\u0131ndan daha fazla oranda su b\u0131rakt\u0131\u011f\u0131n\u0131 resm\u00ee verilerle ortaya koymas\u0131 \u00f6nemliydi. Keza Filistin, \u00dcrd\u00fcn ve L\u00fcbnan gruplar\u0131n\u0131n da \u0130srail\u2019in d\u00fc\u015fmanca tavr\u0131n\u0131n yan\u0131nda sular\u0131n\u0131n k\u00fcresel \u0131s\u0131nma, n\u00fcfus art\u0131\u015f\u0131 ve tuzlanma gibi negatif \u00e7evre \u015fartlar\u0131ndan etkilendi\u011fini g\u00f6rmeleri de konferans\u0131n sundu\u011fu b\u00fcy\u00fck kazan\u0131mlardand\u0131.<\/p>\n<p>Yanl\u0131\u015f yarg\u0131lardan biri de T\u00fcrkiye\u2019nin su zengini oldu\u011fuydu! Orta Do\u011fu Teknik \u00dcniversitesi (ODT\u00dc) \u00d6\u011fretim \u00dcyesi Prof. Dr. Do\u011fan Alt\u0131nbilek, verdi\u011fi resm\u00ee rakamlarla k\u0131rd\u0131 bu alg\u0131y\u0131. Aksiyon\u2019a konu\u015fan eski Devlet Su \u0130\u015fleri (DS\u0130) Genel M\u00fcd\u00fcr\u00fc Alt\u0131nbilek, T\u00fcrkiye\u2019nin su s\u0131k\u0131nt\u0131s\u0131 \u00e7ekmedi\u011fini ancak bu durumun su zengini oldu\u011fu anlam\u0131na da gelmeyece\u011fini s\u00f6yledi: \u201cSu y\u00fczde 100 hesaba gelebilir mi? Rezervler ya\u011fmur ya\u011farsa bol olur. Ortado\u011fu\u2019yu, T\u00fcrkiye\u2019yi de etkileyen ciddi bir global iklim de\u011fi\u015fikli\u011fi ya\u015fan\u0131yor. Ya\u011f\u0131\u015flar azal\u0131yor, n\u00fcfus art\u0131yor, sulanmas\u0131 gereken araziler \u00e7o\u011fal\u0131yor. Bug\u00fcn ki\u015fi ba\u015f\u0131na d\u00fc\u015fen kullanma su miktar\u0131 1400 metrek\u00fcp civar\u0131nda. Yak\u0131n gelecekte bu oran\u0131n 700-800 metrek\u00fcpe d\u00fc\u015fece\u011fini \u00f6ng\u00f6ren \u00e7al\u0131\u015fmalar var. Dolay\u0131s\u0131yla kom\u015fular\u0131n\u0131n T\u00fcrkiye\u2019den mutat su sal\u0131n\u0131m\u0131 beklemesi do\u011fru de\u011fil. Zira su rezervi bizde de azal\u0131yor.\u201d<\/p>\n<p>Alt\u0131nbilek, baz\u0131 kom\u015fu \u00fclke iktidarlar\u0131n\u0131n su sorununu i\u00e7 politikaya alet etti\u011fine de\u011finiyor. Sorunu \u00e7\u00f6zmek yerine halk\u0131 y\u00f6nlendirme arac\u0131 olarak kulland\u0131klar\u0131n\u0131 d\u00fc\u015f\u00fcn\u00fcyor: \u201cTeknoloji ilerledi. Deniz suyunu i\u00e7me suyuna d\u00f6n\u00fc\u015ft\u00fcren sistemler var g\u00fcn\u00fcm\u00fczde. Suudi Arabistan denizden ar\u0131t\u0131yor mesela\u2026 \u0130ktidarlar u\u011fra\u015fsa su sorunlar\u0131n\u0131 farkl\u0131 yollarla da \u00e7\u00f6zebilir.\u201d<\/p>\n<p>Konferans kapsam\u0131nda su kaynaklar\u0131n\u0131n do\u011fru y\u00f6netimi, etkin tasarrufu, adil payla\u015f\u0131m\u0131 gibi ufuk a\u00e7\u0131c\u0131 sunumlar da yap\u0131ld\u0131. Su tasarrufu i\u00e7in baraj yerine n\u00fckleer enerjiden elektrik \u00fcretimine ge\u00e7ilmesini \u00f6neren de oldu, dam\u0131tma tar\u0131ma ge\u00e7ilmesi fikrini savunan da\u2026 Avrupa\u2019da s\u0131n\u0131r a\u015fan nehirler \u00fczerinde ya\u015fanan sorunlar\u0131 \u00e7\u00f6zen bar\u0131\u015f anla\u015fmalar\u0131n\u0131 Ortado\u011fu\u2019ya uyarlayan da \u00e7\u0131kt\u0131 salonda. Ancak ana vurgu medyaya yap\u0131ld\u0131. Yeni d\u00f6nemde b\u00f6lge halklar\u0131 ile y\u00f6netimlerinin tasarruf, do\u011fru y\u00f6netim ve payla\u015f\u0131m konular\u0131nda ayd\u0131nlat\u0131lmas\u0131 g\u00f6revi bas\u0131na d\u00fc\u015ft\u00fc. \u0130nisiyatif, bu ba\u011flamda b\u00f6lge medyas\u0131na d\u00f6n\u00fck m\u00fc\u015fterek e\u011fitim programlar\u0131 \u00fczerine \u00e7al\u0131\u015ft\u0131\u011f\u0131n\u0131 duyurdu. Mevcut medya mensuplar\u0131n\u0131n yetersiz bilgileriyle haz\u0131rlad\u0131klar\u0131 haberlerin su krizini daha da derinle\u015ftirdi\u011fi vurguland\u0131.<\/p>\n<p>Peki, Ortado\u011fu ortak sorununu m\u00fcnferit \u00e7\u00f6zebilir mi? Cevab\u0131n\u0131 \u00dcrd\u00fcn\u2019\u00fcn eski Su Bakan\u0131 Dr. Maysoon Zoubi veriyor: \u201cBir araya gelemezsek su bar\u0131\u015f de\u011fil, sava\u015f unsuru olur!\u201d Mavi Bar\u0131\u015f Konferans\u0131\u2019n\u0131n bir ilki ba\u015far\u0131p onlarca y\u0131ld\u0131r sorun ya\u015fayan b\u00f6lge \u00fclkelerini tek masada toplayabildi\u011fini, bunun kendilerine verilmi\u015f en b\u00fcy\u00fck mesaj oldu\u011funu anlat\u0131yor Zoubi: \u201cOrtado\u011fu\u2019da suyu silah gibi kullanan \u0130srail ile hepimizin ciddi sorunlar\u0131 var. Tel Aviv h\u00fck\u00fcmeti \u00dcrd\u00fcn ile ge\u00e7mi\u015fte yapt\u0131\u011f\u0131 anla\u015fmalara sad\u0131k kalmad\u0131\u011f\u0131 gibi Filistin\u2019e, L\u00fcbnan\u2019a bir damla suyu \u00e7ok g\u00f6r\u00fcyor. Su \u00fczerinden Ortado\u011fu\u2019yu y\u00f6nlendirmeye \u00e7al\u0131\u015f\u0131yor. Bir an \u00f6nce kolektif su politikalar\u0131 \u00fcretemezsek gelece\u011fimiz \u00e7ok ayd\u0131nl\u0131k olmayacak.\u201d<\/p>\n<p>Benzer hassasiyet, konferans\u0131n e\u015f tertip\u00e7isi Strategic Foresight Group Ba\u015fkan\u0131 Dr. Sundeep Waslekar\u2019da da mevcut. Hintli uzman, meseleye d\u0131\u015far\u0131dan d\u00e2hil olman\u0131n verdi\u011fi rahatl\u0131kla daha net konu\u015fuyor: \u201cBu sorun hepinizin sorunu. Devlet politikalar\u0131n\u0131z birbiriyle \u00f6rt\u00fc\u015fmeden, entegre olmadan \u00fcstesinden gelmeniz \u00e7ok zor.\u201d<\/p>\n<p>\u0130ki g\u00fcn\u00fcn sonunda ortaya \u00e7\u0131kan tablo pek i\u00e7 a\u00e7\u0131c\u0131 de\u011fil asl\u0131nda. Arap Bahar\u0131, k\u00fcresel \u0131s\u0131nma ve artan n\u00fcfus dolayl\u0131 olarak Ortado\u011fu su rezervlerini vuruyor. BM ve D\u00fcnya Sa\u011fl\u0131k \u00d6rg\u00fct\u00fc, b\u00f6lgenin ad\u0131m ad\u0131m su sava\u015flar\u0131na s\u00fcr\u00fcklendi\u011fine i\u015faret ediyor. Gidi\u015fat b\u00f6yleyken b\u00f6lge \u00fclkelerinin birbirini su\u00e7lamaktan \u00f6te gitmeyen su politikalar\u0131n\u0131 de\u011fi\u015ftirmesi elzem g\u00f6r\u00fcn\u00fcyor. Bir bak\u0131ma su sorununu bar\u0131\u015f zeminine \u00e7evirmek b\u00f6lge iktidarlar\u0131n\u0131n elinde\u2026<\/p>\n<h2>Mavi Bar\u0131\u015f\u2019a mecburuz<\/h2>\n<p>\u2018Mavi Bar\u0131\u015f\u2019 inisiyatifinin liderli\u011fini \u00dcrd\u00fcn Prensi Hassan bin Talal y\u00fcr\u00fct\u00fcyor. Bu \u00fcst yap\u0131da T\u00fcrkiye\u2019yi eski D\u0131\u015fi\u015fleri Bakan\u0131 Ya\u015far Yak\u0131\u015f, L\u00fcbnan\u2019\u0131 eski Finans Bakan\u0131 Dr. Muhammed Chatah, Irak\u2019\u0131 eski \u0130nsan Haklar\u0131 Bakan\u0131 Dr. Bahtiyar Amin, \u0130ngiltere\u2019yi de Liberal Demokrat Lord Alderdice temsil ediyor. \u0130stanbul\u2019daki etkinli\u011fe Prens Talal ad\u0131na k\u0131z\u0131 Prenses S\u00fcmeyye bint El Hassan kat\u0131ld\u0131. Prenses Hassan, konferans\u0131n galas\u0131nda yapt\u0131\u011f\u0131 konu\u015fmada, yak\u0131n d\u00f6nemde Ortado\u011fu\u2019yu derinden etkileyecek su krizlerini sorunsuz atlatabilmek i\u00e7in \u00fclkelerin kolektif hareket etmeye mecbur olduklar\u0131n\u0131 vurgulad\u0131. Prenses S\u00fcmeyye, Ortado\u011fu\u2019daki su kaynaklar\u0131n\u0131n y\u00f6netim, payla\u015f\u0131m ve korunmas\u0131 y\u00f6n\u00fcnde ciddi sorunlar bulundu\u011funu, bu sorunlar\u0131n Mavi Bar\u0131\u015f inisiyatifi gibi m\u00fc\u015fterek ad\u0131mlarla halledilmesi durumda siyasi krizlerin de azalaca\u011f\u0131n\u0131 s\u00f6yledi.<\/p>\n<p>Kaynak: <a href=\"http:\/\/enerjienstitusu.com\/2013\/03\/26\/petrol-savasindan-su-barisina\/\" target=\"_blank\">Enerji Enstit\u00fcs\u00fc<\/a><\/p>\n<\/div>\n<p><\/p>","protected":false},"excerpt":{"rendered":"<p>Sorry, this entry is only available in Turkish. For the sake of viewer convenience, the content is shown below in the alternative language. You may click the link to switch the active language. 19. y\u00fczy\u0131lda bir damla petrol i\u00e7in sava\u015flar\u0131n ya\u015fand\u0131\u011f\u0131 Ortado\u011fu\u2019nun yeni stratejik kayna\u011f\u0131 su! B\u00f6lge \u00fclkelerini \u0130stanbul\u2019da toplayan \u2018Mavi Bar\u0131\u015f\u2019 inisiyatifi, suyu bar\u0131\u015f [&hellip;]<\/p>\n","protected":false},"author":1,"featured_media":8836,"comment_status":"open","ping_status":"open","sticky":false,"template":"","format":"standard","meta":[],"categories":[53,44],"tags":[67,3906,3909,79,3905,3907],"views":684,"_links":{"self":[{"href":"https:\/\/www.enerjigazetesi.ist\/en\/wp-json\/wp\/v2\/posts\/8835"}],"collection":[{"href":"https:\/\/www.enerjigazetesi.ist\/en\/wp-json\/wp\/v2\/posts"}],"about":[{"href":"https:\/\/www.enerjigazetesi.ist\/en\/wp-json\/wp\/v2\/types\/post"}],"author":[{"embeddable":true,"href":"https:\/\/www.enerjigazetesi.ist\/en\/wp-json\/wp\/v2\/users\/1"}],"replies":[{"embeddable":true,"href":"https:\/\/www.enerjigazetesi.ist\/en\/wp-json\/wp\/v2\/comments?post=8835"}],"version-history":[{"count":3,"href":"https:\/\/www.enerjigazetesi.ist\/en\/wp-json\/wp\/v2\/posts\/8835\/revisions"}],"predecessor-version":[{"id":8838,"href":"https:\/\/www.enerjigazetesi.ist\/en\/wp-json\/wp\/v2\/posts\/8835\/revisions\/8838"}],"wp:featuredmedia":[{"embeddable":true,"href":"https:\/\/www.enerjigazetesi.ist\/en\/wp-json\/wp\/v2\/media\/8836"}],"wp:attachment":[{"href":"https:\/\/www.enerjigazetesi.ist\/en\/wp-json\/wp\/v2\/media?parent=8835"}],"wp:term":[{"taxonomy":"category","embeddable":true,"href":"https:\/\/www.enerjigazetesi.ist\/en\/wp-json\/wp\/v2\/categories?post=8835"},{"taxonomy":"post_tag","embeddable":true,"href":"https:\/\/www.enerjigazetesi.ist\/en\/wp-json\/wp\/v2\/tags?post=8835"}],"curies":[{"name":"wp","href":"https:\/\/api.w.org\/{rel}","templated":true}]}}