{"id":88224,"date":"2019-03-01T13:13:28","date_gmt":"2019-03-01T10:13:28","guid":{"rendered":"https:\/\/www.enerjigazetesi.ist\/?p=88224"},"modified":"2019-03-01T13:15:07","modified_gmt":"2019-03-01T10:15:07","slug":"ordunun-derelerinde-faaliyette-olan-hes-sayisi-14e-cikti","status":"publish","type":"post","link":"https:\/\/www.enerjigazetesi.ist\/en\/ordunun-derelerinde-faaliyette-olan-hes-sayisi-14e-cikti\/","title":{"rendered":"(Turkish) Ordu\u2019nun Derelerinde Faaliyette Olan HES Say\u0131s\u0131 14\u2019e \u00c7\u0131kt\u0131"},"content":{"rendered":"<p class=\"qtranxs-available-languages-message qtranxs-available-languages-message-en\">Sorry, this entry is only available in <a href=\"https:\/\/www.enerjigazetesi.ist\/tr\/wp-json\/wp\/v2\/posts\/88224\" class=\"qtranxs-available-language-link qtranxs-available-language-link-tr\" title=\"Turkish\">Turkish<\/a>. For the sake of viewer convenience, the content is shown below in the alternative language. You may click the link to switch the active language.<\/p><p><\/p>\n<h1>Top\u00e7am Baraj\u0131 ve Dar\u0131ca HES\u2019in in\u015fa edilmesi ile ba\u015flam\u0131\u015f olan Ordu\u2019nun derelerinden elektrik enerjisi sa\u011flanmas\u0131na y\u00f6nelik \u00e7al\u0131\u015fmalar t\u00fcm h\u0131z\u0131yla devam etmektedir. En son 1 hidroelektrik santralinin daha devreye girmesiyle <img loading=\"lazy\" class=\"alignleft size-medium wp-image-88226\" src=\"https:\/\/www.enerjigazetesi.ist\/wp-content\/uploads\/2019\/03\/ordunun-derelerinde-faaliyette-olan-hes-sayisi-14e-cikti-300x202.jpg\" alt=\"\" width=\"300\" height=\"202\" srcset=\"https:\/\/www.enerjigazetesi.ist\/wp-content\/uploads\/2019\/03\/ordunun-derelerinde-faaliyette-olan-hes-sayisi-14e-cikti-300x202.jpg 300w, https:\/\/www.enerjigazetesi.ist\/wp-content\/uploads\/2019\/03\/ordunun-derelerinde-faaliyette-olan-hes-sayisi-14e-cikti-500x337.jpg 500w, https:\/\/www.enerjigazetesi.ist\/wp-content\/uploads\/2019\/03\/ordunun-derelerinde-faaliyette-olan-hes-sayisi-14e-cikti-74x50.jpg 74w, https:\/\/www.enerjigazetesi.ist\/wp-content\/uploads\/2019\/03\/ordunun-derelerinde-faaliyette-olan-hes-sayisi-14e-cikti.jpg 725w\" sizes=\"(max-width: 300px) 100vw, 300px\" \/>Ordu\u2019nun derelerinde faaliyetini s\u00fcrd\u00fcren HES say\u0131s\u0131 14&#8217;e \u00e7\u0131kt\u0131.<\/h1>\n<p>Devlet Su \u0130\u015fleri Samsun B\u00f6lge M\u00fcd\u00fcrl\u00fc\u011f\u00fc yetkilileri, halen i\u015fletmedeki 14 HES\u2019in kurulu g\u00fcc\u00fcn\u00fcn 423 MW oldu\u011funu, y\u0131lda \u00fcrettikleri elektrik enerjisinin de y\u0131lda 1332 GWh oldu\u011funu ifade ettiler. Rakamlara g\u00f6re, i\u015fletmede olan 14 HES, 3 \u00fcniteden olu\u015farak toplamda 60 MW g\u00fcce sahip y\u0131lda 198,5 milyon kilovatsaat enerji \u00fcretimi olan Top\u00e7am Baraj\u0131\u2019n\u0131n 7 kat\u0131 enerji \u00fcretmektedir.<\/p>\n<p>Di\u011fer yandan planlanan ve projeleri bitirilme a\u015famas\u0131na gelen 10 HES\u2019in toplam da 181 MW g\u00fcce sahip olarak y\u0131lda 580 GWh enerji \u00fcretmesi \u00f6ng\u00f6r\u00fclmektedir.<\/p>","protected":false},"excerpt":{"rendered":"<p>Sorry, this entry is only available in Turkish. For the sake of viewer convenience, the content is shown below in the alternative language. You may click the link to switch the active language. Top\u00e7am Baraj\u0131 ve Dar\u0131ca HES\u2019in in\u015fa edilmesi ile ba\u015flam\u0131\u015f olan Ordu\u2019nun derelerinden elektrik enerjisi sa\u011flanmas\u0131na y\u00f6nelik \u00e7al\u0131\u015fmalar t\u00fcm h\u0131z\u0131yla devam etmektedir. En [&hellip;]<\/p>\n","protected":false},"author":1,"featured_media":88226,"comment_status":"open","ping_status":"open","sticky":false,"template":"","format":"standard","meta":[],"categories":[51,53,47],"tags":[47195,47197,34979,5070,47196,19638,34980,26353,42030,67,1009,26043,70,26044,7162,47193,47194,34977,6854,13929,26829],"views":1032,"_links":{"self":[{"href":"https:\/\/www.enerjigazetesi.ist\/en\/wp-json\/wp\/v2\/posts\/88224"}],"collection":[{"href":"https:\/\/www.enerjigazetesi.ist\/en\/wp-json\/wp\/v2\/posts"}],"about":[{"href":"https:\/\/www.enerjigazetesi.ist\/en\/wp-json\/wp\/v2\/types\/post"}],"author":[{"embeddable":true,"href":"https:\/\/www.enerjigazetesi.ist\/en\/wp-json\/wp\/v2\/users\/1"}],"replies":[{"embeddable":true,"href":"https:\/\/www.enerjigazetesi.ist\/en\/wp-json\/wp\/v2\/comments?post=88224"}],"version-history":[{"count":0,"href":"https:\/\/www.enerjigazetesi.ist\/en\/wp-json\/wp\/v2\/posts\/88224\/revisions"}],"wp:featuredmedia":[{"embeddable":true,"href":"https:\/\/www.enerjigazetesi.ist\/en\/wp-json\/wp\/v2\/media\/88226"}],"wp:attachment":[{"href":"https:\/\/www.enerjigazetesi.ist\/en\/wp-json\/wp\/v2\/media?parent=88224"}],"wp:term":[{"taxonomy":"category","embeddable":true,"href":"https:\/\/www.enerjigazetesi.ist\/en\/wp-json\/wp\/v2\/categories?post=88224"},{"taxonomy":"post_tag","embeddable":true,"href":"https:\/\/www.enerjigazetesi.ist\/en\/wp-json\/wp\/v2\/tags?post=88224"}],"curies":[{"name":"wp","href":"https:\/\/api.w.org\/{rel}","templated":true}]}}