{"id":88152,"date":"2019-02-28T10:20:42","date_gmt":"2019-02-28T07:20:42","guid":{"rendered":"https:\/\/www.enerjigazetesi.ist\/?p=88152"},"modified":"2019-03-07T12:54:04","modified_gmt":"2019-03-07T09:54:04","slug":"tuken-ulkemizin-her-kosesinde-calistigimiz-enerji-firmalari-mevcut","status":"publish","type":"post","link":"https:\/\/www.enerjigazetesi.ist\/en\/tuken-ulkemizin-her-kosesinde-calistigimiz-enerji-firmalari-mevcut\/","title":{"rendered":"(Turkish) T\u00fcken: &#8220;\u00dclkemizin Her K\u00f6\u015fesinde \u00c7al\u0131\u015ft\u0131\u011f\u0131m\u0131z Enerji Firmalar\u0131 Mevcut&#8221;"},"content":{"rendered":"<p class=\"qtranxs-available-languages-message qtranxs-available-languages-message-en\">Sorry, this entry is only available in <a href=\"https:\/\/www.enerjigazetesi.ist\/tr\/wp-json\/wp\/v2\/posts\/88152\" class=\"qtranxs-available-language-link qtranxs-available-language-link-tr\" title=\"Turkish\">Turkish<\/a>. For the sake of viewer convenience, the content is shown below in the alternative language. You may click the link to switch the active language.<\/p><p><\/p>\n<h1>Antalya\u2019da G\u00dcYAD Sponsorlu\u011funda ger\u00e7ekle\u015ftirilen Enerji Sohbetlerine kat\u0131lan Kotra Sigorta Genel M\u00fcd\u00fcr\u00fc Osman T\u00fcken sigorta acenteli\u011fi ile ilgili \u00f6nemli konulara de\u011findi. Enerji g\u00fcndemine dair sekt\u00f6rde sigortac\u0131l\u0131k nedir? Hangi durumlarda sigorta firmas\u0131 m\u00fc\u015fterinin zarar\u0131n\u0131 kar\u015f\u0131lamaktad\u0131r gibi sorulara da anlat\u0131mlar\u0131yla cevap vermi\u015f oldu&#8230;<\/h1>\n<p>Kotra Sigorta bilindi\u011fi \u00fczere solar enerji sekt\u00f6r\u00fc ba\u015fta olmak \u00fczere t\u00fcm enerji piyasas\u0131na y\u00f6nelik sigortac\u0131l\u0131k hizmetleri sunmaktad\u0131r. Finans ve sigorta sekt\u00f6r\u00fc enerji yat\u0131r\u0131mlar\u0131n\u0131n daha istikrarl\u0131 yap\u0131labilmesi i\u00e7in \u00f6nemli bir sekt\u00f6r olarak kar\u015f\u0131m\u0131za \u00e7\u0131kmaktad\u0131r.<\/p>\n<p><img loading=\"lazy\" class=\"alignright size-medium wp-image-88154\" src=\"https:\/\/www.enerjigazetesi.ist\/wp-content\/uploads\/2019\/02\/tuken-ulkemizin-her-kosesinde-calistigimiz-enerji-firmalari-mevcut-265x300.jpg\" alt=\"\" width=\"265\" height=\"300\" srcset=\"https:\/\/www.enerjigazetesi.ist\/wp-content\/uploads\/2019\/02\/tuken-ulkemizin-her-kosesinde-calistigimiz-enerji-firmalari-mevcut-265x300.jpg 265w, https:\/\/www.enerjigazetesi.ist\/wp-content\/uploads\/2019\/02\/tuken-ulkemizin-her-kosesinde-calistigimiz-enerji-firmalari-mevcut-354x400.jpg 354w, https:\/\/www.enerjigazetesi.ist\/wp-content\/uploads\/2019\/02\/tuken-ulkemizin-her-kosesinde-calistigimiz-enerji-firmalari-mevcut-44x50.jpg 44w, https:\/\/www.enerjigazetesi.ist\/wp-content\/uploads\/2019\/02\/tuken-ulkemizin-her-kosesinde-calistigimiz-enerji-firmalari-mevcut.jpg 488w\" sizes=\"(max-width: 265px) 100vw, 265px\" \/>G\u00fcne\u015f enerjisi <span style=\"text-decoration: underline;\">sekt\u00f6r\u00fcnde ise;<\/span> \u00fcreticilerin nakliyat, kurulum an\u0131nda ya\u015fanan i\u015f kazalar\u0131, i\u015fletme sigortas\u0131 dedi\u011fimiz sigorta poli\u00e7elerine y\u00f6nelik \u00e7al\u0131\u015fmalar y\u00fcr\u00fcten &#8216;Kotra Sigorta&#8217;n\u0131n bunlara ilave olarak \u00fcr\u00fcnlerinde mevcut devlet destekli alacak sigortalar\u0131 hizmeti de bulunmaktad\u0131r. Arada ki ticari ili\u015fkilerin biraz daha g\u00fcven esas\u0131yla olu\u015fmas\u0131 ad\u0131na kefalet sigortas\u0131 dedi\u011fimiz teminat mektubu yerine ge\u00e7en sigorta poli\u00e7elerini de d\u00fczenlenmesine y\u00f6nelik hizmette veren Kotra, bunlar\u0131n yan\u0131nda ayn\u0131 zamanda performans kay\u0131plar\u0131 dedi\u011fimiz sahalar\u0131n \u00fcretece\u011fi enerjiye teminat sa\u011flayan sigorta poli\u00e7eleri hizmeti de sunmaktad\u0131r.<\/p>\n<p>Osman T\u00fcken, d\u00fczenlenen etkinlikte yapt\u0131\u011f\u0131 konu\u015fmada sigorta hizmetleri ve \u00e7\u00f6z\u00fcmleri hakk\u0131nda genel bilgi vererek; &#8220;Antalya\u2019da faaliyette bulunan bir sigorta \u015firketiyiz. \u00dclkemizin her k\u00f6\u015fesinde \u00e7al\u0131\u015ft\u0131\u011f\u0131m\u0131z k\u0131ymetli enerji firmalar\u0131 var.&#8221; ifadelerini kulland\u0131.<\/p>\n<p>Sohbet esnas\u0131nda Say\u0131n T\u00fcken\u2019e baz\u0131 sorular da y\u00f6neltildi. Sorulardan en dikkat <span style=\"text-decoration: underline;\">\u00e7ekeni ise;<\/span><\/p>\n<h2>Antalya\u2019da ge\u00e7ti\u011fimiz g\u00fcnlerde ya\u015fanan \u015fiddetli hava olaylar\u0131ndan Kotra Sigorta nas\u0131l etkilendi? sorusu oldu.<\/h2>\n<p>Herhangi bir olumsuzluk ya\u015fanmad\u0131\u011f\u0131 bilgisini veren T\u00fcken \u00f6nemli bir noktaya de\u011finerek;<\/p>\n<p>&#8220;T\u00fcm sigorta \u015firketlerinde kullan\u0131lan \u00fcr\u00fcnlerde bir dayan\u0131kl\u0131l\u0131k s\u0131n\u0131r de\u011feri olmaktad\u0131r. Bu de\u011ferin alt\u0131nda ya\u015fanan hasarlarda sigortan\u0131n i\u015flevi olamayarak hasar; tesis, yap\u0131 vs. nin kurulumunda yap\u0131lan ihmallerden kaynaklanabilmektedir ve bu noktada sigorta \u015firketinin hasar\u0131 reddedecektir. Sonu\u00e7 olarak sigorta her \u015feyi \u00f6deyen bir arg\u00fcman de\u011fildir, her hasarda kullan\u0131lmamas\u0131 gereken bir karne g\u00f6revi sa\u011flayan stat\u00fcdedir. Finansal ara\u00e7 olarak g\u00f6r\u00fclmesi gerekmektedir.&#8221; ifadelerini kulland\u0131.<\/p>\n<p>Hatice K\u00fcbra G\u00fcney \u2013 Elektrik Elektronik M\u00fchendisli\u011fi \u2013 <a href=\"mailto:kubra.guney@enerjigazetesi.ist\" target=\"_blank\" rel=\"noopener\">kubra.guney@enerjigazetesi.ist<\/a><\/p>","protected":false},"excerpt":{"rendered":"<p>Sorry, this entry is only available in Turkish. For the sake of viewer convenience, the content is shown below in the alternative language. You may click the link to switch the active language. Antalya\u2019da G\u00dcYAD Sponsorlu\u011funda ger\u00e7ekle\u015ftirilen Enerji Sohbetlerine kat\u0131lan Kotra Sigorta Genel M\u00fcd\u00fcr\u00fc Osman T\u00fcken sigorta acenteli\u011fi ile ilgili \u00f6nemli konulara de\u011findi. Enerji g\u00fcndemine [&hellip;]<\/p>\n","protected":false},"author":1,"featured_media":88154,"comment_status":"open","ping_status":"open","sticky":false,"template":"","format":"standard","meta":[],"categories":[51,53,49,50],"tags":[5201,47140,39491,47138,47134,25180,35376,3202,47136,4782,39946,39484,47133,39550,47135,44228,39488,26630,47137,47142,41592,47141,47139,32594],"views":1180,"_links":{"self":[{"href":"https:\/\/www.enerjigazetesi.ist\/en\/wp-json\/wp\/v2\/posts\/88152"}],"collection":[{"href":"https:\/\/www.enerjigazetesi.ist\/en\/wp-json\/wp\/v2\/posts"}],"about":[{"href":"https:\/\/www.enerjigazetesi.ist\/en\/wp-json\/wp\/v2\/types\/post"}],"author":[{"embeddable":true,"href":"https:\/\/www.enerjigazetesi.ist\/en\/wp-json\/wp\/v2\/users\/1"}],"replies":[{"embeddable":true,"href":"https:\/\/www.enerjigazetesi.ist\/en\/wp-json\/wp\/v2\/comments?post=88152"}],"version-history":[{"count":7,"href":"https:\/\/www.enerjigazetesi.ist\/en\/wp-json\/wp\/v2\/posts\/88152\/revisions"}],"predecessor-version":[{"id":88160,"href":"https:\/\/www.enerjigazetesi.ist\/en\/wp-json\/wp\/v2\/posts\/88152\/revisions\/88160"}],"wp:featuredmedia":[{"embeddable":true,"href":"https:\/\/www.enerjigazetesi.ist\/en\/wp-json\/wp\/v2\/media\/88154"}],"wp:attachment":[{"href":"https:\/\/www.enerjigazetesi.ist\/en\/wp-json\/wp\/v2\/media?parent=88152"}],"wp:term":[{"taxonomy":"category","embeddable":true,"href":"https:\/\/www.enerjigazetesi.ist\/en\/wp-json\/wp\/v2\/categories?post=88152"},{"taxonomy":"post_tag","embeddable":true,"href":"https:\/\/www.enerjigazetesi.ist\/en\/wp-json\/wp\/v2\/tags?post=88152"}],"curies":[{"name":"wp","href":"https:\/\/api.w.org\/{rel}","templated":true}]}}