{"id":8801,"date":"2013-03-26T11:19:45","date_gmt":"2013-03-26T08:19:45","guid":{"rendered":"https:\/\/www.enerjigazetesi.ist\/?p=8801"},"modified":"2013-03-26T11:22:21","modified_gmt":"2013-03-26T08:22:21","slug":"is-bankasindan-enerji-verimliligi-saglayan-konutlara-50-milyon-euro-kredi","status":"publish","type":"post","link":"https:\/\/www.enerjigazetesi.ist\/en\/is-bankasindan-enerji-verimliligi-saglayan-konutlara-50-milyon-euro-kredi\/","title":{"rendered":"(Turkish) Enerji Verimlili\u011fi Kriterlerine Uyan Konutlara 50 Milyon Euro Kredi!"},"content":{"rendered":"<p class=\"qtranxs-available-languages-message qtranxs-available-languages-message-en\">Sorry, this entry is only available in <a href=\"https:\/\/www.enerjigazetesi.ist\/tr\/wp-json\/wp\/v2\/posts\/8801\" class=\"qtranxs-available-language-link qtranxs-available-language-link-tr\" title=\"Turkish\">Turkish<\/a>. For the sake of viewer convenience, the content is shown below in the alternative language. You may click the link to switch the active language.<\/p><p><strong>T\u00fcrkiye \u0130\u015f Bankas\u0131, enerji verimlili\u011fi kriterlerine uyan konutlar\u0131n kredi finansman\u0131nda kullan\u0131lmak \u00fczere Frans\u0131z Kalk\u0131nma Ajans\u0131\u2019n\u0131n \u00f6zel sekt\u00f6r temsilcisi PROPARCO ile 50 milyon Euro tutar\u0131nda, 10 y\u0131l vadeli kredi anla\u015fmas\u0131 imzalad\u0131. Temin edilen kredi ile \u0130\u015f Bankas\u0131, T\u00fcrkiye\u2019de yerle\u015fik bireysel m\u00fc\u015fterilerin yerel mevzuatta yer alan enerji verimlili\u011fi kriterlerine uyan konutlar\u0131n\u0131n finansman\u0131na destek verecek.<\/strong><\/p>\n<p>PROPARCO kredilerinin kullan\u0131m\u0131na arac\u0131 olarak, m\u00fc\u015fterilerini ya\u015fam alanlar\u0131nda enerji verimlili\u011fi sa\u011flanmas\u0131 konusunda te\u015fvik etmekte \u00f6nemli bir rol \u00fcstlenen \u0130\u015f Bankas\u0131, Kentsel D\u00f6n\u00fc\u015f\u00fcm Projesi\u2019nde de kredi deste\u011fi sa\u011fl\u0131yor. Kentsel D\u00f6n\u00fc\u015f\u00fcm Projesi ile yenilenecek olan binalar da enerji verimlili\u011fi esaslar\u0131na uygun olduklar\u0131 \u00f6l\u00e7\u00fcde bu krediden faydalanma imk\u00e2n\u0131 bulabilecek.<\/p>\n<p><a href=\"https:\/\/www.enerjigazetesi.ist\/wp-content\/uploads\/2013\/03\/turkiye-is-bankasi-enerji-verimliligi-konut-kredi-si.jpg\"><img loading=\"lazy\" class=\"alignleft size-medium wp-image-8802\" title=\"turkiye-is-bankasi-enerji-verimliligi-konut-kredi-si\" src=\"https:\/\/www.enerjigazetesi.ist\/wp-content\/uploads\/2013\/03\/turkiye-is-bankasi-enerji-verimliligi-konut-kredi-si-300x200.jpg\" alt=\"\" width=\"300\" height=\"200\" srcset=\"https:\/\/www.enerjigazetesi.ist\/wp-content\/uploads\/2013\/03\/turkiye-is-bankasi-enerji-verimliligi-konut-kredi-si-300x200.jpg 300w, https:\/\/www.enerjigazetesi.ist\/wp-content\/uploads\/2013\/03\/turkiye-is-bankasi-enerji-verimliligi-konut-kredi-si-500x334.jpg 500w, https:\/\/www.enerjigazetesi.ist\/wp-content\/uploads\/2013\/03\/turkiye-is-bankasi-enerji-verimliligi-konut-kredi-si-74x50.jpg 74w, https:\/\/www.enerjigazetesi.ist\/wp-content\/uploads\/2013\/03\/turkiye-is-bankasi-enerji-verimliligi-konut-kredi-si.jpg 507w\" sizes=\"(max-width: 300px) 100vw, 300px\" \/><\/a>Konuya ili\u015fkin a\u00e7\u0131klamada bulunan \u0130\u015f Bankas\u0131 Genel M\u00fcd\u00fcr Yard\u0131mc\u0131s\u0131 Y\u0131lmaz Ert\u00fcrk: \u201cKonut sekt\u00f6r\u00fcn\u00fcn h\u0131zla geli\u015fmesi ve \u00e7evre \u00fczerinde etkilerinin h\u0131zla artmas\u0131 nedeniyle kurumlar d\u0131\u015f\u0131nda bireylerin de bilin\u00e7lendirilerek, enerji verimlili\u011fi sa\u011flayan konutlar\u0131n finanse edilmesinin gerek ekonomi gerekse \u00e7evre a\u00e7\u0131s\u0131ndan olumlu katk\u0131lar\u0131 olacakt\u0131r\u201d dedi.<\/p>\n<p>PROPARCO Genel M\u00fcd\u00fcr Yard\u0131mc\u0131s\u0131 ve Ba\u015f Yat\u0131r\u0131m Y\u00f6neticisi Marie- H\u00e9l\u00e8ne Loison ise \u201c\u0130\u015f Bankas\u0131 gibi dinamik bir bankay\u0131 destekliyor olmaktan memnuniyet duyuyoruz. Bu kredi, T\u00fcrkiye genelinde \u00f6nemli projelerden biri olan Kentsel D\u00f6n\u00fc\u015f\u00fcm Projesi\u2019ne katk\u0131 sa\u011flayarak daha y\u00fcksek enerji verimlili\u011fi sa\u011flayacak konutlar\u0131n in\u015fas\u0131na destek olacakt\u0131r.\u201d dedi.<\/p>\n<p>S\u00f6z konusu kredi ile 9 Aral\u0131k 2010 tarihinde imzalanan kredi s\u00f6zle\u015fmesi kapsam\u0131nda \u0130\u015f Bankas\u0131\u2019na sa\u011flanan 50 milyon Euro tutar\u0131ndaki kredi, amac\u0131 yenilenebilir enerjinin geli\u015ftirilmesi ve T\u00fcrkiye\u2019de sera gaz\u0131 emisyonunun azalt\u0131lmas\u0131na destek olmak olan AFD Grubu\u2019nun b\u00fcy\u00fck \u00f6l\u00e7ekli program\u0131n\u0131n bir par\u00e7as\u0131n\u0131 olu\u015fturmaktad\u0131r.<\/p>\n<p>Kaynak: <a href=\"http:\/\/www.dha.com.tr\/en-son-haber-is-bankasindan-enerji-verimliligi-saglayan-konutlara-50-milyon-euro-kredi-flashaber_446432.html\" target=\"_blank\">DHA<\/a><\/p>","protected":false},"excerpt":{"rendered":"<p>Sorry, this entry is only available in Turkish. For the sake of viewer convenience, the content is shown below in the alternative language. You may click the link to switch the active language.T\u00fcrkiye \u0130\u015f Bankas\u0131, enerji verimlili\u011fi kriterlerine uyan konutlar\u0131n kredi finansman\u0131nda kullan\u0131lmak \u00fczere Frans\u0131z Kalk\u0131nma Ajans\u0131\u2019n\u0131n \u00f6zel sekt\u00f6r temsilcisi PROPARCO ile 50 milyon Euro [&hellip;]<\/p>\n","protected":false},"author":1,"featured_media":8802,"comment_status":"open","ping_status":"open","sticky":false,"template":"","format":"standard","meta":[],"categories":[53,52],"tags":[67,12,3891,3893,3894,3892,3897,3896,3895],"views":865,"_links":{"self":[{"href":"https:\/\/www.enerjigazetesi.ist\/en\/wp-json\/wp\/v2\/posts\/8801"}],"collection":[{"href":"https:\/\/www.enerjigazetesi.ist\/en\/wp-json\/wp\/v2\/posts"}],"about":[{"href":"https:\/\/www.enerjigazetesi.ist\/en\/wp-json\/wp\/v2\/types\/post"}],"author":[{"embeddable":true,"href":"https:\/\/www.enerjigazetesi.ist\/en\/wp-json\/wp\/v2\/users\/1"}],"replies":[{"embeddable":true,"href":"https:\/\/www.enerjigazetesi.ist\/en\/wp-json\/wp\/v2\/comments?post=8801"}],"version-history":[{"count":4,"href":"https:\/\/www.enerjigazetesi.ist\/en\/wp-json\/wp\/v2\/posts\/8801\/revisions"}],"predecessor-version":[{"id":8806,"href":"https:\/\/www.enerjigazetesi.ist\/en\/wp-json\/wp\/v2\/posts\/8801\/revisions\/8806"}],"wp:featuredmedia":[{"embeddable":true,"href":"https:\/\/www.enerjigazetesi.ist\/en\/wp-json\/wp\/v2\/media\/8802"}],"wp:attachment":[{"href":"https:\/\/www.enerjigazetesi.ist\/en\/wp-json\/wp\/v2\/media?parent=8801"}],"wp:term":[{"taxonomy":"category","embeddable":true,"href":"https:\/\/www.enerjigazetesi.ist\/en\/wp-json\/wp\/v2\/categories?post=8801"},{"taxonomy":"post_tag","embeddable":true,"href":"https:\/\/www.enerjigazetesi.ist\/en\/wp-json\/wp\/v2\/tags?post=8801"}],"curies":[{"name":"wp","href":"https:\/\/api.w.org\/{rel}","templated":true}]}}