{"id":8794,"date":"2013-03-26T11:04:32","date_gmt":"2013-03-26T08:04:32","guid":{"rendered":"https:\/\/www.enerjigazetesi.ist\/?p=8794"},"modified":"2013-03-26T11:05:15","modified_gmt":"2013-03-26T08:05:15","slug":"artik-turkiye-de-enerji-senaryolarina-dahil","status":"publish","type":"post","link":"https:\/\/www.enerjigazetesi.ist\/en\/artik-turkiye-de-enerji-senaryolarina-dahil\/","title":{"rendered":"(Turkish) Art\u0131k T\u00fcrkiye de Enerji Senaryolar\u0131na Dahil&#8230;"},"content":{"rendered":"<p class=\"qtranxs-available-languages-message qtranxs-available-languages-message-en\">Sorry, this entry is only available in <a href=\"https:\/\/www.enerjigazetesi.ist\/tr\/wp-json\/wp\/v2\/posts\/8794\" class=\"qtranxs-available-language-link qtranxs-available-language-link-tr\" title=\"Turkish\">Turkish<\/a>. For the sake of viewer convenience, the content is shown below in the alternative language. You may click the link to switch the active language.<\/p><p><strong>Mavi Marmara bask\u0131n\u0131 i\u00e7in gelen \u00f6zr\u00fcn ard\u0131ndan normalle\u015fme s\u00fcrecine giren T\u00fcrkiye-\u0130srail ili\u015fkileri, Do\u011fu Akdeniz\u2019de enerji hesaplar\u0131n\u0131 da de\u011fi\u015ftirece\u011fe benziyor. Do\u011fu Akdeniz\u2019deki enerji senaryolar\u0131n\u0131n i\u00e7inde art\u0131k T\u00fcrkiye de var.<\/strong><\/p>\n<p>\u0130srail ile T\u00fcrkiye ili\u015fkilerinin normalle\u015fmesi, Do\u011fu Akdeniz\u2019deki enerji dengelerini de de\u011fi\u015ftirecek.<\/p>\n<p>\u0130ngiliz ekonomi gazetesi Financial Times, T\u00fcrkiye\u2019nin 3 y\u0131ld\u0131r d\u0131\u015f\u0131nda tutuldu\u011fu Do\u011fu Akdeniz\u2019deki enerji senaryolar\u0131nda yeniden yeralaca\u011f\u0131n\u0131 yazd\u0131.<\/p>\n<p><a href=\"https:\/\/www.enerjigazetesi.ist\/wp-content\/uploads\/2013\/03\/dogalgaz-sondaj-platformu1-505x291.jpg\"><img loading=\"lazy\" class=\"alignleft size-medium wp-image-8795\" title=\"dogalgaz-sondaj-platformu1-505x291\" src=\"https:\/\/www.enerjigazetesi.ist\/wp-content\/uploads\/2013\/03\/dogalgaz-sondaj-platformu1-505x291-300x172.jpg\" alt=\"\" width=\"300\" height=\"172\" srcset=\"https:\/\/www.enerjigazetesi.ist\/wp-content\/uploads\/2013\/03\/dogalgaz-sondaj-platformu1-505x291-300x172.jpg 300w, https:\/\/www.enerjigazetesi.ist\/wp-content\/uploads\/2013\/03\/dogalgaz-sondaj-platformu1-505x291-500x288.jpg 500w, https:\/\/www.enerjigazetesi.ist\/wp-content\/uploads\/2013\/03\/dogalgaz-sondaj-platformu1-505x291-80x46.jpg 80w, https:\/\/www.enerjigazetesi.ist\/wp-content\/uploads\/2013\/03\/dogalgaz-sondaj-platformu1-505x291.jpg 505w\" sizes=\"(max-width: 300px) 100vw, 300px\" \/><\/a>Makalede, T\u00fcrkiye ve \u0130srail\u2019in Do\u011fu Akdeniz\u2019deki do\u011falgaz kaynaklar\u0131 \u00fczerinde ortak \u00e7al\u0131\u015fma yapabilecekleri belirtildi.<\/p>\n<p>Buna kar\u015f\u0131l\u0131k, ekonomisi iflas\u0131n e\u015fi\u011finde olan K\u0131br\u0131s Rum kesiminin elinin zay\u0131flad\u0131\u011f\u0131 vurguland\u0131.<\/p>\n<p>T\u00fcrk yetkililerin \u0130srail do\u011falgaz\u0131n\u0131 Avrupa\u2019ya satmak isteyece\u011fini belirten yaz\u0131da, bu durumun Rum kesimini de T\u00fcrkiye ile benzer bir ortakl\u0131k kurma konusunda mecbur b\u0131rakabilece\u011fi \u00f6ng\u00f6r\u00fcld\u00fc.<\/p>\n<p>2010\u2032daki Mavi Marmara bask\u0131n\u0131n\u0131n ard\u0131ndan T\u00fcrkiye ile ili\u015fkisi kopma durumuna gelen \u0130srail, b\u00f6lgede K\u0131br\u0131s Rum kesimi ile yak\u0131nla\u015fma politikas\u0131 izlemi\u015fti. \u0130ki \u00fclke, Do\u011fu Akdeniz\u2019deki enerji kaynaklar\u0131n\u0131n d\u00fcnya pazar\u0131na ula\u015ft\u0131r\u0131lmas\u0131 i\u00e7in i\u015fbirli\u011fi yapma karar\u0131 alm\u0131\u015ft\u0131.<\/p>\n<p>Kaynak: <a href=\"http:\/\/enerjienstitusu.com\/2013\/03\/26\/ft-artik-turkiye-de-enerji-senaryolarina-dahil\/\" target=\"_blank\">Enerji Enstit\u00fcs\u00fc<\/a><\/p>","protected":false},"excerpt":{"rendered":"<p>Sorry, this entry is only available in Turkish. For the sake of viewer convenience, the content is shown below in the alternative language. You may click the link to switch the active language.Mavi Marmara bask\u0131n\u0131 i\u00e7in gelen \u00f6zr\u00fcn ard\u0131ndan normalle\u015fme s\u00fcrecine giren T\u00fcrkiye-\u0130srail ili\u015fkileri, Do\u011fu Akdeniz\u2019de enerji hesaplar\u0131n\u0131 da de\u011fi\u015ftirece\u011fe benziyor. Do\u011fu Akdeniz\u2019deki enerji senaryolar\u0131n\u0131n [&hellip;]<\/p>\n","protected":false},"author":1,"featured_media":8795,"comment_status":"open","ping_status":"open","sticky":false,"template":"","format":"standard","meta":[],"categories":[46,53],"tags":[226,3885,3887,67,3884,1475,3886,846,3883],"views":900,"_links":{"self":[{"href":"https:\/\/www.enerjigazetesi.ist\/en\/wp-json\/wp\/v2\/posts\/8794"}],"collection":[{"href":"https:\/\/www.enerjigazetesi.ist\/en\/wp-json\/wp\/v2\/posts"}],"about":[{"href":"https:\/\/www.enerjigazetesi.ist\/en\/wp-json\/wp\/v2\/types\/post"}],"author":[{"embeddable":true,"href":"https:\/\/www.enerjigazetesi.ist\/en\/wp-json\/wp\/v2\/users\/1"}],"replies":[{"embeddable":true,"href":"https:\/\/www.enerjigazetesi.ist\/en\/wp-json\/wp\/v2\/comments?post=8794"}],"version-history":[{"count":2,"href":"https:\/\/www.enerjigazetesi.ist\/en\/wp-json\/wp\/v2\/posts\/8794\/revisions"}],"predecessor-version":[{"id":8797,"href":"https:\/\/www.enerjigazetesi.ist\/en\/wp-json\/wp\/v2\/posts\/8794\/revisions\/8797"}],"wp:featuredmedia":[{"embeddable":true,"href":"https:\/\/www.enerjigazetesi.ist\/en\/wp-json\/wp\/v2\/media\/8795"}],"wp:attachment":[{"href":"https:\/\/www.enerjigazetesi.ist\/en\/wp-json\/wp\/v2\/media?parent=8794"}],"wp:term":[{"taxonomy":"category","embeddable":true,"href":"https:\/\/www.enerjigazetesi.ist\/en\/wp-json\/wp\/v2\/categories?post=8794"},{"taxonomy":"post_tag","embeddable":true,"href":"https:\/\/www.enerjigazetesi.ist\/en\/wp-json\/wp\/v2\/tags?post=8794"}],"curies":[{"name":"wp","href":"https:\/\/api.w.org\/{rel}","templated":true}]}}