{"id":8762,"date":"2013-03-25T16:26:03","date_gmt":"2013-03-25T13:26:03","guid":{"rendered":"https:\/\/www.enerjigazetesi.ist\/?p=8762"},"modified":"2013-03-25T16:26:03","modified_gmt":"2013-03-25T13:26:03","slug":"almanyada-yesil-elektrik-ucuzluyor","status":"publish","type":"post","link":"https:\/\/www.enerjigazetesi.ist\/en\/almanyada-yesil-elektrik-ucuzluyor\/","title":{"rendered":"(Turkish) Almanya\u2019da Ye\u015fil Elektrik Ucuzluyor"},"content":{"rendered":"<p class=\"qtranxs-available-languages-message qtranxs-available-languages-message-en\">Sorry, this entry is only available in <a href=\"https:\/\/www.enerjigazetesi.ist\/tr\/wp-json\/wp\/v2\/posts\/8762\" class=\"qtranxs-available-language-link qtranxs-available-language-link-tr\" title=\"Turkish\">Turkish<\/a>. For the sake of viewer convenience, the content is shown below in the alternative language. You may click the link to switch the active language.<\/p><p><strong>Almanya yenilenebilir enerjiye ge\u00e7i\u015fte k\u0131sa zamanda uzun yol ald\u0131. \u2018Ye\u015fil\u2019 elektrik artan talebe ra\u011fmen ucuzluyor.<\/strong><\/p>\n<p>Almanya\u2019da yenilenebilir kaynaklardan elde edilen elektrik giderek daha fazla ra\u011fbet g\u00f6r\u00fcyor. Ekolojik elektrik abonelerinin say\u0131s\u0131 d\u00f6rt milyonu a\u015ft\u0131. Yenilenebilir enerjilerin elektrik t\u00fcketimindeki pay\u0131 y\u00fczde 25\u2019i buluyor. Ancak ye\u015fil elektri\u011fin ger\u00e7ekten su kat\u0131lmam\u0131\u015f oldu\u011fu ve r\u00fczg\u00e2r ya da g\u00fcne\u015f gibi t\u00fckenmez kaynaklardan elde edildi\u011fi, tart\u0131\u015fma g\u00f6t\u00fcr\u00fcr. Emisyonsuz elde edilen elektri\u011fe neden bu kadar talep var?<\/p>\n<p>Kimi, enerji d\u00f6n\u00fc\u015f\u00fcm\u00fcn\u00fc h\u0131zland\u0131rmak, kimi ucuz oldu\u011fu i\u00e7in, kimi Fuku\u015fima\u2019daki n\u00fckleer felaketin etkisiyle ve kimi Alman da \u00e7evre dostu oldu\u011funu g\u00f6stermek i\u00e7in ye\u015fil elektri\u011fe ge\u00e7iyor.<\/p>\n<p>Almanya\u2019n\u0131n d\u00f6rt b\u00fcy\u00fck enerji \u015firketinden de ye\u015fil elektrik almak m\u00fcmk\u00fcn. Ancak t\u00fcketici y\u00fczde 100 yenilenebilir kaynaklardan elde edilen elektri\u011fi tercih ediyor. Almanya\u2019da y\u00fczde 100 \u00e7evre dostu elektrik satan d\u00f6rt \u015firket bulunuyor. \u00c7evre dostu oldu\u011funu s\u00f6yleyenlerin \u00e7o\u011fu tam ye\u015fil elektrik da\u011f\u0131tm\u0131yor. Bu \u015firketler k\u00f6m\u00fcr ve n\u00fckleer enerji santrallerinden elektrik \u00e7ekiyor ve yenilenebilir enerji santrallerine yat\u0131r\u0131m yapm\u0131yor.<\/p>\n<h2>Hangisi ye\u015fil?<\/h2>\n<p>Lichtblick adl\u0131 ye\u015fil elektrik \u015firketinin Koblenz \u015fube m\u00fcd\u00fcr\u00fc Thomas Svetec fark\u0131 \u015f\u00f6yle a\u00e7\u0131kl\u0131yor: \u201cHep \u015fu \u00f6rne\u011fi veririm: Diyelim ki 50 y\u0131ld\u0131r kasab\u0131m ve herkes beni tan\u0131yor, kasapl\u0131k yapt\u0131\u011f\u0131m\u0131 biliyor. Sonra vejetaryenlik modas\u0131 ba\u015fl\u0131yor, ben de vejetaryen lokantas\u0131 a\u00e7\u0131<a href=\"https:\/\/www.enerjigazetesi.ist\/wp-content\/uploads\/2013\/03\/yesil-enerji-donusum1-505x378.jpg\"><img loading=\"lazy\" class=\"alignright size-medium wp-image-8763\" title=\"yesil-enerji-donusum1-505x378\" src=\"https:\/\/www.enerjigazetesi.ist\/wp-content\/uploads\/2013\/03\/yesil-enerji-donusum1-505x378-300x190.jpg\" alt=\"\" width=\"300\" height=\"190\" srcset=\"https:\/\/www.enerjigazetesi.ist\/wp-content\/uploads\/2013\/03\/yesil-enerji-donusum1-505x378-300x190.jpg 300w, https:\/\/www.enerjigazetesi.ist\/wp-content\/uploads\/2013\/03\/yesil-enerji-donusum1-505x378-500x316.jpg 500w, https:\/\/www.enerjigazetesi.ist\/wp-content\/uploads\/2013\/03\/yesil-enerji-donusum1-505x378-80x50.jpg 80w, https:\/\/www.enerjigazetesi.ist\/wp-content\/uploads\/2013\/03\/yesil-enerji-donusum1-505x378.jpg 505w\" sizes=\"(max-width: 300px) 100vw, 300px\" \/><\/a>yorum. B\u00fcy\u00fck holdingler de aynen b\u00f6yle. 50 y\u0131ld\u0131r termik santral elektri\u011fi satt\u0131ktan sonra moda oldu\u011fu i\u00e7in ye\u015fil elektrik pazarl\u0131yorlar. B\u00fcy\u00fck inand\u0131r\u0131c\u0131l\u0131k problemleri var.\u201d<\/p>\n<p>T\u00fcketici y\u00fczde 100 ye\u015fil elektrik satan\u0131 nas\u0131l bulacak? Fiyat tarifeleri i\u00e7inden \u00e7\u0131k\u0131lacak gibi de\u011fil. Bu durumda ye\u015fil enerji sertifikas\u0131 yol g\u00f6sterici olabilir. Ama ye\u015fil damgas\u0131 enflasyonu da kafa kar\u0131\u015ft\u0131rmaktan ba\u015fka \u015feye yaram\u0131yor. Eyalet t\u00fcketiciyi koruma merkezinden Udo Sieverding bu nedenle tek tip sertifika uygulamas\u0131na ge\u00e7ilmesinin ka\u00e7\u0131n\u0131lmaz oldu\u011funu s\u00f6yl\u00fcyor.<\/p>\n<p>Ye\u015fil elektri\u011fe, \u00e7evreye ger\u00e7ekten yarar\u0131 olmas\u0131 \u015fart\u0131yla ge\u00e7ilmesi gerekti\u011fine i\u015faret eden Sieverding, elektri\u011fin yenilenebilir kaynaklardan elde edildi\u011finin tek bir merci taraf\u0131ndan tescil edilmesinin \u015fart oldu\u011funu belirtiyor.<\/p>\n<p>\u0130skandinavya, Avusturya ve \u0130svi\u00e7re\u2019den sonra Almanya\u2019da da ye\u015fil enerji talebi art\u0131yor.<\/p>\n<h2>N\u00fckleer korkusu<\/h2>\n<p>Almanya\u2019da da, enerji d\u00f6n\u00fc\u015f\u00fcm\u00fcne \u015fahsi katk\u0131da bulunma, s\u00fcrd\u00fcr\u00fclebilir t\u00fcketime kat\u0131lma ve ye\u015fil elektrik kullanma e\u011filiminin artt\u0131\u011f\u0131n\u0131 belirten t\u00fcketiciyi koruma merkezi uzman\u0131 Sieverding, Alman \u00e7evre hareketinin ve son y\u0131llardaki n\u00fckleer enerji tart\u0131\u015fmalar\u0131n\u0131n bunda \u00f6nemli rol oynad\u0131\u011f\u0131 g\u00f6r\u00fc\u015f\u00fcnde.<\/p>\n<p>Hen\u00fcz konuyla ilgili bilimsel ara\u015ft\u0131rma yap\u0131lmam\u0131\u015f. Ancak \u00e7o\u011fu Alman\u2019\u0131 ye\u015fil elektri\u011fe iten, \u00e7evre korumaya katk\u0131da bulunma duygusu.<\/p>\n<p>\u00c7evre dostu olman\u0131n maddi yarar\u0131 da var. Ye\u015fil elektrik, normal elektri\u011fe g\u00f6re daha ucuz. Uranyum, do\u011fal gaz ve k\u00f6m\u00fcr\u00fcn fiyat\u0131 artarken, g\u00fcne\u015f, r\u00fczg\u00e2r ve biyo k\u00fctlenin s\u0131n\u0131rs\u0131z ve bedava olmas\u0131 hammadde maliyetini d\u00fc\u015f\u00fcr\u00fcyor.<\/p>\n<p>Kaynak: <a href=\"http:\/\/enerjienstitusu.com\/2013\/03\/25\/almanyada-yesil-elektrik-ucuzluyor\/\" target=\"_blank\">Enerji Enstit\u00fcs\u00fc<\/a><\/p>","protected":false},"excerpt":{"rendered":"<p>Sorry, this entry is only available in Turkish. For the sake of viewer convenience, the content is shown below in the alternative language. You may click the link to switch the active language.Almanya yenilenebilir enerjiye ge\u00e7i\u015fte k\u0131sa zamanda uzun yol ald\u0131. \u2018Ye\u015fil\u2019 elektrik artan talebe ra\u011fmen ucuzluyor. Almanya\u2019da yenilenebilir kaynaklardan elde edilen elektrik giderek daha [&hellip;]<\/p>\n","protected":false},"author":1,"featured_media":8763,"comment_status":"open","ping_status":"open","sticky":false,"template":"","format":"standard","meta":[],"categories":[53,49,50],"tags":[3859,608,130,67,13,3857,16,105,3856,3858],"views":775,"_links":{"self":[{"href":"https:\/\/www.enerjigazetesi.ist\/en\/wp-json\/wp\/v2\/posts\/8762"}],"collection":[{"href":"https:\/\/www.enerjigazetesi.ist\/en\/wp-json\/wp\/v2\/posts"}],"about":[{"href":"https:\/\/www.enerjigazetesi.ist\/en\/wp-json\/wp\/v2\/types\/post"}],"author":[{"embeddable":true,"href":"https:\/\/www.enerjigazetesi.ist\/en\/wp-json\/wp\/v2\/users\/1"}],"replies":[{"embeddable":true,"href":"https:\/\/www.enerjigazetesi.ist\/en\/wp-json\/wp\/v2\/comments?post=8762"}],"version-history":[{"count":1,"href":"https:\/\/www.enerjigazetesi.ist\/en\/wp-json\/wp\/v2\/posts\/8762\/revisions"}],"predecessor-version":[{"id":8764,"href":"https:\/\/www.enerjigazetesi.ist\/en\/wp-json\/wp\/v2\/posts\/8762\/revisions\/8764"}],"wp:featuredmedia":[{"embeddable":true,"href":"https:\/\/www.enerjigazetesi.ist\/en\/wp-json\/wp\/v2\/media\/8763"}],"wp:attachment":[{"href":"https:\/\/www.enerjigazetesi.ist\/en\/wp-json\/wp\/v2\/media?parent=8762"}],"wp:term":[{"taxonomy":"category","embeddable":true,"href":"https:\/\/www.enerjigazetesi.ist\/en\/wp-json\/wp\/v2\/categories?post=8762"},{"taxonomy":"post_tag","embeddable":true,"href":"https:\/\/www.enerjigazetesi.ist\/en\/wp-json\/wp\/v2\/tags?post=8762"}],"curies":[{"name":"wp","href":"https:\/\/api.w.org\/{rel}","templated":true}]}}