{"id":87615,"date":"2019-02-19T01:00:08","date_gmt":"2019-02-18T22:00:08","guid":{"rendered":"https:\/\/www.enerjigazetesi.ist\/?p=87615"},"modified":"2019-02-19T01:02:41","modified_gmt":"2019-02-18T22:02:41","slug":"cin-uzaya-gunes-enerjisi-santrali-ges-kuracak","status":"publish","type":"post","link":"https:\/\/www.enerjigazetesi.ist\/en\/cin-uzaya-gunes-enerjisi-santrali-ges-kuracak\/","title":{"rendered":"(Turkish) \u00c7in, Uzaya G\u00fcne\u015f Enerjisi Santrali (GES) Kuracak"},"content":{"rendered":"<p class=\"qtranxs-available-languages-message qtranxs-available-languages-message-en\">Sorry, this entry is only available in <a href=\"https:\/\/www.enerjigazetesi.ist\/tr\/wp-json\/wp\/v2\/posts\/87615\" class=\"qtranxs-available-language-link qtranxs-available-language-link-tr\" title=\"Turkish\">Turkish<\/a>. For the sake of viewer convenience, the content is shown below in the alternative language. You may click the link to switch the active language.<\/p><p><\/p>\n<h1>\u00c7in taraf\u0131ndan uzayda\u00a0g\u00fcne\u015f\u00a0enerjisiyle \u00e7al\u0131\u015fan ilk istasyon i\u00e7in kurma \u00e7al\u0131\u015fmalar\u0131 ba\u015flad\u0131. G\u00fcne\u015f enerjisiyle g\u00fc\u00e7 \u00fcretecek bu yeni istasyon, d\u00fcnyan\u0131n\u00a0enerji\u00a0s\u0131k\u0131nt\u0131s\u0131n\u0131 da b\u00fcy\u00fck \u00f6l\u00e7\u00fcde \u00e7\u00f6zebilecektir. \u00c7in medyas\u0131nda yer alan haberde, uzayda kurulacak ve g\u00fcne\u015f enerjisi ile \u00e7al\u0131\u015facak bu istasyon, s\u00fcrekli olarak enerji \u00fcretimi ger\u00e7ekle\u015ftirerek \u00fcretilen bu enerji ise D\u00fcnya&#8217;da kullan\u0131labilecek.<\/h1>\n<h2>Enerji Daha Kullan\u0131labilir Hale Gelecek<\/h2>\n<p>\u00d6rnek vermek gerekirse; bu istasyonda \u00fcretilen enerjiyle elektrikli otomobillerin d\u00fcnyan\u0131n herhangi bir yerinde istenildi\u011fi zaman \u015farj\u0131 yap\u0131lacakt\u0131r. G\u00fcn\u00fcm\u00fczde d\u00fcnya \u00fczerinde yer alan g\u00fcne\u015f enerjisi kullanan \u00e7iftliklerden 6 kat daha fazla enerji \u00fcretimi yapacak bu istasyon, zamandan da tasarruf meydana getirecektir.<\/p>\n<p><img loading=\"lazy\" class=\"aligncenter wp-image-87617\" src=\"https:\/\/www.enerjigazetesi.ist\/wp-content\/uploads\/2019\/02\/cin-uzaya-gunes-enerjisi-santrali-ges-kuracak2.jpg\" alt=\"\" width=\"531\" height=\"335\" \/><\/p>\n<div class=\"content-alt-v2\">\n<section class=\"content-left-v2 \">\n<article id=\"haber\">\n<div class=\"metin\">\n<p>Bilim insanlar\u0131n\u0131n ve ara\u015ft\u0131rmac\u0131lar\u0131n verdi\u011fi bilgiye g\u00f6re ise bu y\u00fcksek enerji \u00fcretecek santral, devasa boyutlarda olaca\u011f\u0131ndan uzaya f\u0131rlat\u0131lmas\u0131 olduk\u00e7a zor olaca\u011f\u0131 ve bu enerji istasyonunun D\u00fcnya harici uzayda in\u015fa etmenin yollar\u0131 da ara\u015ft\u0131r\u0131lmaktad\u0131r.<\/p>\n<h2>2030 Y\u0131l\u0131nda Faaliyette Olacak<\/h2>\n<p>Her \u015fey sorunsuzca ger\u00e7ekle\u015firse 2021 ile 2025 y\u0131llar\u0131 aral\u0131\u011f\u0131nda k\u00fc\u00e7\u00fck ve orta b\u00fcy\u00fckl\u00fckteki enerji panellerinin uzaya f\u0131rlat\u0131m\u0131 yap\u0131lacakt\u0131r. Bilim insanlar\u0131, bu devasa istasyonu faaliyete ge\u00e7irmeye y\u00f6nelik ise 2030&#8217;u hedef g\u00f6stermektedir.<\/p>\n<\/div>\n<\/article>\n<\/section>\n<\/div>\n<p><\/p>","protected":false},"excerpt":{"rendered":"<p>Sorry, this entry is only available in Turkish. For the sake of viewer convenience, the content is shown below in the alternative language. You may click the link to switch the active language. \u00c7in taraf\u0131ndan uzayda\u00a0g\u00fcne\u015f\u00a0enerjisiyle \u00e7al\u0131\u015fan ilk istasyon i\u00e7in kurma \u00e7al\u0131\u015fmalar\u0131 ba\u015flad\u0131. G\u00fcne\u015f enerjisiyle g\u00fc\u00e7 \u00fcretecek bu yeni istasyon, d\u00fcnyan\u0131n\u00a0enerji\u00a0s\u0131k\u0131nt\u0131s\u0131n\u0131 da b\u00fcy\u00fck \u00f6l\u00e7\u00fcde \u00e7\u00f6zebilecektir. [&hellip;]<\/p>\n","protected":false},"author":1,"featured_media":87618,"comment_status":"open","ping_status":"open","sticky":false,"template":"","format":"standard","meta":[],"categories":[51,53,49],"tags":[886,34979,19638,34980,26353,67,1009,18,23416,46676,46677,23133,34925,23131,34977,26829],"views":1793,"_links":{"self":[{"href":"https:\/\/www.enerjigazetesi.ist\/en\/wp-json\/wp\/v2\/posts\/87615"}],"collection":[{"href":"https:\/\/www.enerjigazetesi.ist\/en\/wp-json\/wp\/v2\/posts"}],"about":[{"href":"https:\/\/www.enerjigazetesi.ist\/en\/wp-json\/wp\/v2\/types\/post"}],"author":[{"embeddable":true,"href":"https:\/\/www.enerjigazetesi.ist\/en\/wp-json\/wp\/v2\/users\/1"}],"replies":[{"embeddable":true,"href":"https:\/\/www.enerjigazetesi.ist\/en\/wp-json\/wp\/v2\/comments?post=87615"}],"version-history":[{"count":0,"href":"https:\/\/www.enerjigazetesi.ist\/en\/wp-json\/wp\/v2\/posts\/87615\/revisions"}],"wp:featuredmedia":[{"embeddable":true,"href":"https:\/\/www.enerjigazetesi.ist\/en\/wp-json\/wp\/v2\/media\/87618"}],"wp:attachment":[{"href":"https:\/\/www.enerjigazetesi.ist\/en\/wp-json\/wp\/v2\/media?parent=87615"}],"wp:term":[{"taxonomy":"category","embeddable":true,"href":"https:\/\/www.enerjigazetesi.ist\/en\/wp-json\/wp\/v2\/categories?post=87615"},{"taxonomy":"post_tag","embeddable":true,"href":"https:\/\/www.enerjigazetesi.ist\/en\/wp-json\/wp\/v2\/tags?post=87615"}],"curies":[{"name":"wp","href":"https:\/\/api.w.org\/{rel}","templated":true}]}}