{"id":87600,"date":"2019-02-19T00:04:56","date_gmt":"2019-02-18T21:04:56","guid":{"rendered":"https:\/\/www.enerjigazetesi.ist\/?p=87600"},"modified":"2019-02-19T00:11:20","modified_gmt":"2019-02-18T21:11:20","slug":"11-ab-ulkesi-2020-yili-yenilenebilir-enerji-hedefine-simdiden-ulasti","status":"publish","type":"post","link":"https:\/\/www.enerjigazetesi.ist\/en\/11-ab-ulkesi-2020-yili-yenilenebilir-enerji-hedefine-simdiden-ulasti\/","title":{"rendered":"(Turkish) 11 AB \u00dclkesi 2020 Y\u0131l\u0131 Yenilenebilir Enerji Hedefine \u015eimdiden Ula\u015ft\u0131!"},"content":{"rendered":"<p class=\"qtranxs-available-languages-message qtranxs-available-languages-message-en\">Sorry, this entry is only available in <a href=\"https:\/\/www.enerjigazetesi.ist\/tr\/wp-json\/wp\/v2\/posts\/87600\" class=\"qtranxs-available-language-link qtranxs-available-language-link-tr\" title=\"Turkish\">Turkish<\/a>. For the sake of viewer convenience, the content is shown below in the alternative language. You may click the link to switch the active language.<\/p><p><\/p>\n<h1>Avrupa Birli\u011fi \u0130statistik Kurumu Eurostat verilerinden derlenen bilgiye g\u00f6re 2017 y\u0131l\u0131 sonu itibari ile AB \u00fcyesi olan \u0130sve\u00e7, Finlandiya, Letonya, Danimarka, Avusturya, Estonya, Portekiz, H\u0131rvatistan, Litvanya,<\/h1>\n<h2><img loading=\"lazy\" class=\"size-medium wp-image-87602 alignright\" src=\"https:\/\/www.enerjigazetesi.ist\/wp-content\/uploads\/2019\/02\/11-ab-ulkesi-2020-yili-yenilenebilir-enerji-hedefine-simdiden-ulasti-300x168.jpg\" alt=\"\" width=\"300\" height=\"168\" srcset=\"https:\/\/www.enerjigazetesi.ist\/wp-content\/uploads\/2019\/02\/11-ab-ulkesi-2020-yili-yenilenebilir-enerji-hedefine-simdiden-ulasti-300x168.jpg 300w, https:\/\/www.enerjigazetesi.ist\/wp-content\/uploads\/2019\/02\/11-ab-ulkesi-2020-yili-yenilenebilir-enerji-hedefine-simdiden-ulasti-768x431.jpg 768w, https:\/\/www.enerjigazetesi.ist\/wp-content\/uploads\/2019\/02\/11-ab-ulkesi-2020-yili-yenilenebilir-enerji-hedefine-simdiden-ulasti-500x281.jpg 500w, https:\/\/www.enerjigazetesi.ist\/wp-content\/uploads\/2019\/02\/11-ab-ulkesi-2020-yili-yenilenebilir-enerji-hedefine-simdiden-ulasti-80x45.jpg 80w, https:\/\/www.enerjigazetesi.ist\/wp-content\/uploads\/2019\/02\/11-ab-ulkesi-2020-yili-yenilenebilir-enerji-hedefine-simdiden-ulasti.jpg 990w\" sizes=\"(max-width: 300px) 100vw, 300px\" \/><\/h2>\n<h1>Romanya ve Slovenya 2020 y\u0131l\u0131 i\u00e7in belirlenmi\u015f olan enerji\u00a0ihtiyac\u0131n\u0131n % 20\u2019sini yenilenebilir enerji kaynaklar\u0131ndan kar\u015f\u0131lama hedefine \u015fimdiden ula\u015ft\u0131.<\/h1>\n<p>Verilerden elde edilen sonu\u00e7lara g\u00f6re; Avrupa Birli\u011fi 2017 y\u0131l\u0131 sonundan itibaren enerji ihtiyac\u0131n\u0131n y\u00fczde 17,5&#8217;ini yenilenebilir enerji kaynaklar\u0131ndan sa\u011flar hale geldi.<\/p>\n<p>AB&#8217;nin r\u00fczgar, g\u00fcne\u015f ve su gibi yenilenebilir kaynaklardan elde etti\u011fi enerjinin toplam enerji \u00fcretimi i\u00e7indeki pay\u0131 2004 y\u0131l\u0131nda y\u00fczde 8,5 ve 2016&#8217;da y\u00fczde 17 seviyesindeydi. Bu oran\u0131n 2030 y\u0131l\u0131nda y\u00fczde 32 seviyesine ula\u015fmas\u0131 hedefleniyor.<\/p>","protected":false},"excerpt":{"rendered":"<p>Sorry, this entry is only available in Turkish. For the sake of viewer convenience, the content is shown below in the alternative language. You may click the link to switch the active language. Avrupa Birli\u011fi \u0130statistik Kurumu Eurostat verilerinden derlenen bilgiye g\u00f6re 2017 y\u0131l\u0131 sonu itibari ile AB \u00fcyesi olan \u0130sve\u00e7, Finlandiya, Letonya, Danimarka, Avusturya, [&hellip;]<\/p>\n","protected":false},"author":1,"featured_media":87602,"comment_status":"open","ping_status":"open","sticky":false,"template":"","format":"standard","meta":[],"categories":[51,53,49,50],"tags":[1192,2132,34979,19638,26353,67,1009,35038,23416,23133,34925,23131,35002,24949,23318,34961,34960,34977,26829],"views":730,"_links":{"self":[{"href":"https:\/\/www.enerjigazetesi.ist\/en\/wp-json\/wp\/v2\/posts\/87600"}],"collection":[{"href":"https:\/\/www.enerjigazetesi.ist\/en\/wp-json\/wp\/v2\/posts"}],"about":[{"href":"https:\/\/www.enerjigazetesi.ist\/en\/wp-json\/wp\/v2\/types\/post"}],"author":[{"embeddable":true,"href":"https:\/\/www.enerjigazetesi.ist\/en\/wp-json\/wp\/v2\/users\/1"}],"replies":[{"embeddable":true,"href":"https:\/\/www.enerjigazetesi.ist\/en\/wp-json\/wp\/v2\/comments?post=87600"}],"version-history":[{"count":0,"href":"https:\/\/www.enerjigazetesi.ist\/en\/wp-json\/wp\/v2\/posts\/87600\/revisions"}],"wp:featuredmedia":[{"embeddable":true,"href":"https:\/\/www.enerjigazetesi.ist\/en\/wp-json\/wp\/v2\/media\/87602"}],"wp:attachment":[{"href":"https:\/\/www.enerjigazetesi.ist\/en\/wp-json\/wp\/v2\/media?parent=87600"}],"wp:term":[{"taxonomy":"category","embeddable":true,"href":"https:\/\/www.enerjigazetesi.ist\/en\/wp-json\/wp\/v2\/categories?post=87600"},{"taxonomy":"post_tag","embeddable":true,"href":"https:\/\/www.enerjigazetesi.ist\/en\/wp-json\/wp\/v2\/tags?post=87600"}],"curies":[{"name":"wp","href":"https:\/\/api.w.org\/{rel}","templated":true}]}}