{"id":87556,"date":"2019-02-18T00:19:15","date_gmt":"2019-02-17T21:19:15","guid":{"rendered":"https:\/\/www.enerjigazetesi.ist\/?p=87556"},"modified":"2019-02-18T00:20:42","modified_gmt":"2019-02-17T21:20:42","slug":"almanyanin-gunes-enerjisinde-gucu-2018-yilinda-3-gwa-yakin-artti","status":"publish","type":"post","link":"https:\/\/www.enerjigazetesi.ist\/en\/almanyanin-gunes-enerjisinde-gucu-2018-yilinda-3-gwa-yakin-artti\/","title":{"rendered":"(Turkish) Almanya\u2019n\u0131n G\u00fcne\u015f Enerjisi&#8217;ndeki G\u00fcc\u00fc 2018 Y\u0131l\u0131nda 3 GW\u2019a Yak\u0131n Artt\u0131"},"content":{"rendered":"<p class=\"qtranxs-available-languages-message qtranxs-available-languages-message-en\">Sorry, this entry is only available in <a href=\"https:\/\/www.enerjigazetesi.ist\/tr\/wp-json\/wp\/v2\/posts\/87556\" class=\"qtranxs-available-language-link qtranxs-available-language-link-tr\" title=\"Turkish\">Turkish<\/a>. For the sake of viewer convenience, the content is shown below in the alternative language. You may click the link to switch the active language.<\/p><p><\/p>\n<h1>Almanya\u2019n\u0131n g\u00fcne\u015f enerjisine dayal\u0131 elektrik \u00fcretimde kapasite 2018 y\u0131l\u0131n\u0131n Aral\u0131k ay\u0131nda\u00a0376,571 MW\u00a0art\u0131\u015f g\u00f6sterirken Almanya Federal A\u011f \u0130daresi&#8217;nin (Bundesnetzagentur)\u00a0a\u00e7\u0131klad\u0131\u011f\u0131 verilere g\u00f6re ise 2018 y\u0131l\u0131n\u0131n tamam\u0131ndaki art\u0131\u015f ise 2,960 MW olarak ger\u00e7ekle\u015fmi\u015ftir.<\/h1>\n<p><img loading=\"lazy\" class=\"alignleft size-medium wp-image-87558\" src=\"https:\/\/www.enerjigazetesi.ist\/wp-content\/uploads\/2019\/02\/almanyanin-gunes-enerjisinde-gucu-2018-yilinda-3-gwa-yakin-artti-300x159.jpg\" alt=\"\" width=\"300\" height=\"159\" srcset=\"https:\/\/www.enerjigazetesi.ist\/wp-content\/uploads\/2019\/02\/almanyanin-gunes-enerjisinde-gucu-2018-yilinda-3-gwa-yakin-artti-300x159.jpg 300w, https:\/\/www.enerjigazetesi.ist\/wp-content\/uploads\/2019\/02\/almanyanin-gunes-enerjisinde-gucu-2018-yilinda-3-gwa-yakin-artti-768x408.jpg 768w, https:\/\/www.enerjigazetesi.ist\/wp-content\/uploads\/2019\/02\/almanyanin-gunes-enerjisinde-gucu-2018-yilinda-3-gwa-yakin-artti-500x266.jpg 500w, https:\/\/www.enerjigazetesi.ist\/wp-content\/uploads\/2019\/02\/almanyanin-gunes-enerjisinde-gucu-2018-yilinda-3-gwa-yakin-artti-80x42.jpg 80w, https:\/\/www.enerjigazetesi.ist\/wp-content\/uploads\/2019\/02\/almanyanin-gunes-enerjisinde-gucu-2018-yilinda-3-gwa-yakin-artti.jpg 919w\" sizes=\"(max-width: 300px) 100vw, 300px\" \/>Elde edilen bu rakam bir y\u0131l \u00f6ncesinde ger\u00e7ekle\u015fen b\u00fcy\u00fcmenin %68 \u00fczerinde yer al\u0131rken \u00fclke 2013&#8217;de hedefledi\u011fi g\u00fcne\u015f enerjisinde y\u0131ll\u0131k 2,5 GW\u2019l\u0131k ek kapasite hedefini ise ilk kez sa\u011flam\u0131\u015ft\u0131r.\u00a0Elektrik \u015febekesine ba\u011fl\u0131 toplam g\u00fcne\u015f elektri\u011fi g\u00fcc\u00fc ise\u00a0<strong>45.929 MW<\/strong>\u00a0olmu\u015ftur.<\/p>\n<p>Ayr\u0131ca Almanya\u2019da 2013&#8217;de devreye girmi\u015f olan Yenilenebilir Enerji Yasas\u0131\u2019na g\u00f6re k\u00fcm\u00fclatif g\u00fcc\u00fcn 52 GW g\u00fcc\u00fcne \u00e7\u0131kmas\u0131yla yeni g\u00fcne\u015f enerjisi kurulumlar\u0131na y\u00f6nelik sa\u011flanacak olan al\u0131m garantileri de son bulmu\u015f olacak.<\/p>","protected":false},"excerpt":{"rendered":"<p>Sorry, this entry is only available in Turkish. For the sake of viewer convenience, the content is shown below in the alternative language. You may click the link to switch the active language. Almanya\u2019n\u0131n g\u00fcne\u015f enerjisine dayal\u0131 elektrik \u00fcretimde kapasite 2018 y\u0131l\u0131n\u0131n Aral\u0131k ay\u0131nda\u00a0376,571 MW\u00a0art\u0131\u015f g\u00f6sterirken Almanya Federal A\u011f \u0130daresi&#8217;nin (Bundesnetzagentur)\u00a0a\u00e7\u0131klad\u0131\u011f\u0131 verilere g\u00f6re ise 2018 [&hellip;]<\/p>\n","protected":false},"author":1,"featured_media":87558,"comment_status":"open","ping_status":"open","sticky":false,"template":"","format":"standard","meta":[],"categories":[51,53,49],"tags":[929,67,1009,1169,23416,46639,23133,34925,23131,679,34977,26829,10329],"views":999,"_links":{"self":[{"href":"https:\/\/www.enerjigazetesi.ist\/en\/wp-json\/wp\/v2\/posts\/87556"}],"collection":[{"href":"https:\/\/www.enerjigazetesi.ist\/en\/wp-json\/wp\/v2\/posts"}],"about":[{"href":"https:\/\/www.enerjigazetesi.ist\/en\/wp-json\/wp\/v2\/types\/post"}],"author":[{"embeddable":true,"href":"https:\/\/www.enerjigazetesi.ist\/en\/wp-json\/wp\/v2\/users\/1"}],"replies":[{"embeddable":true,"href":"https:\/\/www.enerjigazetesi.ist\/en\/wp-json\/wp\/v2\/comments?post=87556"}],"version-history":[{"count":0,"href":"https:\/\/www.enerjigazetesi.ist\/en\/wp-json\/wp\/v2\/posts\/87556\/revisions"}],"wp:featuredmedia":[{"embeddable":true,"href":"https:\/\/www.enerjigazetesi.ist\/en\/wp-json\/wp\/v2\/media\/87558"}],"wp:attachment":[{"href":"https:\/\/www.enerjigazetesi.ist\/en\/wp-json\/wp\/v2\/media?parent=87556"}],"wp:term":[{"taxonomy":"category","embeddable":true,"href":"https:\/\/www.enerjigazetesi.ist\/en\/wp-json\/wp\/v2\/categories?post=87556"},{"taxonomy":"post_tag","embeddable":true,"href":"https:\/\/www.enerjigazetesi.ist\/en\/wp-json\/wp\/v2\/tags?post=87556"}],"curies":[{"name":"wp","href":"https:\/\/api.w.org\/{rel}","templated":true}]}}