{"id":87548,"date":"2019-02-17T23:33:42","date_gmt":"2019-02-17T20:33:42","guid":{"rendered":"https:\/\/www.enerjigazetesi.ist\/?p=87548"},"modified":"2019-02-17T23:35:43","modified_gmt":"2019-02-17T20:35:43","slug":"tupras-2018de-akaryakit-ihtiyacimizin-buyuk-kismini-karsiladi","status":"publish","type":"post","link":"https:\/\/www.enerjigazetesi.ist\/en\/tupras-2018de-akaryakit-ihtiyacimizin-buyuk-kismini-karsiladi\/","title":{"rendered":"(Turkish) T\u00fcpra\u015f 2018\u2019de Akaryak\u0131t \u0130htiyac\u0131m\u0131z\u0131n B\u00fcy\u00fck K\u0131sm\u0131n\u0131 Kar\u015f\u0131lad\u0131"},"content":{"rendered":"<p class=\"qtranxs-available-languages-message qtranxs-available-languages-message-en\">Sorry, this entry is only available in <a href=\"https:\/\/www.enerjigazetesi.ist\/tr\/wp-json\/wp\/v2\/posts\/87548\" class=\"qtranxs-available-language-link qtranxs-available-language-link-tr\" title=\"Turkish\">Turkish<\/a>. For the sake of viewer convenience, the content is shown below in the alternative language. You may click the link to switch the active language.<\/p><p><\/p>\n<h1>T\u00fcpra\u015f taraf\u0131ndan 2018&#8217;e ili\u015fkin bilan\u00e7o ger\u00e7ekle\u015fmeleri a\u00e7\u0131kland\u0131. Kurum, 2018 y\u0131l\u0131nda T\u00fcrkiye\u2019nin akaryak\u0131t ihtiyac\u0131n\u0131n b\u00fcy\u00fck k\u0131sm\u0131n\u0131 kar\u015f\u0131lad\u0131. T\u00fcpra\u015f\u2019\u0131n, \u00f6zelle\u015ftirme sonras\u0131nda ger\u00e7ekle\u015ftirdi\u011fi yat\u0131r\u0131mlar\u0131n toplam\u0131, 2018&#8217;deki 199 milyon dolar ile birlikte 6.5 milyar dolar\u0131 ge\u00e7ti.<\/h1>\n<p><span id=\"more-104471\"><\/span>T\u00fcpra\u015f\u2019\u0131n a\u00e7\u0131klamas\u0131nda, \u201c2018&#8217;de \u00fcretim faaliyetlerini g\u00fc\u00e7l\u00fc bilan\u00e7osu ve etkin finansal risk y\u00f6netimi politikalar\u0131 ile destekleyen \u015firket, yurt i\u00e7i motorin ve jet yak\u0131t\u0131 sat\u0131\u015flar\u0131n\u0131 ge\u00e7en y\u0131la g\u00f6re ortalama y\u00fczde <img loading=\"lazy\" class=\"alignleft size-medium wp-image-87550\" src=\"https:\/\/www.enerjigazetesi.ist\/wp-content\/uploads\/2019\/02\/tupras-2018de-akaryakit-ihtiyacimizin-buyuk-kismini-karsiladi-300x199.jpg\" alt=\"\" width=\"300\" height=\"199\" srcset=\"https:\/\/www.enerjigazetesi.ist\/wp-content\/uploads\/2019\/02\/tupras-2018de-akaryakit-ihtiyacimizin-buyuk-kismini-karsiladi-300x199.jpg 300w, https:\/\/www.enerjigazetesi.ist\/wp-content\/uploads\/2019\/02\/tupras-2018de-akaryakit-ihtiyacimizin-buyuk-kismini-karsiladi-500x332.jpg 500w, https:\/\/www.enerjigazetesi.ist\/wp-content\/uploads\/2019\/02\/tupras-2018de-akaryakit-ihtiyacimizin-buyuk-kismini-karsiladi-75x50.jpg 75w, https:\/\/www.enerjigazetesi.ist\/wp-content\/uploads\/2019\/02\/tupras-2018de-akaryakit-ihtiyacimizin-buyuk-kismini-karsiladi-450x300.jpg 450w, https:\/\/www.enerjigazetesi.ist\/wp-content\/uploads\/2019\/02\/tupras-2018de-akaryakit-ihtiyacimizin-buyuk-kismini-karsiladi.jpg 735w\" sizes=\"(max-width: 300px) 100vw, 300px\" \/>5.9 art\u0131rarak T\u00fcrkiye\u2019nin artan akaryak\u0131t ihtiyac\u0131n\u0131 kar\u015f\u0131lamaya devam etti\u201d denildi ve eklendi: \u201c2018 y\u0131l\u0131 d\u00f6rd\u00fcnc\u00fc \u00e7eyrekte tam kapasite \u00fcretim ger\u00e7ekle\u015ftiren T\u00fcpra\u015f\u2019\u0131n yurt i\u00e7i sat\u0131\u015f miktar\u0131 6.1 milyon ton olurken, toplam sat\u0131\u015f miktar\u0131 7.6 milyon tona ula\u015ft\u0131. \u015eirket, yurt i\u00e7i motorin ve jet yak\u0131t\u0131 sat\u0131\u015flar\u0131n\u0131 ge\u00e7en y\u0131la g\u00f6re ortalama y\u00fczde 5.9 art\u0131rd\u0131. T\u00fcpra\u015f\u2019\u0131n 2018 y\u0131l\u0131 d\u00f6rd\u00fcnc\u00fc \u00e7eyrek sat\u0131\u015f has\u0131lat\u0131, bir \u00f6nceki y\u0131l\u0131n ayn\u0131 d\u00f6nemine g\u00f6re ham petrol fiyat\u0131ndaki ortalama y\u00fczde 10 art\u0131\u015f ve kurdaki ortalama y\u00fczde 45\u2019lik y\u00fckseli\u015fin de etkisiyle 24.8 milyar lira olurken, y\u0131l\u0131n tamam\u0131nda 88.5 milyar lira d\u00fczeyinde ger\u00e7ekle\u015fti.\u201d<\/p>\n<p>T\u00fcpra\u015f\u2019\u0131n \u00fcretim faaliyetlerini g\u00fc\u00e7l\u00fc bilan\u00e7osu ve etkin finansal risk y\u00f6netimi politikalar\u0131 ile destekledi\u011fine dikkat \u00e7eken T\u00fcpra\u015f Genel M\u00fcd\u00fcr\u00fc \u0130brahim Yelmeno\u011flu \u015funlar\u0131 s\u00f6yledi: &#8220;EPDK rakamlar\u0131na g\u00f6re 2018 y\u0131l\u0131n\u0131n ilk 11 ay\u0131nda \u00fclkemizde dizel t\u00fcketimi y\u00fczde 4.2, jet yak\u0131t\u0131 t\u00fcketimi ise y\u00fczde 9,0 artt\u0131. Bu y\u00fcksek talep art\u0131\u015f\u0131 d\u00f6neminde T\u00fcrkiye\u2019nin akaryak\u0131t ihtiyac\u0131n\u0131n kar\u015f\u0131lanmas\u0131ndaki sorumlulu\u011fumuzu ba\u015far\u0131yla yerine getirdik. Artan arz endi\u015felerine ba\u011fl\u0131 olarak Ekim ay\u0131na 84.7 dolar\/varil seviyesinden ba\u015flayan ham petrol fiyat\u0131, ham petrol \u00fcretim art\u0131\u015flar\u0131 ve k\u00fcresel ekonomiye ili\u015fkin artan kayg\u0131lara ba\u011fl\u0131 olarak y\u00fczde 41 d\u00fc\u015f\u00fc\u015f kaydederek y\u0131l\u0131 50.2 dolar\/varil seviyesinde tamamlad\u0131. 2018 y\u0131l\u0131n\u0131n ortalama ham petrol fiyat\u0131 71.0 dolar\/varil oldu. Bu y\u00fcksek belirsizlikler alt\u0131nda risk politikalar\u0131n\u0131 ba\u015far\u0131yla uygulayan \u015firketimizde \u00f6n\u00fcm\u00fczdeki d\u00f6nemde de \u015firketimizin operasyonlar\u0131n\u0131 destekleyecek \u015fekilde etkin finansal risk y\u00f6netimi ve g\u00fc\u00e7l\u00fc bilan\u00e7onun devaml\u0131l\u0131\u011f\u0131 esas olacakt\u0131r. T\u00fcpra\u015f, artan k\u00fcresel rekabet g\u00fcc\u00fcyle, operasyonel ve finansal hedeflerini ger\u00e7ekle\u015ftirerek, hissedarlar\u0131, i\u015f ortaklar\u0131 ve \u00fclkemiz i\u00e7in katma de\u011fer olu\u015fturmaya devam edecektir.&#8221;<\/p>","protected":false},"excerpt":{"rendered":"<p>Sorry, this entry is only available in Turkish. For the sake of viewer convenience, the content is shown below in the alternative language. You may click the link to switch the active language. T\u00fcpra\u015f taraf\u0131ndan 2018&#8217;e ili\u015fkin bilan\u00e7o ger\u00e7ekle\u015fmeleri a\u00e7\u0131kland\u0131. Kurum, 2018 y\u0131l\u0131nda T\u00fcrkiye\u2019nin akaryak\u0131t ihtiyac\u0131n\u0131n b\u00fcy\u00fck k\u0131sm\u0131n\u0131 kar\u015f\u0131lad\u0131. T\u00fcpra\u015f\u2019\u0131n, \u00f6zelle\u015ftirme sonras\u0131nda ger\u00e7ekle\u015ftirdi\u011fi yat\u0131r\u0131mlar\u0131n toplam\u0131, [&hellip;]<\/p>\n","protected":false},"author":1,"featured_media":87550,"comment_status":"open","ping_status":"open","sticky":false,"template":"","format":"standard","meta":[],"categories":[53,44],"tags":[2289,27667,46634,35344,46637,67,1009,532,750,26033,46636,59,34935,2388,34937,34936,1000,46635],"views":883,"_links":{"self":[{"href":"https:\/\/www.enerjigazetesi.ist\/en\/wp-json\/wp\/v2\/posts\/87548"}],"collection":[{"href":"https:\/\/www.enerjigazetesi.ist\/en\/wp-json\/wp\/v2\/posts"}],"about":[{"href":"https:\/\/www.enerjigazetesi.ist\/en\/wp-json\/wp\/v2\/types\/post"}],"author":[{"embeddable":true,"href":"https:\/\/www.enerjigazetesi.ist\/en\/wp-json\/wp\/v2\/users\/1"}],"replies":[{"embeddable":true,"href":"https:\/\/www.enerjigazetesi.ist\/en\/wp-json\/wp\/v2\/comments?post=87548"}],"version-history":[{"count":0,"href":"https:\/\/www.enerjigazetesi.ist\/en\/wp-json\/wp\/v2\/posts\/87548\/revisions"}],"wp:featuredmedia":[{"embeddable":true,"href":"https:\/\/www.enerjigazetesi.ist\/en\/wp-json\/wp\/v2\/media\/87550"}],"wp:attachment":[{"href":"https:\/\/www.enerjigazetesi.ist\/en\/wp-json\/wp\/v2\/media?parent=87548"}],"wp:term":[{"taxonomy":"category","embeddable":true,"href":"https:\/\/www.enerjigazetesi.ist\/en\/wp-json\/wp\/v2\/categories?post=87548"},{"taxonomy":"post_tag","embeddable":true,"href":"https:\/\/www.enerjigazetesi.ist\/en\/wp-json\/wp\/v2\/tags?post=87548"}],"curies":[{"name":"wp","href":"https:\/\/api.w.org\/{rel}","templated":true}]}}