{"id":87477,"date":"2019-02-16T08:28:11","date_gmt":"2019-02-16T05:28:11","guid":{"rendered":"https:\/\/www.enerjigazetesi.ist\/?p=87477"},"modified":"2019-02-16T08:29:18","modified_gmt":"2019-02-16T05:29:18","slug":"yuksel-enerji-konkordato-ilan-etti","status":"publish","type":"post","link":"https:\/\/www.enerjigazetesi.ist\/en\/yuksel-enerji-konkordato-ilan-etti\/","title":{"rendered":"(Turkish) Y\u00fcksel Enerji Konkordato \u0130lan Etti"},"content":{"rendered":"<p class=\"qtranxs-available-languages-message qtranxs-available-languages-message-en\">Sorry, this entry is only available in <a href=\"https:\/\/www.enerjigazetesi.ist\/tr\/wp-json\/wp\/v2\/posts\/87477\" class=\"qtranxs-available-language-link qtranxs-available-language-link-tr\" title=\"Turkish\">Turkish<\/a>. For the sake of viewer convenience, the content is shown below in the alternative language. You may click the link to switch the active language.<\/p><p><\/p>\n<h1>Y\u00fcksel Holding\u2019e ait olan Y\u00fcksel Enerji konkordato ilan etti.<\/h1>\n<p><img loading=\"lazy\" class=\"alignleft size-medium wp-image-87479\" src=\"https:\/\/www.enerjigazetesi.ist\/wp-content\/uploads\/2019\/02\/yuksel-enerji-konkordato-ilan-etti-300x169.jpg\" alt=\"\" width=\"300\" height=\"169\" srcset=\"https:\/\/www.enerjigazetesi.ist\/wp-content\/uploads\/2019\/02\/yuksel-enerji-konkordato-ilan-etti-300x169.jpg 300w, https:\/\/www.enerjigazetesi.ist\/wp-content\/uploads\/2019\/02\/yuksel-enerji-konkordato-ilan-etti-80x45.jpg 80w, https:\/\/www.enerjigazetesi.ist\/wp-content\/uploads\/2019\/02\/yuksel-enerji-konkordato-ilan-etti.jpg 480w\" sizes=\"(max-width: 300px) 100vw, 300px\" \/>Fenerbah\u00e7e eski ba\u015fkan\u0131 G\u00fcven Sazak\u2019\u0131n ye\u011feni Emin Sazak\u2019\u0131n \u015firketi; Y\u00fcksel Enerji konkordato ilan etti. Ankara 2. Asliye Ticaret Mahkemesi\u2019nden \u00e7\u0131kan karara g\u00f6re \u015firkete 3 ayl\u0131k ge\u00e7ici m\u00fchlet verildi. Mahkeme karar\u0131na g\u00f6re; \u015firketin konkordato komiserli\u011fini Elektrik-Elektronik M\u00fchendisi Melike \u00d6zlem Bilgili, Hukuk\u00e7u Av. H\u00fcseyin Berkan K\u0131rba\u00e7 ve Ba\u011f\u0131ms\u0131z Denet\u00e7i Rag\u0131p M\u00fcmtaz Kuto\u011flu\u2019nun atamas\u0131n\u0131 yapt\u0131.<\/p>\n<p>Konuya y\u00f6nelik a\u00e7\u0131klamalar yapan Y\u00fcksel Holding Y\u00f6netim Kurulu Ba\u015fkan\u0131 Emin Sazak ise &#8220;Bankalara herhangi bir borcumuz yoktur. Sadece bor\u00e7lu oldu\u011fumuz \u015firketle yap\u0131land\u0131rma konusunda anla\u015famad\u0131k. Bundan dolay\u0131 konkordato s\u00fcrecine gittik. Tek bir alacakl\u0131m\u0131z yap\u0131land\u0131rmay\u0131 kabul etmemekte olup makul s\u00fcre i\u00e7inde borcumuzu kapatmay\u0131 planlamaktay\u0131z.\u201d dedi.<\/p>","protected":false},"excerpt":{"rendered":"<p>Sorry, this entry is only available in Turkish. For the sake of viewer convenience, the content is shown below in the alternative language. You may click the link to switch the active language. Y\u00fcksel Holding\u2019e ait olan Y\u00fcksel Enerji konkordato ilan etti. Fenerbah\u00e7e eski ba\u015fkan\u0131 G\u00fcven Sazak\u2019\u0131n ye\u011feni Emin Sazak\u2019\u0131n \u015firketi; Y\u00fcksel Enerji konkordato ilan [&hellip;]<\/p>\n","protected":false},"author":1,"featured_media":87479,"comment_status":"open","ping_status":"open","sticky":false,"template":"","format":"standard","meta":[],"categories":[51,53],"tags":[46541,46536,67,1009,46537,42426,46540,46542,39067,46538,46539],"views":1288,"_links":{"self":[{"href":"https:\/\/www.enerjigazetesi.ist\/en\/wp-json\/wp\/v2\/posts\/87477"}],"collection":[{"href":"https:\/\/www.enerjigazetesi.ist\/en\/wp-json\/wp\/v2\/posts"}],"about":[{"href":"https:\/\/www.enerjigazetesi.ist\/en\/wp-json\/wp\/v2\/types\/post"}],"author":[{"embeddable":true,"href":"https:\/\/www.enerjigazetesi.ist\/en\/wp-json\/wp\/v2\/users\/1"}],"replies":[{"embeddable":true,"href":"https:\/\/www.enerjigazetesi.ist\/en\/wp-json\/wp\/v2\/comments?post=87477"}],"version-history":[{"count":0,"href":"https:\/\/www.enerjigazetesi.ist\/en\/wp-json\/wp\/v2\/posts\/87477\/revisions"}],"wp:featuredmedia":[{"embeddable":true,"href":"https:\/\/www.enerjigazetesi.ist\/en\/wp-json\/wp\/v2\/media\/87479"}],"wp:attachment":[{"href":"https:\/\/www.enerjigazetesi.ist\/en\/wp-json\/wp\/v2\/media?parent=87477"}],"wp:term":[{"taxonomy":"category","embeddable":true,"href":"https:\/\/www.enerjigazetesi.ist\/en\/wp-json\/wp\/v2\/categories?post=87477"},{"taxonomy":"post_tag","embeddable":true,"href":"https:\/\/www.enerjigazetesi.ist\/en\/wp-json\/wp\/v2\/tags?post=87477"}],"curies":[{"name":"wp","href":"https:\/\/api.w.org\/{rel}","templated":true}]}}