{"id":87446,"date":"2019-02-15T22:36:41","date_gmt":"2019-02-15T19:36:41","guid":{"rendered":"https:\/\/www.enerjigazetesi.ist\/?p=87446"},"modified":"2019-02-15T22:40:34","modified_gmt":"2019-02-15T19:40:34","slug":"ispanyanin-2035-yilina-kadar-butun-nukleer-santrallerini-kapatma-plani","status":"publish","type":"post","link":"https:\/\/www.enerjigazetesi.ist\/en\/ispanyanin-2035-yilina-kadar-butun-nukleer-santrallerini-kapatma-plani\/","title":{"rendered":"(Turkish) \u0130spanya&#8217;n\u0131n 2035 Y\u0131l\u0131na Kadar B\u00fct\u00fcn N\u00fckleer Santrallerini Kapatma Plan\u0131"},"content":{"rendered":"<p class=\"qtranxs-available-languages-message qtranxs-available-languages-message-en\">Sorry, this entry is only available in <a href=\"https:\/\/www.enerjigazetesi.ist\/tr\/wp-json\/wp\/v2\/posts\/87446\" class=\"qtranxs-available-language-link qtranxs-available-language-link-tr\" title=\"Turkish\">Turkish<\/a>. For the sake of viewer convenience, the content is shown below in the alternative language. You may click the link to switch the active language.<\/p><p><\/p>\n<h1>\u0130spanya\u2019daki sosyalist Pedro Sanchez h\u00fck\u00fcmeti taraf\u0131ndan 2050 y\u0131l\u0131ndan itibaren sadece yenilenebilir enerji kaynaklar\u0131n\u0131 kullanma plan\u0131 \u00e7er\u00e7evesinde 2025-2035 aras\u0131 s\u00fcre\u00e7te \u00fclkedeki yedi n\u00fckleer santralin tamam\u0131n\u0131 kapatmak istedikleri belirtildi.<img loading=\"lazy\" class=\"alignright size-medium wp-image-87448\" src=\"https:\/\/www.enerjigazetesi.ist\/wp-content\/uploads\/2019\/02\/ispanyanin-2035-yilina-kadar-butun-nukleer-santrallerini-kapatma-plani-300x150.jpg\" alt=\"\" width=\"300\" height=\"150\" srcset=\"https:\/\/www.enerjigazetesi.ist\/wp-content\/uploads\/2019\/02\/ispanyanin-2035-yilina-kadar-butun-nukleer-santrallerini-kapatma-plani-300x150.jpg 300w, https:\/\/www.enerjigazetesi.ist\/wp-content\/uploads\/2019\/02\/ispanyanin-2035-yilina-kadar-butun-nukleer-santrallerini-kapatma-plani-768x384.jpg 768w, https:\/\/www.enerjigazetesi.ist\/wp-content\/uploads\/2019\/02\/ispanyanin-2035-yilina-kadar-butun-nukleer-santrallerini-kapatma-plani-500x250.jpg 500w, https:\/\/www.enerjigazetesi.ist\/wp-content\/uploads\/2019\/02\/ispanyanin-2035-yilina-kadar-butun-nukleer-santrallerini-kapatma-plani-80x40.jpg 80w, https:\/\/www.enerjigazetesi.ist\/wp-content\/uploads\/2019\/02\/ispanyanin-2035-yilina-kadar-butun-nukleer-santrallerini-kapatma-plani.jpg 880w\" sizes=\"(max-width: 300px) 100vw, 300px\" \/><\/h1>\n<p>Bakan Ribera, iklim de\u011fi\u015fikli\u011fiyle m\u00fccadeye y\u00f6nelik taslak plan\u0131n h\u00fck\u00fcmet taraf\u0131ndan parlamentoya 22 \u015eubat\u2019ta sunulaca\u011f\u0131n\u0131 s\u00f6yledi. Ba\u015fbakan Pedro Sanchez ise elektrik ihtiyac\u0131n\u0131n y\u00fczde 40\u2019\u0131n\u0131 yenilenebilir kaynaklardan sa\u011flayan \u0130spanya\u2019n\u0131n enerji sisteminin yeniden d\u00fczenlenmesi i\u00e7in 2021 ile 2030 aras\u0131 235 milyar euro yat\u0131r\u0131m talep edilece\u011fini a\u00e7\u0131klam\u0131\u015ft\u0131.<\/p>\n<p>Ge\u00e7ti\u011fimiz y\u0131l haz\u0131rlanan tasla\u011fa g\u00f6re h\u00fck\u00fcmet 2040&#8217;dan itibaren petrol, dizel ve hibrit ara\u00e7 sat\u0131\u015flar\u0131n\u0131 yasaklamay\u0131 ama\u00e7l\u0131yor. H\u00fck\u00fcmetin bir di\u011fer hedefi ise r\u00fczgar ve g\u00fcne\u015f enerji santralleri gibi yenilenebilir enerji i\u00e7in y\u0131lda en az 3 bin megawattl\u0131k tesis kurulumunu te\u015fvik etmek.<\/p>\n<p>\u0130spanya\u2019n\u0131n elektrik ihtiyac\u0131n\u0131n y\u00fczde 20\u2019den fazlas\u0131 kar\u015f\u0131layan n\u00fckleer enerji santrallerinin kald\u0131r\u0131lmas\u0131, muhafazakar seleflerinden ge\u00e7en yaz g\u00fcven oylamas\u0131 sonras\u0131 g\u00f6revi devralan sosyalist Sanchez h\u00fck\u00fcmetinin se\u00e7im vaadi olmu\u015ftu.<\/p>","protected":false},"excerpt":{"rendered":"<p>Sorry, this entry is only available in Turkish. For the sake of viewer convenience, the content is shown below in the alternative language. You may click the link to switch the active language. \u0130spanya\u2019daki sosyalist Pedro Sanchez h\u00fck\u00fcmeti taraf\u0131ndan 2050 y\u0131l\u0131ndan itibaren sadece yenilenebilir enerji kaynaklar\u0131n\u0131 kullanma plan\u0131 \u00e7er\u00e7evesinde 2025-2035 aras\u0131 s\u00fcre\u00e7te \u00fclkedeki yedi n\u00fckleer [&hellip;]<\/p>\n","protected":false},"author":1,"featured_media":87448,"comment_status":"open","ping_status":"open","sticky":false,"template":"","format":"standard","meta":[],"categories":[51,53,49,43,50],"tags":[34979,19638,34980,26353,67,1009,35038,944,23416,35039,23133,23131,41159,4353,23134,25480,34930,46511,35002,10278,231,35004,34977,26829,508],"views":882,"_links":{"self":[{"href":"https:\/\/www.enerjigazetesi.ist\/en\/wp-json\/wp\/v2\/posts\/87446"}],"collection":[{"href":"https:\/\/www.enerjigazetesi.ist\/en\/wp-json\/wp\/v2\/posts"}],"about":[{"href":"https:\/\/www.enerjigazetesi.ist\/en\/wp-json\/wp\/v2\/types\/post"}],"author":[{"embeddable":true,"href":"https:\/\/www.enerjigazetesi.ist\/en\/wp-json\/wp\/v2\/users\/1"}],"replies":[{"embeddable":true,"href":"https:\/\/www.enerjigazetesi.ist\/en\/wp-json\/wp\/v2\/comments?post=87446"}],"version-history":[{"count":0,"href":"https:\/\/www.enerjigazetesi.ist\/en\/wp-json\/wp\/v2\/posts\/87446\/revisions"}],"wp:featuredmedia":[{"embeddable":true,"href":"https:\/\/www.enerjigazetesi.ist\/en\/wp-json\/wp\/v2\/media\/87448"}],"wp:attachment":[{"href":"https:\/\/www.enerjigazetesi.ist\/en\/wp-json\/wp\/v2\/media?parent=87446"}],"wp:term":[{"taxonomy":"category","embeddable":true,"href":"https:\/\/www.enerjigazetesi.ist\/en\/wp-json\/wp\/v2\/categories?post=87446"},{"taxonomy":"post_tag","embeddable":true,"href":"https:\/\/www.enerjigazetesi.ist\/en\/wp-json\/wp\/v2\/tags?post=87446"}],"curies":[{"name":"wp","href":"https:\/\/api.w.org\/{rel}","templated":true}]}}