{"id":87368,"date":"2019-02-14T18:19:54","date_gmt":"2019-02-14T15:19:54","guid":{"rendered":"https:\/\/www.enerjigazetesi.ist\/?p=87368"},"modified":"2019-02-14T19:19:06","modified_gmt":"2019-02-14T16:19:06","slug":"mitsubishi-electricten-baz-istasyonlarinin-enerji-tuketimini-azaltan-teknoloji","status":"publish","type":"post","link":"https:\/\/www.enerjigazetesi.ist\/en\/mitsubishi-electricten-baz-istasyonlarinin-enerji-tuketimini-azaltan-teknoloji\/","title":{"rendered":"(Turkish) Mitsubishi Electric&#8217;ten Baz \u0130stasyonlar\u0131n\u0131n Enerji T\u00fcketimini Azaltan Teknoloji"},"content":{"rendered":"<p class=\"qtranxs-available-languages-message qtranxs-available-languages-message-en\">Sorry, this entry is only available in <a href=\"https:\/\/www.enerjigazetesi.ist\/tr\/wp-json\/wp\/v2\/posts\/87368\" class=\"qtranxs-available-language-link qtranxs-available-language-link-tr\" title=\"Turkish\">Turkish<\/a>. For the sake of viewer convenience, the content is shown below in the alternative language. You may click the link to switch the active language.<\/p><p><\/p>\n<h1>5G mobil ileti\u015fim sistemlerine odakl\u0131 \u00e7al\u0131\u015fmalarda y\u00fcr\u00fcten d\u00fcnya lideri\u00a0Mitsubishi Electric taraf\u0131ndan sub-6GHz bant aral\u0131\u011f\u0131yla uyumlu \u00e7al\u0131\u015fabilen d\u00fcnyan\u0131n ilk ultra geni\u015f bantl\u0131 dijital kontroll\u00fc galyum nitrit (GaN) amplifikat\u00f6r\u00fc geli\u015ftirildi. % 40\u2019a varan oranda enerji verimlili\u011fi sa\u011flayan amplifikat\u00f6r\u00fcn, geni\u015f kapasiteli ileti\u015fime katk\u0131da bulunmas\u0131 ve mobil baz istasyonlar\u0131n\u0131n enerji t\u00fcketimini azaltmas\u0131 \u00f6ng\u00f6r\u00fclmektedir.<\/h1>\n<p><img loading=\"lazy\" class=\"alignleft size-medium wp-image-87370\" src=\"https:\/\/www.enerjigazetesi.ist\/wp-content\/uploads\/2019\/02\/mitsubishi-electricten-baz-istasyonlarinin-enerji-tuketimini-azaltan-teknoloji-300x168.jpg\" alt=\"\" width=\"300\" height=\"168\" srcset=\"https:\/\/www.enerjigazetesi.ist\/wp-content\/uploads\/2019\/02\/mitsubishi-electricten-baz-istasyonlarinin-enerji-tuketimini-azaltan-teknoloji-300x168.jpg 300w, https:\/\/www.enerjigazetesi.ist\/wp-content\/uploads\/2019\/02\/mitsubishi-electricten-baz-istasyonlarinin-enerji-tuketimini-azaltan-teknoloji-500x280.jpg 500w, https:\/\/www.enerjigazetesi.ist\/wp-content\/uploads\/2019\/02\/mitsubishi-electricten-baz-istasyonlarinin-enerji-tuketimini-azaltan-teknoloji-80x45.jpg 80w, https:\/\/www.enerjigazetesi.ist\/wp-content\/uploads\/2019\/02\/mitsubishi-electricten-baz-istasyonlarinin-enerji-tuketimini-azaltan-teknoloji.jpg 640w\" sizes=\"(max-width: 300px) 100vw, 300px\" \/>Mitsubishi Electric\u2019in yeni ultra geni\u015f bantl\u0131 dijital kontroll\u00fc GaN amplifikat\u00f6r\u00fcnde, iki paralel GaN transist\u00f6r\u00fcnden olu\u015fan ileri bir y\u00fck mod\u00fclasyon devresi kullan\u0131l\u0131yor. 1.4-4.8GHz geni\u015f bantl\u0131 devre, i\u015fletim i\u00e7in amplifikat\u00f6r\u00fcn y\u00fcksek verimlilik sa\u011flamas\u0131 a\u00e7\u0131s\u0131ndan y\u00fck mod\u00fclasyonunun bant geni\u015fli\u011fini art\u0131r\u0131yor. Geni\u015f bantl\u0131 amplifikat\u00f6r i\u015fletimi farkl\u0131 frekans bantlar\u0131n\u0131 destekliyor. Amplifikat\u00f6r\u00fcn dijital kontroll\u00fc giri\u015f sinyalleri, fraksiyonel bant geni\u015fli\u011finin y\u00fczde 110\u2019unda y\u00fczde 40\u2019a varan oranda y\u00fcksek verimli y\u00fck mod\u00fclasyonu sa\u011flamaktad\u0131r.<\/p>\n<p>Dijital kontrolde, Mitsubishi Electric\u2019in aralar\u0131nda kompakt yapay zeka (AI), otomatik tasar\u0131m derinlemesine \u00f6\u011frenme algoritmas\u0131 ve ekstra verimli ak\u0131ll\u0131 \u00f6\u011frenme uygulamalar\u0131n\u0131n da bulundu\u011fu tescilli yapay zeka teknolojisini tek bir \u00e7at\u0131 alt\u0131nda toplayan Maisart ile desteklenen \u00f6\u011frenme fonksiyonu kullan\u0131l\u0131yor. Amplifikat\u00f6rde sa\u011flanan verimlilik art\u0131\u015f\u0131 mobil baz istasyonlar\u0131n\u0131n enerji t\u00fcketiminin azalt\u0131lmas\u0131na yard\u0131mc\u0131 oluyor.<\/p>","protected":false},"excerpt":{"rendered":"<p>Sorry, this entry is only available in Turkish. For the sake of viewer convenience, the content is shown below in the alternative language. You may click the link to switch the active language. 5G mobil ileti\u015fim sistemlerine odakl\u0131 \u00e7al\u0131\u015fmalarda y\u00fcr\u00fcten d\u00fcnya lideri\u00a0Mitsubishi Electric taraf\u0131ndan sub-6GHz bant aral\u0131\u011f\u0131yla uyumlu \u00e7al\u0131\u015fabilen d\u00fcnyan\u0131n ilk ultra geni\u015f bantl\u0131 dijital [&hellip;]<\/p>\n","protected":false},"author":1,"featured_media":87370,"comment_status":"open","ping_status":"open","sticky":false,"template":"","format":"standard","meta":[],"categories":[51,53,52,157],"tags":[40179,46454,46448,68,67,1009,148,9945,6850,4166,12,26559,46453,46447,46445,46449,15655,46450,46446,793,1612,46452,46455,46451],"views":971,"_links":{"self":[{"href":"https:\/\/www.enerjigazetesi.ist\/en\/wp-json\/wp\/v2\/posts\/87368"}],"collection":[{"href":"https:\/\/www.enerjigazetesi.ist\/en\/wp-json\/wp\/v2\/posts"}],"about":[{"href":"https:\/\/www.enerjigazetesi.ist\/en\/wp-json\/wp\/v2\/types\/post"}],"author":[{"embeddable":true,"href":"https:\/\/www.enerjigazetesi.ist\/en\/wp-json\/wp\/v2\/users\/1"}],"replies":[{"embeddable":true,"href":"https:\/\/www.enerjigazetesi.ist\/en\/wp-json\/wp\/v2\/comments?post=87368"}],"version-history":[{"count":0,"href":"https:\/\/www.enerjigazetesi.ist\/en\/wp-json\/wp\/v2\/posts\/87368\/revisions"}],"wp:featuredmedia":[{"embeddable":true,"href":"https:\/\/www.enerjigazetesi.ist\/en\/wp-json\/wp\/v2\/media\/87370"}],"wp:attachment":[{"href":"https:\/\/www.enerjigazetesi.ist\/en\/wp-json\/wp\/v2\/media?parent=87368"}],"wp:term":[{"taxonomy":"category","embeddable":true,"href":"https:\/\/www.enerjigazetesi.ist\/en\/wp-json\/wp\/v2\/categories?post=87368"},{"taxonomy":"post_tag","embeddable":true,"href":"https:\/\/www.enerjigazetesi.ist\/en\/wp-json\/wp\/v2\/tags?post=87368"}],"curies":[{"name":"wp","href":"https:\/\/api.w.org\/{rel}","templated":true}]}}