{"id":8732,"date":"2013-03-24T19:36:59","date_gmt":"2013-03-24T16:36:59","guid":{"rendered":"https:\/\/www.enerjigazetesi.ist\/?p=8732"},"modified":"2013-03-24T19:36:59","modified_gmt":"2013-03-24T16:36:59","slug":"enerji-hanimdan-tasarruf-nasihatlari","status":"publish","type":"post","link":"https:\/\/www.enerjigazetesi.ist\/en\/enerji-hanimdan-tasarruf-nasihatlari\/","title":{"rendered":"(Turkish) Enerji Han\u0131m&#8217;dan Tasarruf Nasihatlar\u0131"},"content":{"rendered":"<p class=\"qtranxs-available-languages-message qtranxs-available-languages-message-en\">Sorry, this entry is only available in <a href=\"https:\/\/www.enerjigazetesi.ist\/tr\/wp-json\/wp\/v2\/posts\/8732\" class=\"qtranxs-available-language-link qtranxs-available-language-link-tr\" title=\"Turkish\">Turkish<\/a>. For the sake of viewer convenience, the content is shown below in the alternative language. You may click the link to switch the active language.<\/p><p><strong>Enerji ve Tabii Kaynaklar Bakan\u0131 Taner Y\u0131ld\u0131z&#8217;\u0131n e\u015fi Selma Y\u0131ld\u0131z ile Bursa Valisi \u015eehabettin Harput&#8217;un e\u015fi Funda Harput&#8217;un da kat\u0131ld\u0131\u011f\u0131 toplant\u0131da konu\u015fan Enerji Verimlili\u011fi Derne\u011fi (ENVER) Genel Ba\u015fkan\u0131 \u0130brahim \u00c7a\u011flar, ev han\u0131mlar\u0131n\u0131n yapacaklar\u0131 k\u00fc\u00e7\u00fck tasarrufla \u00fclke ekonomisine 4 milyar lira katk\u0131 sa\u011flayaca\u011f\u0131n\u0131 s\u00f6yledi.<\/strong><\/p>\n<p>Enerji tasarrufu konusunda a\u00e7\u0131klamalarda bulunan \u00c7a\u011flar, &#8220;4 milyar lira ile tam donan\u0131ml\u0131 200 hastane yapabiliyoruz. Bin tane okul yap\u0131yorsunuz. Bunlar\u0131 devletimiz de i\u015fadamlar\u0131m\u0131z da yap\u0131yor; fakat fazlas\u0131n\u0131n ne zarar\u0131 olur. Yapaca\u011f\u0131n\u0131z k\u00fc\u00e7\u00fck tasarruflarla bu imkanlar\u0131 bulabilece\u011fimize inan\u0131yorum. Lir lambay\u0131 s\u00f6nd\u00fcrmek de \u00e7ok \u00f6nemli. Kad\u0131n kemaliyle toplumu y\u00fcceltir.&#8221; dedi.<\/p>\n<p><a href=\"https:\/\/www.enerjigazetesi.ist\/wp-content\/uploads\/2013\/03\/enerji-han\u0131m-enerji-verimliligi-ve-tasarruf-nasihatlari.jpg\"><img loading=\"lazy\" class=\"alignleft size-medium wp-image-8733\" title=\"enerji-han\u0131m-enerji-verimliligi-ve-tasarruf-nasihatlari\" src=\"https:\/\/www.enerjigazetesi.ist\/wp-content\/uploads\/2013\/03\/enerji-han\u0131m-enerji-verimliligi-ve-tasarruf-nasihatlari-300x181.jpg\" alt=\"\" width=\"300\" height=\"181\" srcset=\"https:\/\/www.enerjigazetesi.ist\/wp-content\/uploads\/2013\/03\/enerji-han\u0131m-enerji-verimliligi-ve-tasarruf-nasihatlari-300x181.jpg 300w, https:\/\/www.enerjigazetesi.ist\/wp-content\/uploads\/2013\/03\/enerji-han\u0131m-enerji-verimliligi-ve-tasarruf-nasihatlari-80x48.jpg 80w, https:\/\/www.enerjigazetesi.ist\/wp-content\/uploads\/2013\/03\/enerji-han\u0131m-enerji-verimliligi-ve-tasarruf-nasihatlari.jpg 480w\" sizes=\"(max-width: 300px) 100vw, 300px\" \/><\/a>&#8216;Enerji Han\u0131m&#8217; karakterini canland\u0131ran tiyatro ve sinema oyuncusu S\u00fceda \u00c7il de programa kat\u0131lan kad\u0131nlara, evlerde enerjinin nas\u0131l daha verimli kullan\u0131labilece\u011fi konusunda ayr\u0131nt\u0131l\u0131 bilgi verdi. Sahneye ald\u0131\u011f\u0131 ev han\u0131mlar\u0131na buzdolab\u0131n\u0131 nereye koyduklar\u0131n\u0131 soran \u00c7il, &#8220;Mutfakta kulland\u0131\u011f\u0131n\u0131z beyaz e\u015fyalar\u0131n birbirleriyle yan yana bulunmamas\u0131na \u00f6zen g\u00f6sterin. \u00d6zellikle bula\u015f\u0131k makinesiyle buzdolab\u0131 yan yanaysa buzdolab\u0131 daha fazla enerji t\u00fcketebiliyor. Bundan sonra beyaz e\u015fyalar\u0131 mutfakta yan yana kullanmay\u0131n sa\u011flayaca\u011f\u0131n\u0131z tasarrufun fark\u0131na varacaks\u0131n\u0131z&#8221; diye konu\u015ftu.<\/p>\n<p>Etkinli\u011fe ev sahipli\u011fi yapan Enerji Verimlili\u011fi Derne\u011fi Bursa \u015eube Ba\u015fkan\u0131 Dr. Mustafa Uysal ise, hayat\u0131m\u0131z\u0131n her an\u0131nda enerjiyi kulland\u0131\u011f\u0131m\u0131z\u0131 belirtti. Uysal, &#8220;\u00d6nemli olan bu enerjiyi ak\u0131ll\u0131 verimli kullanmak. Enerjiyi bilin\u00e7sizce ve hor kullan\u0131rsak, \u00f6nce aile b\u00fct\u00e7emiz sonra da \u00fclke b\u00fct\u00e7eniz zarar g\u00f6r\u00fcyor. Bu nedenle d\u00fcnyadaki geli\u015fmi\u015f \u00fclkelerdeki gibi \u00fclkemizde de enerji verimli kullanma konusundaki e\u011fitim ve bilin\u00e7lendirme \u00e7al\u0131\u015fmalar\u0131m\u0131z aral\u0131ks\u0131z s\u00fcrecek&#8221; dedi.<\/p>\n<p>Toplant\u0131ya kat\u0131lanlar aras\u0131nda yap\u0131lan \u00e7ekili\u015fle \u015fansl\u0131 ev han\u0131mlar\u0131na enerji t\u00fcketimi az beyaz e\u015fya hediye edildi.<\/p>\n<p>Kaynak: <a href=\"http:\/\/www.energyworld.com.tr\/root.vol?title=enerji-hanim-39dan-tasarruf-nasihatlari&amp;exec=page&amp;nid=519296\" target=\"_blank\">Energy World<\/a><\/p>","protected":false},"excerpt":{"rendered":"<p>Sorry, this entry is only available in Turkish. For the sake of viewer convenience, the content is shown below in the alternative language. You may click the link to switch the active language.Enerji ve Tabii Kaynaklar Bakan\u0131 Taner Y\u0131ld\u0131z&#8217;\u0131n e\u015fi Selma Y\u0131ld\u0131z ile Bursa Valisi \u015eehabettin Harput&#8217;un e\u015fi Funda Harput&#8217;un da kat\u0131ld\u0131\u011f\u0131 toplant\u0131da konu\u015fan Enerji [&hellip;]<\/p>\n","protected":false},"author":1,"featured_media":8733,"comment_status":"open","ping_status":"open","sticky":false,"template":"","format":"standard","meta":[],"categories":[53,52],"tags":[2252,710,3829,63,67,1530,103,148,12,1526,2825,3828,3830,667,793],"views":1015,"_links":{"self":[{"href":"https:\/\/www.enerjigazetesi.ist\/en\/wp-json\/wp\/v2\/posts\/8732"}],"collection":[{"href":"https:\/\/www.enerjigazetesi.ist\/en\/wp-json\/wp\/v2\/posts"}],"about":[{"href":"https:\/\/www.enerjigazetesi.ist\/en\/wp-json\/wp\/v2\/types\/post"}],"author":[{"embeddable":true,"href":"https:\/\/www.enerjigazetesi.ist\/en\/wp-json\/wp\/v2\/users\/1"}],"replies":[{"embeddable":true,"href":"https:\/\/www.enerjigazetesi.ist\/en\/wp-json\/wp\/v2\/comments?post=8732"}],"version-history":[{"count":1,"href":"https:\/\/www.enerjigazetesi.ist\/en\/wp-json\/wp\/v2\/posts\/8732\/revisions"}],"predecessor-version":[{"id":8734,"href":"https:\/\/www.enerjigazetesi.ist\/en\/wp-json\/wp\/v2\/posts\/8732\/revisions\/8734"}],"wp:featuredmedia":[{"embeddable":true,"href":"https:\/\/www.enerjigazetesi.ist\/en\/wp-json\/wp\/v2\/media\/8733"}],"wp:attachment":[{"href":"https:\/\/www.enerjigazetesi.ist\/en\/wp-json\/wp\/v2\/media?parent=8732"}],"wp:term":[{"taxonomy":"category","embeddable":true,"href":"https:\/\/www.enerjigazetesi.ist\/en\/wp-json\/wp\/v2\/categories?post=8732"},{"taxonomy":"post_tag","embeddable":true,"href":"https:\/\/www.enerjigazetesi.ist\/en\/wp-json\/wp\/v2\/tags?post=8732"}],"curies":[{"name":"wp","href":"https:\/\/api.w.org\/{rel}","templated":true}]}}