{"id":8729,"date":"2013-03-24T19:30:24","date_gmt":"2013-03-24T16:30:24","guid":{"rendered":"https:\/\/www.enerjigazetesi.ist\/?p=8729"},"modified":"2013-03-24T19:30:24","modified_gmt":"2013-03-24T16:30:24","slug":"su-petrolden-daha-kiymetli","status":"publish","type":"post","link":"https:\/\/www.enerjigazetesi.ist\/en\/su-petrolden-daha-kiymetli\/","title":{"rendered":"(Turkish) Su Petrolden Daha K\u0131ymetli"},"content":{"rendered":"<p class=\"qtranxs-available-languages-message qtranxs-available-languages-message-en\">Sorry, this entry is only available in <a href=\"https:\/\/www.enerjigazetesi.ist\/tr\/wp-json\/wp\/v2\/posts\/8729\" class=\"qtranxs-available-language-link qtranxs-available-language-link-tr\" title=\"Turkish\">Turkish<\/a>. For the sake of viewer convenience, the content is shown below in the alternative language. You may click the link to switch the active language.<\/p><p><strong>Bursa B\u00fcy\u00fck\u015fehir Belediyesi BUSK\u0130 Genel M\u00fcd\u00fcrl\u00fc\u011f\u00fc&#8217;n\u00fcn ev sahipli\u011finde ger\u00e7ekle\u015ftirilen &#8216;3.Uluslararas\u0131 Bursa Su Kongresi&#8217;, &#8217;22 Mart D\u00fcnya Su G\u00fcn\u00fc&#8217;nde yap\u0131lan t\u00f6renle ba\u015flad\u0131.<\/strong><\/p>\n<p>Su \u015fehri Bursa&#8217;da 3 g\u00fcn boyunca suyu her y\u00f6n\u00fcyle ele alacak olan &#8216;3. Uluslararas\u0131 Su Kongresi ve Sergisi&#8217;ne b\u00fcy\u00fck bir kat\u0131l\u0131m oldu.<br \/>\nAtat\u00fcrk Kongre ve K\u00fclt\u00fcr Merkezi&#8217;nde (Merinos AKKM) Bursa B\u00fcy\u00fck\u015fehir Belediyesi BUSK\u0130 Genel M\u00fcd\u00fcrl\u00fc\u011f\u00fc&#8217;n\u00fcn ev sahipli\u011finde Su Vakf\u0131, Bursa Kent Konseyi ve DS\u0130 Bursa B\u00f6lge M\u00fcd\u00fcrl\u00fc\u011f\u00fc&#8217;n\u00fcn ortak organizasyonuyla ger\u00e7ekle\u015ftirilen &#8216;3. Uluslararas\u0131 Su Kongresi ve Sergisi&#8217;nde suyun \u00f6nemi anlat\u0131ld\u0131.<\/p>\n<p>Kongre, B\u00fcy\u00fck\u015fehir Belediyesi Orkestras\u0131&#8217;n\u0131n m\u00fczik dinletisiyle ba\u015flad\u0131. &#8216;S\u00fcrd\u00fcr\u00fclebilir Su Y\u00f6netimi ve Kentlerin Gelece\u011fi&#8217; temas\u0131yla ger\u00e7ekle\u015ftirilen kongrenin a\u00e7\u0131l\u0131\u015f\u0131nda konu\u015fan Bursa B\u00fcy\u00fck\u015fehir Belediye Ba\u015fkan\u0131 Recep Altepe, suyun ya\u015famsal \u00f6nemine dikkati \u00e7ekti. &#8220;Su hayat kayna\u011f\u0131m\u0131zd\u0131r&#8221; diyen Ba\u015fkan Altepe, &#8220;Ya\u015fam\u0131n temeli olan su, t\u00fcm canl\u0131lar\u0131n vazge\u00e7ilmezidir. Uzmanlar\u0131n petrolden daha <a href=\"https:\/\/www.enerjigazetesi.ist\/wp-content\/uploads\/2013\/03\/su-petrol-den-daha-kiymetli.jpg\"><img loading=\"lazy\" class=\"alignright size-medium wp-image-8730\" title=\"su-petrol-den-daha-kiymetli\" src=\"https:\/\/www.enerjigazetesi.ist\/wp-content\/uploads\/2013\/03\/su-petrol-den-daha-kiymetli-300x181.jpg\" alt=\"\" width=\"300\" height=\"181\" srcset=\"https:\/\/www.enerjigazetesi.ist\/wp-content\/uploads\/2013\/03\/su-petrol-den-daha-kiymetli-300x181.jpg 300w, https:\/\/www.enerjigazetesi.ist\/wp-content\/uploads\/2013\/03\/su-petrol-den-daha-kiymetli-80x48.jpg 80w, https:\/\/www.enerjigazetesi.ist\/wp-content\/uploads\/2013\/03\/su-petrol-den-daha-kiymetli.jpg 480w\" sizes=\"(max-width: 300px) 100vw, 300px\" \/><\/a>\u00f6nemli hale geldi\u011fini belirtti\u011fi su, insan v\u00fccudunun da 4&#8217;te 3&#8217;\u00fcn\u00fc olu\u015fturmaktad\u0131r.&#8221; dedi.<\/p>\n<p><strong>&#8220;Bursa&#8217;da 2040 y\u0131l\u0131na kadar su s\u0131k\u0131nt\u0131s\u0131 bulunmuyor&#8221;<\/strong><\/p>\n<p>Suyun israf\u0131na da i\u015faret eden Ba\u015fkan Altepe \u015funlar\u0131 s\u00f6yledi: &#8220;Suyu do\u011fru ve yerinde kullanmal\u0131y\u0131z. Gelecek ku\u015faklara b\u0131rakaca\u011f\u0131m\u0131z en \u00f6nemli miras sudur. Su 100 y\u0131l\u0131n en stratejik kozudur. Bursa, son y\u0131llarda i\u00e7ilebilir su oran\u0131nda \u00f6nemli a\u015fama kaydetti. Kay\u0131p ka\u00e7ak oran\u0131 y\u00fczde 70&#8217;lerden y\u00fczde 23&#8217;e indirildi. Bursa&#8217;da su \u015fehri olman\u0131n sorumlulu\u011funu ta\u015f\u0131yoruz. Bursa&#8217;da 2040 y\u0131l\u0131na kadar su s\u0131k\u0131nt\u0131s\u0131 bulunmuyor.&#8221;<\/p>\n<p><strong>&#8220;Gelecek ku\u015faklar bilin\u00e7lendirilecek&#8221;<\/strong><\/p>\n<p>BUSK\u0130 Genel M\u00fcd\u00fcr\u00fc \u0130smail Hakk\u0131 \u00c7etinavc\u0131 ise gelecek ku\u015faklar\u0131 su konusunda bilin\u00e7lendirmek ad\u0131na d\u00fczenlenen kongrenin, detaylar\u0131 hakk\u0131nda bilgi verdi. \u00c7etinavc\u0131, \u015funlar\u0131 s\u00f6yledi: &#8220;Su ve kurakl\u0131k \u00fclkemizi ve d\u00fcnyam\u0131z\u0131 ya\u015famsal olarak etkileyecek olaylar\u0131n ba\u015f\u0131nda geliyor. Bu y\u00fczden d\u00fczenledi\u011fimiz kongre, ulusal ve uluslararas\u0131 alanda ses getirdi.&#8221;<\/p>\n<p>\u0130smail Hakk\u0131 \u00c7etinavc\u0131, s\u00fcrd\u00fcr\u00fclebilir su y\u00f6netimi ve kentlerin gelece\u011finin masaya yat\u0131r\u0131ld\u0131\u011f\u0131 kongrede 3 g\u00fcn boyunca 34 oturum ve 11 konferans\u0131n ger\u00e7ekle\u015fece\u011fini belirterek, suyla ilgili belgesel g\u00f6sterimleri ve \u00f6\u011frencilerin ske\u00e7lerinin de programa renk kataca\u011f\u0131n\u0131 s\u00f6yledi.<br \/>\nKongrede d\u00fcnya ve T\u00fcrkiye&#8217;deki su kaynaklar\u0131n\u0131n tespiti, geli\u015ftirilmesi, i\u015fletilmesi, bak\u0131m\u0131 ve sorunlar\u0131n belirlenmesinin tart\u0131\u015f\u0131larak, \u00e7\u00f6z\u00fcm \u00f6nerilerinin ortaya konaca\u011f\u0131n\u0131 anlatan \u00c7etinavc\u0131, 3 g\u00fcn boyunca ortaya \u00e7\u0131kan konular\u0131n da kitap haline getirilerek \u00f6nemli bir kayna\u011f\u0131n ortaya \u00e7\u0131kaca\u011f\u0131n\u0131 kaydetti.<\/p>\n<p>Kaynak: <a href=\"http:\/\/www.energyworld.com.tr\/root.vol?title=-quotsu-petrolden-daha-kiymetli-quot&amp;exec=page&amp;nid=518670\" target=\"_blank\">Energy World<\/a><\/p>","protected":false},"excerpt":{"rendered":"<p>Sorry, this entry is only available in Turkish. For the sake of viewer convenience, the content is shown below in the alternative language. You may click the link to switch the active language.Bursa B\u00fcy\u00fck\u015fehir Belediyesi BUSK\u0130 Genel M\u00fcd\u00fcrl\u00fc\u011f\u00fc&#8217;n\u00fcn ev sahipli\u011finde ger\u00e7ekle\u015ftirilen &#8216;3.Uluslararas\u0131 Bursa Su Kongresi&#8217;, &#8217;22 Mart D\u00fcnya Su G\u00fcn\u00fc&#8217;nde yap\u0131lan t\u00f6renle ba\u015flad\u0131. Su \u015fehri [&hellip;]<\/p>\n","protected":false},"author":1,"featured_media":8730,"comment_status":"open","ping_status":"open","sticky":false,"template":"","format":"standard","meta":[],"categories":[53,44],"tags":[3823,3822,3824,3825,67,59,99,3826,3827],"views":877,"_links":{"self":[{"href":"https:\/\/www.enerjigazetesi.ist\/en\/wp-json\/wp\/v2\/posts\/8729"}],"collection":[{"href":"https:\/\/www.enerjigazetesi.ist\/en\/wp-json\/wp\/v2\/posts"}],"about":[{"href":"https:\/\/www.enerjigazetesi.ist\/en\/wp-json\/wp\/v2\/types\/post"}],"author":[{"embeddable":true,"href":"https:\/\/www.enerjigazetesi.ist\/en\/wp-json\/wp\/v2\/users\/1"}],"replies":[{"embeddable":true,"href":"https:\/\/www.enerjigazetesi.ist\/en\/wp-json\/wp\/v2\/comments?post=8729"}],"version-history":[{"count":1,"href":"https:\/\/www.enerjigazetesi.ist\/en\/wp-json\/wp\/v2\/posts\/8729\/revisions"}],"predecessor-version":[{"id":8731,"href":"https:\/\/www.enerjigazetesi.ist\/en\/wp-json\/wp\/v2\/posts\/8729\/revisions\/8731"}],"wp:featuredmedia":[{"embeddable":true,"href":"https:\/\/www.enerjigazetesi.ist\/en\/wp-json\/wp\/v2\/media\/8730"}],"wp:attachment":[{"href":"https:\/\/www.enerjigazetesi.ist\/en\/wp-json\/wp\/v2\/media?parent=8729"}],"wp:term":[{"taxonomy":"category","embeddable":true,"href":"https:\/\/www.enerjigazetesi.ist\/en\/wp-json\/wp\/v2\/categories?post=8729"},{"taxonomy":"post_tag","embeddable":true,"href":"https:\/\/www.enerjigazetesi.ist\/en\/wp-json\/wp\/v2\/tags?post=8729"}],"curies":[{"name":"wp","href":"https:\/\/api.w.org\/{rel}","templated":true}]}}