{"id":87166,"date":"2019-02-10T17:56:44","date_gmt":"2019-02-10T14:56:44","guid":{"rendered":"https:\/\/www.enerjigazetesi.ist\/?p=87166"},"modified":"2019-02-10T18:02:45","modified_gmt":"2019-02-10T15:02:45","slug":"turkiye-1-nisan-2018-de-yenilenebilir-enerji-alaninda-rekora-imza-atti","status":"publish","type":"post","link":"https:\/\/www.enerjigazetesi.ist\/en\/turkiye-1-nisan-2018-de-yenilenebilir-enerji-alaninda-rekora-imza-atti\/","title":{"rendered":"(Turkish) T\u00fcrkiye, 1 Nisan 2018&#8217;de Yenilenebilir Enerji Alan\u0131nda Rekora \u0130mza Att\u0131"},"content":{"rendered":"<p class=\"qtranxs-available-languages-message qtranxs-available-languages-message-en\">Sorry, this entry is only available in <a href=\"https:\/\/www.enerjigazetesi.ist\/tr\/wp-json\/wp\/v2\/posts\/87166\" class=\"qtranxs-available-language-link qtranxs-available-language-link-tr\" title=\"Turkish\">Turkish<\/a>. For the sake of viewer convenience, the content is shown below in the alternative language. You may click the link to switch the active language.<\/p><p><\/p>\n<h1>T\u00fcrkiye&#8217;nin lisanss\u0131z verilerinin Aral\u0131k&#8217;ta tamamlanmas\u0131yla 2018&#8217;in kaynaklar\u0131n\u0131n daha genel de\u011ferlendirmesini yapma imkan\u0131 da elde edilmektedir. Bunlar\u0131n aras\u0131nda belki de en ilgin\u00e7 olan\u0131 1 Nisan 2018\u2019de yenilenebilir enerjinin toplam \u00fcretimdeki oran\u0131na dair ger\u00e7ekle\u015fen rekor olmu\u015ftur. Saatlik bazda %63,7, g\u00fcnl\u00fck bazda ise %58\u2019lik bir oran\u0131n yakaland\u0131\u011f\u0131 g\u00f6r\u00fcl\u00fcrken veriler kesinle\u015fmedi\u011fi i\u00e7in hen\u00fcz rekorun resmile\u015fti\u011fini s\u00f6ylemek g\u00fc\u00e7 olmakla birlikte EP\u0130A\u015e verilerine bak\u0131ld\u0131\u011f\u0131nda, \u00e7ok \u00f6nemli bir oran\u0131n g\u00f6zlendi\u011fi g\u00f6r\u00fclmektedir.<\/h1>\n<p><img loading=\"lazy\" class=\"alignleft size-medium wp-image-87168\" src=\"https:\/\/www.enerjigazetesi.ist\/wp-content\/uploads\/2019\/02\/turkiye-1-nisan-2018de-yenilenebilir-enerjide-rekora-imza-atti-300x223.jpg\" alt=\"\" width=\"300\" height=\"223\" srcset=\"https:\/\/www.enerjigazetesi.ist\/wp-content\/uploads\/2019\/02\/turkiye-1-nisan-2018de-yenilenebilir-enerjide-rekora-imza-atti-300x223.jpg 300w, https:\/\/www.enerjigazetesi.ist\/wp-content\/uploads\/2019\/02\/turkiye-1-nisan-2018de-yenilenebilir-enerjide-rekora-imza-atti-500x372.jpg 500w, https:\/\/www.enerjigazetesi.ist\/wp-content\/uploads\/2019\/02\/turkiye-1-nisan-2018de-yenilenebilir-enerjide-rekora-imza-atti-67x50.jpg 67w, https:\/\/www.enerjigazetesi.ist\/wp-content\/uploads\/2019\/02\/turkiye-1-nisan-2018de-yenilenebilir-enerjide-rekora-imza-atti.jpg 537w\" sizes=\"(max-width: 300px) 100vw, 300px\" \/>EP\u0130A\u015e \u015feffafl\u0131k veri taban\u0131ndan, lisanss\u0131z \u00fcretimler de yer almas\u0131yla t\u00fcm kaynaklar baz\u0131nda \u00fcretim rakamlar\u0131 al\u0131nm\u0131\u015ft\u0131r. \u00d6nce saatlik oranlara bak\u0131lm\u0131\u015f, sonras\u0131nda ise g\u00fcnl\u00fck oranlar incelenmi\u015ftir. 1 Nisan&#8217;da arka arkaya birden fazla saatte y\u00fcksek yenilenebilir oranlar\u0131 tespit edilmi\u015f olunup saatlik ve g\u00fcnl\u00fck grafikler ortaya \u00e7\u0131kar\u0131lm\u0131\u015ft\u0131r.<\/p>\n<p>1 Nisan 2018&#8217;te saat 11, 12, 13 ve 14\u2019te %63\u2019lerin \u00fczerinde bir yenilenebilir enerjiden elektrik \u00fcretimi oran\u0131 g\u00f6zlenmi\u015ftir. Bunda ise Pazar g\u00fcn\u00fc ger\u00e7ekle\u015fen d\u00fc\u015f\u00fck talep, g\u00fc\u00e7l\u00fc g\u00fcne\u015f ve r\u00fczgar \u00fcretiminin de b\u00fcy\u00fck bir etkisi olmu\u015ftur.<\/p>\n<p style=\"text-align: center;\"><em>\u015eekil-1. 1 Nisan 2018\u2019de yenilenebilir \u00fcretiminde g\u00f6r\u00fclen rekor seviye<\/em><\/p>\n<p><a href=\"https:\/\/www.dunyaenerji.org.tr\/wp-content\/uploads\/2019\/01\/Q38-1.jpg\"><img loading=\"lazy\" class=\"aligncenter wp-image-11617\" src=\"https:\/\/www.dunyaenerji.org.tr\/wp-content\/uploads\/2019\/01\/Q38-1.jpg\" sizes=\"(max-width: 508px) 100vw, 508px\" srcset=\"https:\/\/www.dunyaenerji.org.tr\/wp-content\/uploads\/2019\/01\/Q38-1.jpg 565w, https:\/\/www.dunyaenerji.org.tr\/wp-content\/uploads\/2019\/01\/Q38-1-300x205.jpg 300w, https:\/\/www.dunyaenerji.org.tr\/wp-content\/uploads\/2019\/01\/Q38-1-110x75.jpg 110w\" alt=\"\" width=\"383\" height=\"260\" \/><\/a><\/p>\n<p>Rekor \u00fcretimin ger\u00e7ekle\u015fti\u011fi \u00f6\u011flen saat 12:00\u2019ye bak\u0131ld\u0131\u011f\u0131nda, kaynak da\u011f\u0131l\u0131m\u0131n\u0131n a\u015fa\u011f\u0131daki gibi oldu\u011fu g\u00f6r\u00fclmektedir.<\/p>\n<p style=\"text-align: center;\"><em>\u015eekil-2. 1 Nisan saat 12:00\u2019de yenilenebilir oran\u0131<\/em><\/p>\n<p><a href=\"https:\/\/www.dunyaenerji.org.tr\/wp-content\/uploads\/2019\/01\/Q38-2.jpg\"><img loading=\"lazy\" class=\"aligncenter size-full wp-image-11616\" src=\"https:\/\/www.dunyaenerji.org.tr\/wp-content\/uploads\/2019\/01\/Q38-2.jpg\" sizes=\"(max-width: 359px) 100vw, 359px\" srcset=\"https:\/\/www.dunyaenerji.org.tr\/wp-content\/uploads\/2019\/01\/Q38-2.jpg 359w, https:\/\/www.dunyaenerji.org.tr\/wp-content\/uploads\/2019\/01\/Q38-2-300x231.jpg 300w\" alt=\"\" width=\"359\" height=\"277\" \/><\/a><\/p>\n<p>1 Nisan 2018 tarihi, t\u00fcm g\u00fcn olarak incelendi\u011finde ise, t\u00fcm g\u00fcnde yenilenebilir enerji oran\u0131n\u0131n %58 oldu\u011fu g\u00f6r\u00fclmektedir.<\/p>\n<p style=\"text-align: center;\"><em>\u015eekil-3. 1 Nisan\u2019da t\u00fcm g\u00fcn boyunca yenilenebilir oran\u0131<\/em><\/p>\n<p><a href=\"https:\/\/www.dunyaenerji.org.tr\/wp-content\/uploads\/2019\/01\/Q38-3.jpg\"><img loading=\"lazy\" class=\"aligncenter size-full wp-image-11615\" src=\"https:\/\/www.dunyaenerji.org.tr\/wp-content\/uploads\/2019\/01\/Q38-3.jpg\" sizes=\"(max-width: 363px) 100vw, 363px\" srcset=\"https:\/\/www.dunyaenerji.org.tr\/wp-content\/uploads\/2019\/01\/Q38-3.jpg 363w, https:\/\/www.dunyaenerji.org.tr\/wp-content\/uploads\/2019\/01\/Q38-3-300x221.jpg 300w\" alt=\"\" width=\"363\" height=\"268\" \/><\/a><\/p>\n<p>1 Nisan tarihinde toplam yenilenebilir enerjiden elektrik \u00fcretiminde, \u00e7ok \u00f6zel bir g\u00fcn ya\u015fanm\u0131\u015fa benziyor. Tabii ki t\u00fcm bu verilerin kesinle\u015fmesi i\u00e7in 6 aya yak\u0131n bir s\u00fcre beklenmesi gerekebilir. Ancak, oranlar\u0131n \u00e7ok de\u011fi\u015fmeyece\u011fi de kabul edilebilir. Yenilenebilir enerjinin y\u00fcksek oran\u0131, d\u00fc\u015f\u00fck talepli bir g\u00fcne (Pazar\u2019a) denk gelmi\u015f olmas\u0131na ra\u011fmen, gece yar\u0131s\u0131 de\u011fil, \u00f6\u011flen vaktinde g\u00f6r\u00fclm\u00fc\u015ft\u00fcr. Bu da bir veri olarak g\u00f6z \u00f6n\u00fcnde tutulmal\u0131d\u0131r&#8230;<\/p>\n<p>Kaynak: <a href=\"https:\/\/www.dunyaenerji.org.tr\/blockchainden-mikrosebekelere-enerjide-devrim-yaratacak-teknolojiler\/\" target=\"_blank\" rel=\"nofollow noopener\">WEC \/ T\u00fcrk Milli Komitesi<\/a><\/p>","protected":false},"excerpt":{"rendered":"<p>Sorry, this entry is only available in Turkish. For the sake of viewer convenience, the content is shown below in the alternative language. You may click the link to switch the active language. T\u00fcrkiye&#8217;nin lisanss\u0131z verilerinin Aral\u0131k&#8217;ta tamamlanmas\u0131yla 2018&#8217;in kaynaklar\u0131n\u0131n daha genel de\u011ferlendirmesini yapma imkan\u0131 da elde edilmektedir. Bunlar\u0131n aras\u0131nda belki de en ilgin\u00e7 olan\u0131 [&hellip;]<\/p>\n","protected":false},"author":1,"featured_media":87168,"comment_status":"open","ping_status":"open","sticky":false,"template":"","format":"standard","meta":[],"categories":[51,53,49,50],"tags":[34979,19638,34980,26353,67,1009,35038,23416,35039,23133,35910,39384,35002,24949,35004,36999,46175,34977,26829,42314],"views":2518,"_links":{"self":[{"href":"https:\/\/www.enerjigazetesi.ist\/en\/wp-json\/wp\/v2\/posts\/87166"}],"collection":[{"href":"https:\/\/www.enerjigazetesi.ist\/en\/wp-json\/wp\/v2\/posts"}],"about":[{"href":"https:\/\/www.enerjigazetesi.ist\/en\/wp-json\/wp\/v2\/types\/post"}],"author":[{"embeddable":true,"href":"https:\/\/www.enerjigazetesi.ist\/en\/wp-json\/wp\/v2\/users\/1"}],"replies":[{"embeddable":true,"href":"https:\/\/www.enerjigazetesi.ist\/en\/wp-json\/wp\/v2\/comments?post=87166"}],"version-history":[{"count":0,"href":"https:\/\/www.enerjigazetesi.ist\/en\/wp-json\/wp\/v2\/posts\/87166\/revisions"}],"wp:featuredmedia":[{"embeddable":true,"href":"https:\/\/www.enerjigazetesi.ist\/en\/wp-json\/wp\/v2\/media\/87168"}],"wp:attachment":[{"href":"https:\/\/www.enerjigazetesi.ist\/en\/wp-json\/wp\/v2\/media?parent=87166"}],"wp:term":[{"taxonomy":"category","embeddable":true,"href":"https:\/\/www.enerjigazetesi.ist\/en\/wp-json\/wp\/v2\/categories?post=87166"},{"taxonomy":"post_tag","embeddable":true,"href":"https:\/\/www.enerjigazetesi.ist\/en\/wp-json\/wp\/v2\/tags?post=87166"}],"curies":[{"name":"wp","href":"https:\/\/api.w.org\/{rel}","templated":true}]}}