{"id":87129,"date":"2019-02-09T17:09:37","date_gmt":"2019-02-09T14:09:37","guid":{"rendered":"https:\/\/www.enerjigazetesi.ist\/?p=87129"},"modified":"2019-02-09T17:12:16","modified_gmt":"2019-02-09T14:12:16","slug":"ck-enerjinin-hayati-aydinlatan-akulu-sandalye-sarj-istasyonlari-17ye-ulasti","status":"publish","type":"post","link":"https:\/\/www.enerjigazetesi.ist\/en\/ck-enerjinin-hayati-aydinlatan-akulu-sandalye-sarj-istasyonlari-17ye-ulasti\/","title":{"rendered":"(Turkish) CK Enerji\u2019nin Ak\u00fcl\u00fc Sandalye \u015earj \u0130stasyonu Say\u0131s\u0131 17\u2019ye Ula\u015ft\u0131"},"content":{"rendered":"<p class=\"qtranxs-available-languages-message qtranxs-available-languages-message-en\">Sorry, this entry is only available in <a href=\"https:\/\/www.enerjigazetesi.ist\/tr\/wp-json\/wp\/v2\/posts\/87129\" class=\"qtranxs-available-language-link qtranxs-available-language-link-tr\" title=\"Turkish\">Turkish<\/a>. For the sake of viewer convenience, the content is shown below in the alternative language. You may click the link to switch the active language.<\/p><p><\/p>\n<h1>CK Enerji\u2019nin \u2018Hayat\u0131 Ayd\u0131nlat\u2019 projesi \u00e7er\u00e7evesinde geli\u015ftirilen ve engellilerin sokakta hayat\u0131n\u0131 kolayla\u015ft\u0131ran ak\u00fcl\u00fc sandalye \u015farj istasyonlar\u0131na her ge\u00e7en g\u00fcn yenileri ekleniyor. \u0130stanbul Avrupa Yakas\u0131\u2019nda 14 olan istasyonlar\u0131n say\u0131s\u0131 Yenikap\u0131, Sanayi Mahallesi ve Ba\u015fak\u015fehir metro duraklar\u0131na kurulanlarla birlikte 17\u2019ye \u00e7\u0131kt\u0131. Hedef y\u0131lsonuna kadar bu say\u0131n\u0131n 25\u2019e ula\u015fmas\u0131.<\/h1>\n<p>CK Enerji\u2019nin \u00e7al\u0131\u015fanlar\u0131n\u0131n deste\u011fi ile 2016 y\u0131l\u0131nda hayata ge\u00e7irdi\u011fi sosyal sorumluluk projesi \u2018Hayat\u0131 Ayd\u0131nlat\u2019 engelli vatanda\u015flar\u0131n sokaktaki \u2018enerjisi\u2019 oldu. \u00c7al\u0131\u015fanlar\u0131n da yer ald\u0131\u011f\u0131 Hayat\u0131 Ayd\u0131nlat konserleri ve sponsorlardan elde edilen gelirle bug\u00fcne kadar \u0130stanbul Avrupa Yakas\u0131\u2019nda say\u0131lar\u0131 14\u2019e ula\u015fan ak\u00fcl\u00fc sandalye \u015farj istasyonlar\u0131na 2019\u2019un ilk ay\u0131nda \u00fc\u00e7 tane daha eklendi. Yenikap\u0131, Sanayi Mahallesi ve Ba\u015fak\u015fehir metro duraklar\u0131nda kurulan yeni istasyonlarla birlikte ak\u00fcl\u00fc sandalye \u015farj <img loading=\"lazy\" class=\"alignleft size-medium wp-image-87132\" src=\"https:\/\/www.enerjigazetesi.ist\/wp-content\/uploads\/2019\/02\/ck-enerjinin-hayati-aydinlatan-akulu-sandalye-sarj-istasyonlari-17ye-ulasti-300x200.jpg\" alt=\"\" width=\"300\" height=\"200\" srcset=\"https:\/\/www.enerjigazetesi.ist\/wp-content\/uploads\/2019\/02\/ck-enerjinin-hayati-aydinlatan-akulu-sandalye-sarj-istasyonlari-17ye-ulasti-300x200.jpg 300w, https:\/\/www.enerjigazetesi.ist\/wp-content\/uploads\/2019\/02\/ck-enerjinin-hayati-aydinlatan-akulu-sandalye-sarj-istasyonlari-17ye-ulasti-500x333.jpg 500w, https:\/\/www.enerjigazetesi.ist\/wp-content\/uploads\/2019\/02\/ck-enerjinin-hayati-aydinlatan-akulu-sandalye-sarj-istasyonlari-17ye-ulasti-75x50.jpg 75w, https:\/\/www.enerjigazetesi.ist\/wp-content\/uploads\/2019\/02\/ck-enerjinin-hayati-aydinlatan-akulu-sandalye-sarj-istasyonlari-17ye-ulasti-450x300.jpg 450w, https:\/\/www.enerjigazetesi.ist\/wp-content\/uploads\/2019\/02\/ck-enerjinin-hayati-aydinlatan-akulu-sandalye-sarj-istasyonlari-17ye-ulasti.jpg 732w\" sizes=\"(max-width: 300px) 100vw, 300px\" \/>istasyonu say\u0131s\u0131 17\u2019ye ula\u015ft\u0131.<\/p>\n<p><strong>122 K\u0130LOMETREL\u0130K HAT KAPSAMA ALANINDA<\/strong><\/p>\n<p>2018 y\u0131l\u0131 sonuna kadar \u0130stanbul Avrupa Yakas\u0131\u2019nda kurulan ak\u00fcl\u00fc sandalye \u015farj istasyonlar\u0131 ile \u0130stanbul\u2019da metro hatt\u0131nda 54 kilometre, metrob\u00fcs hatt\u0131nda da 52 kilometre olmak \u00fczere toplamda 106 kilometre kapsam alt\u0131na al\u0131nm\u0131\u015ft\u0131. Devreye giren 3 yeni istasyonla birlikte engelli vatanda\u015flar\u0131n \u2018enerjisiz\u2019 kalmadan Avrupa Yakas\u0131\u2019nda dola\u015fabilece\u011fi hat uzunlu\u011fu da 122 kilometreye \u00e7\u0131km\u0131\u015f oldu. 2019 y\u0131l\u0131 sonuna kadar metro, metrob\u00fcs ve tramvay hatlar\u0131 \u00fczerinde 25\u2019e ula\u015fmas\u0131 planlanan ak\u00fcl\u00fc sandalye \u015farj istasyonlar\u0131 ile yakla\u015f\u0131k 140 kilometrelik bir g\u00fczergahta engelli vatanda\u015flar, enerji kesintisi sorunu ya\u015famadan ak\u00fcl\u00fc sandalyeleri ile yol alabilecek.<\/p>\n<p><strong>25\u2019\u0130 \u0130STANBUL, 1\u2019\u0130 S\u0130VAS, 2\u2019S\u0130 ANTALYA\u2019DA<\/strong><\/p>\n<p>CK Enerji\u2019nin Hayat\u0131 Ayd\u0131nlat Projesi \u00e7er\u00e7evesinde d\u00fczenlenen \u2018Hayat\u0131 Ayd\u0131nlat Konserleri\u2019nin 7\u2019si \u0130stanbul\u2019da, 1\u2019i de CK Enerji \u00c7aml\u0131bel Elektrik\u2019in ev sahipli\u011finde Sivas\u2019ta yap\u0131ld\u0131. S\u00f6z konusu konserlerden elde edilen gelirin yan\u0131 s\u0131ra sponsor ve yard\u0131mseverlerin deste\u011fi ile kurulan ak\u00fcl\u00fc sandalye \u015farj istasyonlar\u0131na bu y\u0131l 5\u2019i \u0130stanbul Avrupa Yakas\u0131, 1\u2019i Sivas ve 2\u2019si Antalya\u2019da olmak \u00fczere 8 tane daha eklenmi\u015f olacak. B\u00f6ylece CK Enerji\u2019nin 2019 sonuna kadar kurdu\u011fu istasyon say\u0131s\u0131 da bu \u00fc\u00e7 ilde toplam 25\u2019e ula\u015facak.<\/p>","protected":false},"excerpt":{"rendered":"<p>Sorry, this entry is only available in Turkish. For the sake of viewer convenience, the content is shown below in the alternative language. You may click the link to switch the active language. CK Enerji\u2019nin \u2018Hayat\u0131 Ayd\u0131nlat\u2019 projesi \u00e7er\u00e7evesinde geli\u015ftirilen ve engellilerin sokakta hayat\u0131n\u0131 kolayla\u015ft\u0131ran ak\u00fcl\u00fc sandalye \u015farj istasyonlar\u0131na her ge\u00e7en g\u00fcn yenileri ekleniyor. \u0130stanbul [&hellip;]<\/p>\n","protected":false},"author":1,"featured_media":87132,"comment_status":"open","ping_status":"open","sticky":false,"template":"","format":"standard","meta":[],"categories":[51,53],"tags":[46143,5201,32177,46144,34979,19638,34980,26353,67,1009,46145,1967,46142,2437],"views":975,"_links":{"self":[{"href":"https:\/\/www.enerjigazetesi.ist\/en\/wp-json\/wp\/v2\/posts\/87129"}],"collection":[{"href":"https:\/\/www.enerjigazetesi.ist\/en\/wp-json\/wp\/v2\/posts"}],"about":[{"href":"https:\/\/www.enerjigazetesi.ist\/en\/wp-json\/wp\/v2\/types\/post"}],"author":[{"embeddable":true,"href":"https:\/\/www.enerjigazetesi.ist\/en\/wp-json\/wp\/v2\/users\/1"}],"replies":[{"embeddable":true,"href":"https:\/\/www.enerjigazetesi.ist\/en\/wp-json\/wp\/v2\/comments?post=87129"}],"version-history":[{"count":0,"href":"https:\/\/www.enerjigazetesi.ist\/en\/wp-json\/wp\/v2\/posts\/87129\/revisions"}],"wp:featuredmedia":[{"embeddable":true,"href":"https:\/\/www.enerjigazetesi.ist\/en\/wp-json\/wp\/v2\/media\/87132"}],"wp:attachment":[{"href":"https:\/\/www.enerjigazetesi.ist\/en\/wp-json\/wp\/v2\/media?parent=87129"}],"wp:term":[{"taxonomy":"category","embeddable":true,"href":"https:\/\/www.enerjigazetesi.ist\/en\/wp-json\/wp\/v2\/categories?post=87129"},{"taxonomy":"post_tag","embeddable":true,"href":"https:\/\/www.enerjigazetesi.ist\/en\/wp-json\/wp\/v2\/tags?post=87129"}],"curies":[{"name":"wp","href":"https:\/\/api.w.org\/{rel}","templated":true}]}}