{"id":87066,"date":"2019-02-08T23:10:21","date_gmt":"2019-02-08T20:10:21","guid":{"rendered":"https:\/\/www.enerjigazetesi.ist\/?p=87066"},"modified":"2019-02-08T23:11:46","modified_gmt":"2019-02-08T20:11:46","slug":"aksa-yonetiminde-gorev-degisikligi-gerceklesti","status":"publish","type":"post","link":"https:\/\/www.enerjigazetesi.ist\/en\/aksa-yonetiminde-gorev-degisikligi-gerceklesti\/","title":{"rendered":"(Turkish) Aksa Y\u00f6netiminde G\u00f6rev De\u011fi\u015fikli\u011fi Ger\u00e7ekle\u015fti"},"content":{"rendered":"<p class=\"qtranxs-available-languages-message qtranxs-available-languages-message-en\">Sorry, this entry is only available in <a href=\"https:\/\/www.enerjigazetesi.ist\/tr\/wp-json\/wp\/v2\/posts\/87066\" class=\"qtranxs-available-language-link qtranxs-available-language-link-tr\" title=\"Turkish\">Turkish<\/a>. For the sake of viewer convenience, the content is shown below in the alternative language. You may click the link to switch the active language.<\/p><p><\/p>\n<h1>Aksa \u00c7ukurova Do\u011fal Gaz Da\u011f\u0131t\u0131m A.\u015e. B\u00f6lge M\u00fcd\u00fcr\u00fc G\u00fcng\u00f6r Ate\u015f, Aksa Malatya Do\u011falgaz Da\u011f\u0131t\u0131m A.\u015e. \u015eirket M\u00fcd\u00fcrl\u00fc\u011f\u00fc g\u00f6revine atand\u0131. 2008 &#8211; 2019 y\u0131llar\u0131 aras\u0131nda Aksa \u00c7ukurova Do\u011fal Gaz Da\u011f\u0131t\u0131m A.\u015e.\u2019de B\u00f6lge M\u00fcd\u00fcr\u00fc olarak g\u00f6rev yapan G\u00fcng\u00f6r Ate\u015f, 2019 y\u0131l\u0131 itibar\u0131yla Aksa Malatya Do\u011fal Gaz Da\u011f\u0131t\u0131m A.\u015e \u015eirket M\u00fcd\u00fcr\u00fc olarak g\u00f6rev yapacak.<\/h1>\n<p><img loading=\"lazy\" class=\"alignleft size-medium wp-image-87068\" src=\"https:\/\/www.enerjigazetesi.ist\/wp-content\/uploads\/2019\/02\/aksa-yonetiminde-gorev-degisikligi-gerceklesti-300x200.jpg\" alt=\"\" width=\"300\" height=\"200\" srcset=\"https:\/\/www.enerjigazetesi.ist\/wp-content\/uploads\/2019\/02\/aksa-yonetiminde-gorev-degisikligi-gerceklesti.jpg 300w, https:\/\/www.enerjigazetesi.ist\/wp-content\/uploads\/2019\/02\/aksa-yonetiminde-gorev-degisikligi-gerceklesti-75x50.jpg 75w\" sizes=\"(max-width: 300px) 100vw, 300px\" \/>Y\u0131ld\u0131z Teknik \u00dcniversitesi Elektrik M\u00fchendisli\u011fi mezunu olan G\u00fcng\u00f6r Ate\u015f, profesyonel i\u015f hayat\u0131na 1990 y\u0131l\u0131nda \u0130lkel Pano firmas\u0131nda Fabrika M\u00fcd\u00fcr\u00fc olarak ba\u015flad\u0131. Ate\u015f, \u0130GDA\u015e\u2019ta s\u0131ras\u0131yla Saha \u015eefi, Mukavele Kesin Hesap Sorumlusu ve Saha \u015eefi g\u00f6revlerinde \u00e7al\u0131\u015fm\u0131\u015ft\u0131r. 2004 y\u0131l\u0131nda kat\u0131ld\u0131\u011f\u0131 Aksa Band\u0131rma Do\u011falgaz Da\u011f\u0131t\u0131m A.\u015e.\u2019de B\u00f6lge M\u00fcd\u00fcr\u00fc olarak g\u00f6rev yapan Ate\u015f, bu g\u00f6revini y\u00fcr\u00fct\u00fcrken ilave olarak 2005 &#8211; 2006 y\u0131llar\u0131 aras\u0131nda Aksa Bal\u0131kesir Do\u011falgaz Da\u011f\u0131t\u0131m A.\u015e.\u2019de Vekaleten B\u00f6lge M\u00fcd\u00fcr\u00fc, 2006 &#8211; 2008 y\u0131llar\u0131 aras\u0131nda Aksa Mustafakemalpa\u015fa, Susurluk, Karacabey Do\u011falgaz Da\u011f\u0131t\u0131m A.\u015e.\u2019de B\u00f6lge M\u00fcd\u00fcr\u00fc olarak g\u00f6rev yapm\u0131\u015ft\u0131r.<\/p>\n<p>2008 y\u0131l\u0131nda Aksa \u00c7ukurova Do\u011fal Gaz Da\u011f\u0131t\u0131m A.\u015e.\u2019de B\u00f6lge M\u00fcd\u00fcr\u00fc g\u00f6revine ba\u015flayan Ate\u015f, bu g\u00f6revini y\u00fcr\u00fct\u00fcrken 2008 &#8211; 2009 y\u0131llar\u0131 aras\u0131nda Aksa Bilecik Bolu Do\u011falgaz Da\u011f\u0131t\u0131m A.\u015e.\u2019de Vekaleten B\u00f6lge M\u00fcd\u00fcr\u00fc olarak \u00e7al\u0131\u015ft\u0131.<\/p>","protected":false},"excerpt":{"rendered":"<p>Sorry, this entry is only available in Turkish. For the sake of viewer convenience, the content is shown below in the alternative language. You may click the link to switch the active language. Aksa \u00c7ukurova Do\u011fal Gaz Da\u011f\u0131t\u0131m A.\u015e. B\u00f6lge M\u00fcd\u00fcr\u00fc G\u00fcng\u00f6r Ate\u015f, Aksa Malatya Do\u011falgaz Da\u011f\u0131t\u0131m A.\u015e. \u015eirket M\u00fcd\u00fcrl\u00fc\u011f\u00fc g\u00f6revine atand\u0131. 2008 &#8211; 2019 [&hellip;]<\/p>\n","protected":false},"author":1,"featured_media":87068,"comment_status":"open","ping_status":"open","sticky":false,"template":"","format":"standard","meta":[],"categories":[46,53],"tags":[46097,4781,1128,19761,34929,23219,67,1009,46096,46098],"views":792,"_links":{"self":[{"href":"https:\/\/www.enerjigazetesi.ist\/en\/wp-json\/wp\/v2\/posts\/87066"}],"collection":[{"href":"https:\/\/www.enerjigazetesi.ist\/en\/wp-json\/wp\/v2\/posts"}],"about":[{"href":"https:\/\/www.enerjigazetesi.ist\/en\/wp-json\/wp\/v2\/types\/post"}],"author":[{"embeddable":true,"href":"https:\/\/www.enerjigazetesi.ist\/en\/wp-json\/wp\/v2\/users\/1"}],"replies":[{"embeddable":true,"href":"https:\/\/www.enerjigazetesi.ist\/en\/wp-json\/wp\/v2\/comments?post=87066"}],"version-history":[{"count":0,"href":"https:\/\/www.enerjigazetesi.ist\/en\/wp-json\/wp\/v2\/posts\/87066\/revisions"}],"wp:featuredmedia":[{"embeddable":true,"href":"https:\/\/www.enerjigazetesi.ist\/en\/wp-json\/wp\/v2\/media\/87068"}],"wp:attachment":[{"href":"https:\/\/www.enerjigazetesi.ist\/en\/wp-json\/wp\/v2\/media?parent=87066"}],"wp:term":[{"taxonomy":"category","embeddable":true,"href":"https:\/\/www.enerjigazetesi.ist\/en\/wp-json\/wp\/v2\/categories?post=87066"},{"taxonomy":"post_tag","embeddable":true,"href":"https:\/\/www.enerjigazetesi.ist\/en\/wp-json\/wp\/v2\/tags?post=87066"}],"curies":[{"name":"wp","href":"https:\/\/api.w.org\/{rel}","templated":true}]}}